{"id":372575,"date":"2022-07-30T19:47:19","date_gmt":"2022-07-30T23:47:19","guid":{"rendered":"http:\/\/diariodominicano.com\/?p=372575"},"modified":"2022-07-30T19:47:19","modified_gmt":"2022-07-30T23:47:19","slug":"sentida-marcha-reedita-en-santiago-de-cuba-despedida-a-frank-pais","status":"publish","type":"post","link":"https:\/\/diariodominicano.com\/?p=372575","title":{"rendered":"Sentida marcha reedita en Santiago de Cuba despedida a Frank Pa\u00eds"},"content":{"rendered":"\n<p>Santiago de Cuba, 30 jul (Prensa Latina) Cientos de santiagueros marcharon hoy en recordaci\u00f3n de Frank Pa\u00eds y la peregrinaci\u00f3n popular que desbord\u00f3 entonces las calles de la ciudad en homenaje al querido combatiente y rechazo a los esbirros que lo asesinaron.&nbsp;&nbsp;&nbsp;&nbsp;<\/p>\n\n\n\n<ul class=\"wp-block-list\"><li>julio 30, 2022<\/li><li>CDT19:18 (GMT) -0400<\/li><\/ul>\n\n\n\n<p>Desde el c\u00e9ntrico parque C\u00e9spedes y a lo largo de varias arterias, se fundieron distintas generaciones en un haz que evoc\u00f3 aquellos minutos trascendentes que hace 65 a\u00f1os tuvieron su cl\u00edmax en el cementerio de Santa Ifigenia, adonde fue llevado el cuerpo sin vida del joven clandestino.<\/p>\n\n\n\n<p>Como ocurri\u00f3 en aquella tarde de martes, ante la muchedumbre que pasaba, con enormes banderas cubanas, desde los balcones aleda\u00f1os flamearon tambi\u00e9n esas ense\u00f1as sobre las cuales cayeron p\u00e9talos de rosas.<\/p>\n\n\n\n<p>Durante este D\u00eda de los M\u00e1rtires, en tributo a Frank y a su compa\u00f1ero Ra\u00fal Pujol, igualmente abatido aquel d\u00eda, y al jefe guerrillero Ren\u00e9 Ramos Latour (Daniel) que un a\u00f1o despu\u00e9s fue ultimado por el ej\u00e9rcito de Fulgencio Batista, fueron diversas las muestras de rememoraci\u00f3n y vigencia.<\/p>\n\n\n\n<p>Sitios como el Callej\u00f3n del Muro y la Placita de los M\u00e1rtires fueron \u00e1mbitos propicios para esos gestos, al igual que lo fue la tumba en la necr\u00f3polis patrimonial, donde fueron colocadas flores frescas en nombre del General de Ej\u00e9rcito Ra\u00fal Castro y del presidente, Miguel D\u00edaz-Canel.<\/p>\n\n\n\n<p>En el Museo de la Clandestinidad, antigua estaci\u00f3n de polic\u00eda que fuera epicentro del levantamiento armado de la ciudad el 30 de noviembre de 1956 bajo el liderazgo de Frank, fue abierta una exposici\u00f3n de fotograf\u00edas desde las cuales se palpan \u00e1ngulos nuevos en la iconograf\u00eda del h\u00e9roe.<\/p>\n\n\n\n<p>Como siempre para esta fecha, la ciudad ha vuelto a vibrar con el recuerdo de sus hijos, cuyas vidas fueron segadas en plenitud en una lucha cruenta contra la dictadura y por zafar las cadenas del sometimiento y la dependencia neocolonial en una rep\u00fablica mutilada por la injerencia estadounidense.<\/p>\n\n\n\n<p>jha\/mca<\/p>\n","protected":false},"excerpt":{"rendered":"<p>Santiago de Cuba, 30 jul (Prensa Latina) Cientos de santiagueros marcharon hoy en recordaci\u00f3n de Frank Pa\u00eds y la peregrinaci\u00f3n popular que desbord\u00f3 entonces las calles de la ciudad en homenaje al querido combatiente y rechazo a los esbirros que lo asesinaron.&nbsp;&nbsp;&nbsp;&nbsp; julio 30, 2022 CDT19:18 (GMT) -0400 Desde el c\u00e9ntrico parque C\u00e9spedes y a [&hellip;]<\/p>\n","protected":false},"author":28,"featured_media":372576,"comment_status":"closed","ping_status":"","sticky":false,"template":"","format":"standard","meta":{"footnotes":""},"categories":[26,23],"tags":[],"class_list":["post-372575","post","type-post","status-publish","format-standard","has-post-thumbnail","hentry","category-efemerides","category-internacional"],"_links":{"self":[{"href":"https:\/\/diariodominicano.com\/index.php?rest_route=\/wp\/v2\/posts\/372575","targetHints":{"allow":["GET"]}}],"collection":[{"href":"https:\/\/diariodominicano.com\/index.php?rest_route=\/wp\/v2\/posts"}],"about":[{"href":"https:\/\/diariodominicano.com\/index.php?rest_route=\/wp\/v2\/types\/post"}],"author":[{"embeddable":true,"href":"https:\/\/diariodominicano.com\/index.php?rest_route=\/wp\/v2\/users\/28"}],"replies":[{"embeddable":true,"href":"https:\/\/diariodominicano.com\/index.php?rest_route=%2Fwp%2Fv2%2Fcomments&post=372575"}],"version-history":[{"count":1,"href":"https:\/\/diariodominicano.com\/index.php?rest_route=\/wp\/v2\/posts\/372575\/revisions"}],"predecessor-version":[{"id":372578,"href":"https:\/\/diariodominicano.com\/index.php?rest_route=\/wp\/v2\/posts\/372575\/revisions\/372578"}],"wp:featuredmedia":[{"embeddable":true,"href":"https:\/\/diariodominicano.com\/index.php?rest_route=\/wp\/v2\/media\/372576"}],"wp:attachment":[{"href":"https:\/\/diariodominicano.com\/index.php?rest_route=%2Fwp%2Fv2%2Fmedia&parent=372575"}],"wp:term":[{"taxonomy":"category","embeddable":true,"href":"https:\/\/diariodominicano.com\/index.php?rest_route=%2Fwp%2Fv2%2Fcategories&post=372575"},{"taxonomy":"post_tag","embeddable":true,"href":"https:\/\/diariodominicano.com\/index.php?rest_route=%2Fwp%2Fv2%2Ftags&post=372575"}],"curies":[{"name":"wp","href":"https:\/\/api.w.org\/{rel}","templated":true}]}}