{"id":37256,"date":"2007-05-12T07:13:59","date_gmt":"2007-05-12T07:13:59","guid":{"rendered":"http:\/\/diariodominicano.ddns.net\/?p=37256"},"modified":"2007-05-12T07:13:59","modified_gmt":"2007-05-12T07:13:59","slug":"michael-moore-la-proxima-victima-del-bloqueo","status":"publish","type":"post","link":"https:\/\/diariodominicano.com\/?p=37256","title":{"rendered":"Michael Moore, \u00bfla pr\u00f3xima v\u00edctima del bloqueo?"},"content":{"rendered":"<p><body><\/p>\n<style type=\"text\/css\"><![CDATA[\n<!--\n.Estilo3 {font-style: italic}\n.Estilo4 {\n\tcolor: #000099;\n\tfont-weight: bold;\n}\n-->\n]]><\/style>\n<p>&#13;<\/p>\n<p><span class=\"titulogrande\"><strong>Michael Moore,<\/strong><\/span><strong class=\"titulogrande1\"> \u00bfla pr\u00f3xima v\u00edctima del bloqueo?<\/strong> <br \/>&#13;<br \/>\n  <br \/>&#13;<br \/>\n    <span class=\"Estilo3\"><strong>PEDRO DE LA HOZ<\/strong><strong> <\/strong><\/span><\/p>\n<p>&#13;<\/p>\n<p align=\"justify\"><span class=\"text1noticias\">La  pregunta que encabeza esta nota tiene una respuesta afirmativa: Michael Moore,  el notable cineasta estadounidense, puede convertirse en una v\u00edctima del  bloqueo que los gobernantes de su pa\u00eds han impuesto contra Cuba, una acci\u00f3n  criminal que ha costado vidas y graves perjuicios a los habitantes de la Isla y que en el campo de la  cultura se ha ensa\u00f1ado m\u00e1s de una vez con los propios ciudadanos  norteamericanos. <br \/>&#13;<br \/>\n  <br \/>&#13;<br \/>\n  El  realizador enfrenta una investigaci\u00f3n del Departamento del Tesoro de Estados  Unidos por una posible violaci\u00f3n del bloqueo comercial que Washington aplica  contra la Isla  desde hace nueve lustros. Moore vol\u00f3 el pasado marzo a La Habana junto a una decena  de trabajadores de los servicios de emergencia que participaron en las labores  de rescate en las Torres Gemelas tras los atentados terroristas del 11 de  septiembre y recibieron atenci\u00f3n m\u00e9dica en la Isla. <br \/>&#13;<br \/>\n  <br \/>&#13;<br \/>\n  El viaje form\u00f3  parte del rodaje del documental <strong>Sicko<\/strong>, acerba cr\u00edtica al sistema de  salud de EE.UU., que tendr\u00e1 su estreno mundial el pr\u00f3ximo d\u00eda 19 en el c\u00e9lebre  Festival de Cannes. <br \/>&#13;<br \/>\n  <br \/>&#13;<br \/>\n  En  una carta oficial dirigida a Moore, la Oficina de Control de Activos Extranjeros (OFAC)  advierte que sus efectivos \u00abest\u00e1n manejando una investigaci\u00f3n civil por  posibles transacciones no autorizadas en torno a su alegado viaje a Cuba\u00bb,  y exige que Moore aporte informaci\u00f3n sobre fechas de salida y entrada a la Isla, si utiliz\u00f3 un tercer  pa\u00eds, la descripci\u00f3n de su itinerario dentro de Cuba, constancia de los pagos  por alimentaci\u00f3n, hospedaje y servicios y hasta pruebas de su pertenencia a  alguna empresa period\u00edstica. Y luego, antes de la firma de Dale Thompson,  investido con el cargo de Jefe de Investigaciones Generales y Operaciones de  Campo de la OFAC,  la amenaza: \u00abUsted debe saber que no responder a esta carta implica la  aplicaci\u00f3n de sanciones civiles por la   OFAC\u00bb. <br \/>&#13;<br \/>\n  <br \/>&#13;<br \/>\n  Cualquier  parecido con el macarthysmo no es pura coincidencia, sino la confirmaci\u00f3n de la  filosof\u00eda imperial de la censura. <br \/>&#13;<br \/>\n  <br \/>&#13;<br \/>\n  Ayer,  la productora de la pel\u00edcula, Meghan O&#8217; Hara, respondi\u00f3 desde la p\u00e1gina web del  cineasta: \u00abLos esfuerzos del Gobierno de Bush para dirigir una  investigaci\u00f3n pol\u00edticamente motivada contra Michael Moore y <strong>Sicko<\/strong> no nos  detendr\u00e1n a la hora de asegurarnos de que el pueblo estadounidense vea la  pel\u00edcula\u00bb. La O&#8217; Hara  recuerda que los acompa\u00f1antes de Moore en su viaje a Cuba se cuentan entre  \u00ablos muchos h\u00e9roes que sufren problemas de salud y que no han recibido las  atenciones que necesitan y merecen. El presidente Bush y su administraci\u00f3n  deber\u00edan emplear su tiempo tratando de ayudar a esos h\u00e9roes a recuperar su  salud, en lugar de amenazar con un proceso legal a favor de su agenda  pol\u00edtica\u00bb. <br \/>&#13;<br \/>\n  <\/span><strong><br \/>&#13;<br \/>\n  <span class=\"Estilo4\">pedro.hg@granma.cip.cu <\/span><\/strong> <\/p>\n<p>&#13;<\/p>\n<h6> 2007-05-12 07:13:59 <\/h6>\n<p><!--\n<link rel=\"stylesheet\" href=\"css\/bootstrap.min.css\">\n\n\n<ul class=\"pagination\">\n\t    \n\t\n\n<li >\n\t<a href='?page_no=13036'>Previous<\/a>\n\t<\/li>\n\n\n       \n    \n\n<li><a href='?page_no=1'>1<\/a><\/li>\n\n\n\n<li><a href='?page_no=2'>2<\/a><\/li>\n\n\n\n<li><a>...<\/a><\/li>\n\n\n\n<li><a href='?page_no=13035'>13035<\/a><\/li>\n\n\n\n<li><a href='?page_no=13036'>13036<\/a><\/li>\n\n\n\n<li class='active'><a>13037<\/a><\/li>\n\n\n\n<li><a href='?page_no=13038'>13038<\/a><\/li>\n\n\n\n<li><a href='?page_no=13039'>13039<\/a><\/li>\n\n\n\n<li><a>...<\/a><\/li>\n\n\n\n<li><a href='?page_no=13611'>13611<\/a><\/li>\n\n\n\n<li><a href='?page_no=13612'>13612<\/a><\/li>\n\n    \n\t\n\n<li >\n\t<a href='?page_no=13038'>Next<\/a>\n\t<\/li>\n\n\n    \n\n<li><a href='?page_no=13612'>Last &rsaquo;&rsaquo;<\/a><\/li>\n\n<\/ul>\n\n\n--><br \/>\n<\/body><\/p>\n","protected":false},"excerpt":{"rendered":"<p>&#13; Michael Moore, \u00bfla pr\u00f3xima v\u00edctima del bloqueo? &#13; &#13; PEDRO DE LA HOZ &#13; La pregunta que encabeza esta nota tiene una respuesta afirmativa: Michael Moore, el notable cineasta estadounidense, puede convertirse en una v\u00edctima del bloqueo que los gobernantes de su pa\u00eds han impuesto contra Cuba, una acci\u00f3n criminal que ha costado vidas [&hellip;]<\/p>\n","protected":false},"author":3,"featured_media":0,"comment_status":"open","ping_status":"open","sticky":false,"template":"","format":"standard","meta":{"footnotes":""},"categories":[16],"tags":[],"class_list":["post-37256","post","type-post","status-publish","format-standard","hentry","category-opiniones"],"_links":{"self":[{"href":"https:\/\/diariodominicano.com\/index.php?rest_route=\/wp\/v2\/posts\/37256","targetHints":{"allow":["GET"]}}],"collection":[{"href":"https:\/\/diariodominicano.com\/index.php?rest_route=\/wp\/v2\/posts"}],"about":[{"href":"https:\/\/diariodominicano.com\/index.php?rest_route=\/wp\/v2\/types\/post"}],"author":[{"embeddable":true,"href":"https:\/\/diariodominicano.com\/index.php?rest_route=\/wp\/v2\/users\/3"}],"replies":[{"embeddable":true,"href":"https:\/\/diariodominicano.com\/index.php?rest_route=%2Fwp%2Fv2%2Fcomments&post=37256"}],"version-history":[{"count":0,"href":"https:\/\/diariodominicano.com\/index.php?rest_route=\/wp\/v2\/posts\/37256\/revisions"}],"wp:attachment":[{"href":"https:\/\/diariodominicano.com\/index.php?rest_route=%2Fwp%2Fv2%2Fmedia&parent=37256"}],"wp:term":[{"taxonomy":"category","embeddable":true,"href":"https:\/\/diariodominicano.com\/index.php?rest_route=%2Fwp%2Fv2%2Fcategories&post=37256"},{"taxonomy":"post_tag","embeddable":true,"href":"https:\/\/diariodominicano.com\/index.php?rest_route=%2Fwp%2Fv2%2Ftags&post=37256"}],"curies":[{"name":"wp","href":"https:\/\/api.w.org\/{rel}","templated":true}]}}