{"id":37253,"date":"2007-05-15T07:13:45","date_gmt":"2007-05-15T07:13:45","guid":{"rendered":"http:\/\/diariodominicano.ddns.net\/?p=37253"},"modified":"2007-05-15T07:13:45","modified_gmt":"2007-05-15T07:13:45","slug":"las-principales-en-teledebate-85","status":"publish","type":"post","link":"https:\/\/diariodominicano.com\/?p=37253","title":{"rendered":"LAS PRINCIPALES EN TELEDEBATE"},"content":{"rendered":"<p><body><\/p>\n<p><span class=\"titulogrande1\">LAS PRINCIPALES EN TELEDEBATE<\/span><br \/>&#13;<br \/>\n  <br \/>&#13;<br \/>\n    <span class=\"textogrande\">Jueves<\/span>  <span class=\"textopq1\"><strong>10,05,07<\/strong><\/span><\/p>\n<p>&#13;<\/p>\n<p align=\"justify\"><strong>ESTRELLA VIENE CON DURO.<\/strong> <span class=\"text1noticias\">El precandidato presidencial  reformista, Eduardo Estrella, rechaz\u00f2 la propuesta de una cumbre de los  partidos pol\u00edticos y sectores de la sociedad civil para discutir los  principales problemas que aquejan al pa\u00ecs.\u00a0  Seg\u00f9n el pol\u00edtico santiaguero, la experiencia de anteriores encuentros  con esos mismos fines demuestra que son una p\u00e8rdida de tiempo.\u00a0 Todo parece indicar que Estrella viene con  duro para la pr\u00f3xima campa\u00f1a electoral.<\/span><\/p>\n<p>&#13;<\/p>\n<p align=\"justify\"><strong>DE ACUERDO CON EL CARDENAL.<\/strong> <span class=\"text1noticias\">El  Presidente de la   C\u00e0mara Administrativa de la JCE, Roberto Rosario, como el del PRSC, Federico  Ant\u00f9n Battle, apoyan las declaraciones del Cardenal L\u00f2pez Rodr\u00edguez a fin de  que se ponga un tope a la duraci\u00f3n de la campa\u00f1a electoral as\u00ec como a los  fondos que se destinan a financiar la misma.<\/span><\/p>\n<p>&#13;<\/p>\n<p align=\"justify\"><strong>EN DESACUERDO CON EL PROPIO  CARDENAL.\u00a0<\/strong> <span class=\"text1noticias\">En cambio, tanto Rosario como  Ant\u00f9n Battle, se oponen a dejar sin efecto la ley de financiaci\u00f2n de los  partidos pol\u00edticos, que fue otra de las propuestas del prelado cat\u00f3lico.\u00a0 Son crecientes las cr\u00ecticas a dicha  legislaci\u00f3n que succiona cada a\u00f1o cientos de millones de pesos del Presupuesto  Nacional para las actividades proselitistas.<\/span><\/p>\n<p>&#13;<\/p>\n<p align=\"justify\"><strong>DE MANOGUAYABO A NAJAYO.\u00a0 <\/strong><span class=\"text1noticias\">Un juez de instrucci\u00f3n dispuso el env\u00eco a  Najayo por un a\u00f1o como medida de coerci\u00f2n contra los tres ex oficiales  policiales acusados de dar muerte a igual n\u00f9mero de j\u00f3venes, cuyos cuerpos  aparecieron acribillados a balazos en el vertedero de Duquesa en d\u00ecas  recientes.\u00a0 Los 3 ex oficiales se fueron  por sus pies del Campamento de Operaciones Especiales del cuerpo uniformado en  Manoguayabo donde supuestamente estaban en prisi\u00f3n preventiva.<\/span><\/p>\n<p>&#13;<\/p>\n<p align=\"justify\"><strong>UN CASO MUY MAL MANEJADO.\u00a0<\/strong><span class=\"text1noticias\"> Los fugitivos reaparecieron en la ma\u00f1ana de  ayer en Color Visi\u00f2n, dos d\u00ecas despu\u00e8s de haber abandonado esa instalaci\u00f3n,  para comparecer en el programa de C\u00e8sar Medina donde hicieron protestas de su  inocencia.\u00a0 No explicaron por cu\u00e0l raz\u00f3n  desaparecieron durante esos dos d\u00ecas.\u00a0  Las apariencias indican que este caso fue muy mal manejado por la Polic\u00eca Nacional  que ahora deja m\u00e0s interrogantes sin respuesta que antes.<\/span><\/p>\n<p>&#13;<\/p>\n<p align=\"justify\"><strong>NUEVA PLANTA DE GAS.\u00a0<\/strong> <span class=\"text1noticias\">Con la presencia del Presidente Leonel  Fern\u00e1ndez fue inaugurada ayer una planta de compresi\u00f3n y distribuci\u00f3n de gas  natural de capital privado. La inversi\u00f2n es del orden de 10 millones de  d\u00f3lares.\u00a0 El presidente de la nueva  empresa, ingeniero Ricardo Canalda, dijo que la proyecci\u00f3n es lograr la  conversi\u00f3n a ese tipo de combustible de unos ciento cuarenta mil veh\u00edculos en  un plazo de tres a\u00f1os.<\/span><\/p>\n<p>&#13;<\/p>\n<p align=\"justify\"><strong>FELICITACIONES A DIARIO  LIBRE.<\/strong>\u00a0 <span class=\"text1noticias\">Hoy est\u00e0 celebrando su sexto  aniversario el popular matutino Diario Libre.\u00a0  Primer peri\u00f3dico que se distribuye gratuitamente en todo el pa\u00ecs, su  aparici\u00f3n revolucion\u00f2 el mercado de la prensa escrita para convertirse en el de  mayor circulaci\u00f3n.\u00a0 Desde TELEDEBATE  nuestra m\u00e0s efusiva felicitaci\u00f2n a su director Adriano Miguel Tejada, la  subdirectora In\u00e9s Aizp\u00f9n y todo el resto de su valioso equipo profesional y  administrativo.<\/span><\/p>\n<p>&#13;<\/p>\n<p align=\"justify\"><strong>EL PAPA EN BRASIL.<\/strong> <span class=\"text1noticias\">Una masiva y  entusiasta multitud integrada por cat\u00f3licos brasile\u00f1os y de otras latitudes  aclam\u00f2 al Papa Benedicto XVI a su llegada a Sao Paulo donde fue recibido\u00a0 por el presidente carioca Luis Inacio Lula da  Silva, en compa\u00f1\u00eca de su esposa y de los m\u00e0s altos dignatarios  eclesi\u00e1sticos.\u00a0 Brasil es el pa\u00ecs de  Am\u00e9rica Latina donde existe una mayor cantidad de seguidores de la Iglesia Cat\u00f3lica.<\/span><\/p>\n<p>&#13;<\/p>\n<p align=\"justify\"><strong>CONTRA EL ABORTO Y LA EUTANASIA.<\/strong> <span class=\"text1noticias\">Este es  el primer viaje que desde su ascenso a la Silla de San Pedro realiza el actual Pont\u00edfice a la Am\u00e9rica Latina.\u00a0 Considerado un fiel representante de la m\u00e0s  rancia ortodoxia cat\u00f3lica, Benedicto XVI aprovech\u00f2 su primer mensaje para  reiterar la posici\u00f3n de la   Iglesia en contra del aborto y la eutanasia.<\/span><\/p>\n<p>&#13;<\/p>\n<p align=\"justify\"><strong>IGLESIAS COMO REFUGIOS.<\/strong>\u00a0 <span class=\"text1noticias\">En tanto los legisladores dem\u00f3cratas en los  Estados Unidos tratan de agilizar la discusi\u00f2n y aprobaci\u00f3n de una nueva ley  que permita la regularizaci\u00f2n de unos doce millones de inmigrantes ilegales  antes de que se venza la actual legislatura, varias iglesias anunciaron que  abrir\u00e1n sus puertas para servir de refugio a los indocumentados a fin de  impedir que puedan ser deportados.<\/span><\/p>\n<p>&#13;<\/p>\n<p align=\"justify\"><span class=\"titulogrande\">DAJABON:<\/span> <strong>EFECTOS DEL  TORNADO<\/strong>.\u00a0<span class=\"text1noticias\"> Se estima que el tornado que  derrib\u00f2 numerosos \u00e1rboles y caus\u00f2 da\u00f1os a cientos de viviendas en Dajab\u00f2n dej\u00f2  p\u00e8rdidas materiales estimadas en ciento cincuenta millones de pesos. Aunque no  se ha reportado ninguna baja, s\u00ec de varios lesionados, la mitad de ellos  militares en labores de auxilio.\u00a0  Numerosas familias han quedado damnificadas. Es de significar la pronta  movilizaci\u00f3n de organismos oficiales en la prestaci\u00f3n de ayuda.<\/span><\/p>\n<p>&#13;<\/p>\n<h6> 2007-05-15 07:13:45 <\/h6>\n<p><!--\n<link rel=\"stylesheet\" href=\"css\/bootstrap.min.css\">\n\n\n<ul class=\"pagination\">\n\t    \n\t\n\n<li >\n\t<a href='?page_no=13033'>Previous<\/a>\n\t<\/li>\n\n\n       \n    \n\n<li><a href='?page_no=1'>1<\/a><\/li>\n\n\n\n<li><a href='?page_no=2'>2<\/a><\/li>\n\n\n\n<li><a>...<\/a><\/li>\n\n\n\n<li><a href='?page_no=13032'>13032<\/a><\/li>\n\n\n\n<li><a href='?page_no=13033'>13033<\/a><\/li>\n\n\n\n<li class='active'><a>13034<\/a><\/li>\n\n\n\n<li><a href='?page_no=13035'>13035<\/a><\/li>\n\n\n\n<li><a href='?page_no=13036'>13036<\/a><\/li>\n\n\n\n<li><a>...<\/a><\/li>\n\n\n\n<li><a href='?page_no=13611'>13611<\/a><\/li>\n\n\n\n<li><a href='?page_no=13612'>13612<\/a><\/li>\n\n    \n\t\n\n<li >\n\t<a href='?page_no=13035'>Next<\/a>\n\t<\/li>\n\n\n    \n\n<li><a href='?page_no=13612'>Last &rsaquo;&rsaquo;<\/a><\/li>\n\n<\/ul>\n\n\n--><br \/>\n<\/body><\/p>\n","protected":false},"excerpt":{"rendered":"<p>LAS PRINCIPALES EN TELEDEBATE&#13; &#13; Jueves 10,05,07 &#13; ESTRELLA VIENE CON DURO. El precandidato presidencial reformista, Eduardo Estrella, rechaz\u00f2 la propuesta de una cumbre de los partidos pol\u00edticos y sectores de la sociedad civil para discutir los principales problemas que aquejan al pa\u00ecs.\u00a0 Seg\u00f9n el pol\u00edtico santiaguero, la experiencia de anteriores encuentros con esos mismos [&hellip;]<\/p>\n","protected":false},"author":3,"featured_media":0,"comment_status":"open","ping_status":"open","sticky":false,"template":"","format":"standard","meta":{"footnotes":""},"categories":[16],"tags":[],"class_list":["post-37253","post","type-post","status-publish","format-standard","hentry","category-opiniones"],"_links":{"self":[{"href":"https:\/\/diariodominicano.com\/index.php?rest_route=\/wp\/v2\/posts\/37253","targetHints":{"allow":["GET"]}}],"collection":[{"href":"https:\/\/diariodominicano.com\/index.php?rest_route=\/wp\/v2\/posts"}],"about":[{"href":"https:\/\/diariodominicano.com\/index.php?rest_route=\/wp\/v2\/types\/post"}],"author":[{"embeddable":true,"href":"https:\/\/diariodominicano.com\/index.php?rest_route=\/wp\/v2\/users\/3"}],"replies":[{"embeddable":true,"href":"https:\/\/diariodominicano.com\/index.php?rest_route=%2Fwp%2Fv2%2Fcomments&post=37253"}],"version-history":[{"count":0,"href":"https:\/\/diariodominicano.com\/index.php?rest_route=\/wp\/v2\/posts\/37253\/revisions"}],"wp:attachment":[{"href":"https:\/\/diariodominicano.com\/index.php?rest_route=%2Fwp%2Fv2%2Fmedia&parent=37253"}],"wp:term":[{"taxonomy":"category","embeddable":true,"href":"https:\/\/diariodominicano.com\/index.php?rest_route=%2Fwp%2Fv2%2Fcategories&post=37253"},{"taxonomy":"post_tag","embeddable":true,"href":"https:\/\/diariodominicano.com\/index.php?rest_route=%2Fwp%2Fv2%2Ftags&post=37253"}],"curies":[{"name":"wp","href":"https:\/\/api.w.org\/{rel}","templated":true}]}}