{"id":372528,"date":"2022-07-30T09:16:20","date_gmt":"2022-07-30T13:16:20","guid":{"rendered":"http:\/\/diariodominicano.com\/?p=372528"},"modified":"2022-07-30T09:21:43","modified_gmt":"2022-07-30T13:21:43","slug":"el-dia-que-fallecio-hernando-ramirez","status":"publish","type":"post","link":"https:\/\/diariodominicano.com\/?p=372528","title":{"rendered":"El d\u00eda que falleci\u00f3 Hernando Ram\u00edrez"},"content":{"rendered":"\n<p> Los\u00a0 restos de\u00a0<a href=\"http:\/\/eldia.com.do\/nacionales\/2012\/4\/24\/80775\/Guerra-de-Abril-de-1965-Comandante-Hernando-Ramirez-lamenta-situacion-del\">Hernando Ram\u00edrez\u00a0<\/a>fueron velados\u00a0 en la Funeraria Blandino de la avenida Abraham Lincoln. Fueron\u00a0 sepultados en el cementerio Cristo Redentor. <\/p>\n\n\n\n<figure class=\"wp-block-image size-full\"><img loading=\"lazy\" decoding=\"async\" width=\"225\" height=\"225\" src=\"https:\/\/diariodominicano.com\/wp-content\/uploads\/2022\/07\/Hernando-Ramirez-2.jpg\" alt=\"\" class=\"wp-image-372532\" srcset=\"https:\/\/diariodominicano.com\/wp-content\/uploads\/2022\/07\/Hernando-Ramirez-2.jpg 225w, https:\/\/diariodominicano.com\/wp-content\/uploads\/2022\/07\/Hernando-Ramirez-2-150x150.jpg 150w, https:\/\/diariodominicano.com\/wp-content\/uploads\/2022\/07\/Hernando-Ramirez-2-88x88.jpg 88w\" sizes=\"auto, (max-width: 225px) 100vw, 225px\" \/><\/figure>\n\n\n\n<p>Im\u00e1genes de Hernando Ram\u00edrez en la Guerra de Abril de 1965 y en una de sus \u00faltimas fotograf\u00edas.<\/p>\n\n\n\n<p><strong>SANTO DOMINGO, el 30 de julio de 2012, Tras sufrir quebrantos de salud  f<\/strong>alleci\u00f3 el general \u00ae Miguel \u00c1ngel Hernando Ram\u00edrez, ex combatiente constitucionalista de la Guerra de Abril de 1965.<\/p>\n\n\n\n<p>Los\u00a0 restos de\u00a0<a href=\"http:\/\/eldia.com.do\/nacionales\/2012\/4\/24\/80775\/Guerra-de-Abril-de-1965-Comandante-Hernando-Ramirez-lamenta-situacion-del\">Hernando Ram\u00edrez\u00a0<\/a>fueron velados\u00a0 en la Funeraria Blandino de la avenida Abraham Lincoln. Fueron\u00a0 sepultados en el cementerio Cristo Redentor.<\/p>\n\n\n\n<p>Naci\u00f3 en Jarabacoa.\u00a0 Fue\u00a0 uno de los hombres \u00a0\u00a0de la gesta del 24 de Abril de 1965,\u00a0con otros militares constitucionalistas arrest\u00f3 a la plana mayor del Ej\u00e9rcito Nacional lo que desat\u00f3 la\u00a0 Guerra Abril de 1965 por la restauraci\u00f3n del Gobierno constitucional del presidente Juan Bosch, derrocado el 25 de septiembre de 1963.<\/p>\n\n\n\n<p>Hernando Ram\u00edrez fue tres veces subdirector del Centro de Ense\u00f1anza de las Fuerzas Armadas y &nbsp;recibi\u00f3 reconocimientos &nbsp;de instituciones nacionales e internacionales. (El D\u00eda)<\/p>\n\n\n\n<p>La viuda del coronel Rafael Fern\u00e1ndez Dom\u00ednguez, Arlette&nbsp; Fern\u00e1ndez, defini\u00f3 a Hernando Ram\u00edrez como un hombre honesto y vertical.<\/p>\n\n\n\n<p><strong>Ten\u00eda 83 a\u00f1os<\/strong><\/p>\n\n\n\n<p>Miguel \u00c1ngel Hernando Ram\u00edrez naci\u00f3 \u00a0en Jarabacoa, \u00a0el 10 de abril de 1929. Hijo de Ram\u00f3n Mar\u00eda Hernando Matos y de Roselia Ram\u00edrez de Hernando. Estudi\u00f3 \u00a0en la Escuela Normal de Santo Domingo y en el Colegio Juan Pablo Duarte,\u00a0 de\u00a0 La Vega, donde fue investido de Bachiller en Filosof\u00eda y Letras.<\/p>\n\n\n\n<p>Ingres\u00f3 a la Marina de Guerra como Cadete Naval, el 1 &nbsp;de&nbsp; marzo de 1950. De all\u00ed pas\u00f3 a la Fuerza A\u00e9rea Dominicana, al Centro de Ense\u00f1anza de las Fuerzas Armadas y a la Academia Militar Batalla de las Carreras.&nbsp; En 1961 fue trasladado al Ej\u00e9rcito Nacional. Desempe\u00f1\u00f3 m\u00faltiples cargos.<\/p>\n\n\n\n<p>\u00a0En 1979, el \u00a0Presidente Antonio Guzm\u00e1n, lo nombr\u00f3 encargado de la distribuci\u00f3n de los equipos del CEA para ponerlos al servicio del pueblo durante la tormenta Federico y el cicl\u00f3n David.<\/p>\n\n\n\n<p><strong>De Hernando Ram\u00edrez<\/strong><\/p>\n\n\n\n<p>Graduado en la Escuela de Infanter\u00eda en Venezuela.<\/p>\n\n\n\n<p>Curso de Comando y Estado Mayor en Fort Gulick, Escuela de Las Am\u00e9ricas de los Estados Unidos,&nbsp; en Panam\u00e1.<\/p>\n\n\n\n<p>Curso de orientaci\u00f3n contra insurgencia en Fort Gulick, Escuela de Las Am\u00e9ricas de los Estados Unidos; Zona del Canal, Panam\u00e1, y otros cursos.<strong><\/strong><\/p>\n\n\n\n<p>-Tres veces Subdirector del Centro de Ense\u00f1anza de las Fuerzas Armadas.<\/p>\n\n\n\n<p>-Director del Centro de Ense\u00f1anza de las Fuerzas Armadas.<\/p>\n\n\n\n<p>-Profesor de T\u00e1ctica y Estrategia&nbsp; en la Academia Militar Batalla de las Carreras<\/p>\n\n\n\n<p>-Profesor del Curso Medio de Infanter\u00eda de la Aviaci\u00f3n Militar Dominicana.<\/p>\n\n\n\n<p>-Profesor del Curso de Orientaci\u00f3n de Estado Mayor del Ej\u00e9rcito Nacional.<\/p>\n\n\n\n<p>-Profesor del Centro de Ense\u00f1anza de las Fuerzas Armadas.<\/p>\n\n\n\n<p>-Ayudante del Subjefe de Estado Mayor de la Fuerza A\u00e9rea Dominicana.<\/p>\n\n\n\n<p>-Designado Auxiliar del Jefe de Estado Mayor de la Aviaci\u00f3n Militar Dominicana.<\/p>\n\n\n\n<p>-Comandante de varias compa\u00f1\u00edas y regimientos en la Fuerza A\u00e9rea Dominicana y en el Ej\u00e9rcito Nacional.<\/p>\n\n\n\n<p>-G-3 del Ej\u00e9rcito Nacional.<\/p>\n\n\n\n<p>-G-5 del Ej\u00e9rcito Nacional.<\/p>\n\n\n\n<p>-Intendente del Material B\u00e9lico de la Fuerza A\u00e9rea Dominicana.<\/p>\n\n\n\n<p>-Ayudante del Comandante de las Tropas de la Aviaci\u00f3n Militar Dominicana en Santiago.<\/p>\n\n\n\n<p>-Comandante de las tropas de la Aviaci\u00f3n Militar Dominicana en Santiago.<\/p>\n\n\n\n<p>-Comandante del Campamento Militar 16 de agosto del Ej\u00e9rcito Nacional.<\/p>\n\n\n\n<p>-Juez Instructor del Consejo de Guerra de 2do. Grado de la Aviaci\u00f3n Militar Dominicana.<\/p>\n\n\n\n<p>-Conferencista en Barcelona, Espa\u00f1a y en Quito, Ecuador.<\/p>\n\n\n\n<p>-Nombrado Agregado Militar en la Embajada Dominicana en Ecuador<\/p>\n\n\n\n<p>-Nombrado Agregado Militar en la Embajada Dominicana en Brasil.<\/p>\n\n\n\n<p>-Nombrado Agregado Militar en la Embajada Dominicana en Bogot\u00e1, Colombia.<\/p>\n\n\n\n<p>-Nombrado Agregado Militar en la Embajada Dominicana en Madrid, Espa\u00f1a<\/p>\n\n\n\n<p>-Sub decano de los Agregados Militares acreditados en Madrid, Espa\u00f1a.<\/p>\n\n\n\n<p>-Encargado de Defensa del Consejo Estatal del Az\u00facar.<\/p>\n\n\n\n<p>-Nombrado Supervisor General de Aduanas y Exoneraciones del Consejo Estatal del Az\u00facar.<\/p>\n\n\n\n<p>-Administrador del Club Deportivo Naco.<\/p>\n\n\n\n<p>-Gobernador del Club Deportivo Naco.<\/p>\n\n\n\n<p><strong>Reconocimientos:<\/strong><\/p>\n\n\n\n<p>-Orden del M\u00e9rito A\u00e9reo con Distintivo Blanco,&nbsp; Orden General No. 24 de 1957.<\/p>\n\n\n\n<p>-Orden del M\u00e9rito Naval con Medalla del Merito Naval, Orden General no. 214 del 1959<\/p>\n\n\n\n<p>-Orden del M\u00e9rito A\u00e9reo con Distintivo Azul, Orden General no. 89 de 1960.<\/p>\n\n\n\n<p>-Medalla de Estero Hondo, Orden General no.112, de 1960.<\/p>\n\n\n\n<p>-Orden del M\u00e9rito Policial de 1ra. Clase con Distintivo Verde, Blanco y Azul, Orden General no. 56 de 1960.<\/p>\n\n\n\n<p>-Orden del M\u00e9rito Militar con Distintivo Blanco, Orden General no. 51, de 1960.<\/p>\n\n\n\n<p>-Orden del M\u00e9rito A\u00e9reo en la categor\u00eda que le corresponde a su grado, con Distintivo Blanco, -Orden General no. 24, de 1957, A. M. D.<\/p>\n\n\n\n<p>-Orden del M\u00e9rito Naval con medalla de Merito Naval, en la categor\u00eda que le corresponde de acuerdo con su grado, Orden General no. 214, 1959.<\/p>\n\n\n\n<p>-Gran Cord\u00f3n Policial \u0093Juan Pablo Duarte\u0094, seg\u00fan decreto no. 8945 del Consejo de Estado&nbsp; de fecha 10-12-1962.<\/p>\n\n\n\n<p><strong>Condecoraciones extranjeras<\/strong><\/p>\n\n\n\n<p>-Orden del M\u00e9rito Militar \u0093Abdon Calder\u00f3n\u0094, de Ecuador.<\/p>\n\n\n\n<p>-Orden del M\u00e9rito Militar de&nbsp; Brasil.<\/p>\n\n\n\n<p>-Orden del M\u00e9rito Militar de Espa\u00f1a.<\/p>\n\n\n\n<p>-Orden del M\u00e9rito Militar \u0093Jos\u00e9 Mar\u00eda C\u00f3rdoba\u0094 de Colombia.<\/p>\n\n\n\n<p>-Reconocimiento de la C\u00e1mara de Diputados por haber prestado altos servicios a la patria en la defensa de la democracia y la soberan\u00eda nacional,&nbsp; y como ciudadano y soldado ejemplar en las luchas patri\u00f3ticas de abril de 1965.<\/p>\n\n\n\n<p>-Reconocimiento de la Universidad Aut\u00f3noma de Santo Domingo por su distinguida participaci\u00f3n en la Revoluci\u00f3n de Abril de 1965.<\/p>\n\n\n\n<p>-Reconocimiento de la Academia Dominicana de la Historia, Archivo General de la Naci\u00f3n, Comisi\u00f3n Permanente de Efem\u00e9rides Patrias y del Comit\u00e9 Pro-homenaje por sus altos meritos alcanzados en su calidad de jefe del estallido militar del 24 de abril de 1965 para reponer el orden constitucional interrumpido el 25 de septiembre de 1963 y su trayectoria como ciudadano ejemplar.<\/p>\n\n\n\n<p>-Reconocimiento de C\u00e1ritas Dominicana por sus grandes servicios al pa\u00eds, durante la tormenta Federico y el cicl\u00f3n David.<\/p>\n\n\n\n<p>-Diploma por contribuir con su admirable labor al prestigio de CARE Dominicana. (Hurac\u00e1n David, agosto 1979).<\/p>\n\n\n\n<p>-Reconocimiento de la&nbsp; Promoci\u00f3n ESMEDEX de bachilleres del Liceo Fausto Jim\u00e9nez<\/p>\n\n\n\n<p>2007-2008 por sus grandes aportes al proceso democr\u00e1tico de la Rep\u00fablica Dominicana.<\/p>\n\n\n\n<p>-Miembro de Honor de la Fundaci\u00f3n Testimonio.<\/p>\n\n\n\n<p>-Miembro Fundador de la Fundaci\u00f3n Coronel Rafael Tom\u00e1s Fern\u00e1ndez Dom\u00ednguez.<\/p>\n\n\n\n<p>-Vicepresidente de la&nbsp; Fundaci\u00f3n Coronel Rafael Tom\u00e1s Fern\u00e1ndez Dom\u00ednguez.<\/p>\n\n\n\n<p>-Miembro Honorifico del Club de Leones Paraiso-Serrall\u00e9s.<\/p>\n\n\n\n<p>-Miembro de Honor del Club Deportivo Naco.<\/p>\n","protected":false},"excerpt":{"rendered":"<p>Los\u00a0 restos de\u00a0Hernando Ram\u00edrez\u00a0fueron velados\u00a0 en la Funeraria Blandino de la avenida Abraham Lincoln. Fueron\u00a0 sepultados en el cementerio Cristo Redentor. Im\u00e1genes de Hernando Ram\u00edrez en la Guerra de Abril de 1965 y en una de sus \u00faltimas fotograf\u00edas. SANTO DOMINGO, el 30 de julio de 2012, Tras sufrir quebrantos de salud falleci\u00f3 el general [&hellip;]<\/p>\n","protected":false},"author":28,"featured_media":372529,"comment_status":"closed","ping_status":"","sticky":true,"template":"","format":"standard","meta":{"footnotes":""},"categories":[26,27],"tags":[],"class_list":["post-372528","post","type-post","status-publish","format-standard","has-post-thumbnail","hentry","category-efemerides","category-portada"],"_links":{"self":[{"href":"https:\/\/diariodominicano.com\/index.php?rest_route=\/wp\/v2\/posts\/372528","targetHints":{"allow":["GET"]}}],"collection":[{"href":"https:\/\/diariodominicano.com\/index.php?rest_route=\/wp\/v2\/posts"}],"about":[{"href":"https:\/\/diariodominicano.com\/index.php?rest_route=\/wp\/v2\/types\/post"}],"author":[{"embeddable":true,"href":"https:\/\/diariodominicano.com\/index.php?rest_route=\/wp\/v2\/users\/28"}],"replies":[{"embeddable":true,"href":"https:\/\/diariodominicano.com\/index.php?rest_route=%2Fwp%2Fv2%2Fcomments&post=372528"}],"version-history":[{"count":2,"href":"https:\/\/diariodominicano.com\/index.php?rest_route=\/wp\/v2\/posts\/372528\/revisions"}],"predecessor-version":[{"id":372533,"href":"https:\/\/diariodominicano.com\/index.php?rest_route=\/wp\/v2\/posts\/372528\/revisions\/372533"}],"wp:featuredmedia":[{"embeddable":true,"href":"https:\/\/diariodominicano.com\/index.php?rest_route=\/wp\/v2\/media\/372529"}],"wp:attachment":[{"href":"https:\/\/diariodominicano.com\/index.php?rest_route=%2Fwp%2Fv2%2Fmedia&parent=372528"}],"wp:term":[{"taxonomy":"category","embeddable":true,"href":"https:\/\/diariodominicano.com\/index.php?rest_route=%2Fwp%2Fv2%2Fcategories&post=372528"},{"taxonomy":"post_tag","embeddable":true,"href":"https:\/\/diariodominicano.com\/index.php?rest_route=%2Fwp%2Fv2%2Ftags&post=372528"}],"curies":[{"name":"wp","href":"https:\/\/api.w.org\/{rel}","templated":true}]}}