{"id":372524,"date":"2022-07-30T08:40:32","date_gmt":"2022-07-30T12:40:32","guid":{"rendered":"http:\/\/diariodominicano.com\/?p=372524"},"modified":"2022-07-30T12:25:59","modified_gmt":"2022-07-30T16:25:59","slug":"duarte-logra-salir-al-exilio-para-impedir-ser-detenido-por-el-gobierno-de-haiti","status":"publish","type":"post","link":"https:\/\/diariodominicano.com\/?p=372524","title":{"rendered":"Duarte logra salir al exilio para impedir ser detenido por el Gobierno de Hait\u00ed"},"content":{"rendered":"\n<p>Por H\u00e9ctor Tineo Nolasco<\/p>\n\n\n\n<p><strong>Diariodominicano.com<\/strong><\/p>\n\n\n\n<p>SANTO DOMINGO, el&nbsp; 30 de julio de 1843, el l\u00edder de La Trinitaria, Juan Pablo Duarte tom\u00f3 la decisi\u00f3n de salir de  ciudad de Santo Domingo&nbsp; para evitar ser detenido por el cuerpo represivo del&nbsp; Gobierno haitiano.<\/p>\n\n\n\n<p>&nbsp;&nbsp; El 30 de julio de 1843, Juan Pablo Duarte,&nbsp; Pedro Alejandrino Pina y Juan Isidro P\u00e9rez se trasladaron a Pajarito, (hoy Villa Duarte) en la zona oriental y se refugiaron en la residencia del ciudadano espa\u00f1ol&nbsp; Pascual C. L\u00f3pez.<\/p>\n\n\n\n<p>&nbsp;&nbsp;&nbsp; Antes, el mismo d\u00eda 30 de julio de 1843, Juan Pablo Duarte y Pedro Alejandrino Pina visitaron la residencia de Juan Alejandro Acosta y trataron sobre la forma en que saldr\u00edan al exilio para escapar a la persecuci\u00f3n del Gobierno haitiano.<\/p>\n\n\n\n<figure class=\"wp-block-image size-large is-resized\"><img loading=\"lazy\" decoding=\"async\" src=\"https:\/\/diariodominicano.com\/wp-content\/uploads\/2021\/10\/Rosa-Duarte-1024x526.jpg\" alt=\"\" class=\"wp-image-303807\" width=\"616\" height=\"316\" srcset=\"https:\/\/diariodominicano.com\/wp-content\/uploads\/2021\/10\/Rosa-Duarte-1024x526.jpg 1024w, https:\/\/diariodominicano.com\/wp-content\/uploads\/2021\/10\/Rosa-Duarte-300x154.jpg 300w, https:\/\/diariodominicano.com\/wp-content\/uploads\/2021\/10\/Rosa-Duarte-768x395.jpg 768w, https:\/\/diariodominicano.com\/wp-content\/uploads\/2021\/10\/Rosa-Duarte-1536x789.jpg 1536w, https:\/\/diariodominicano.com\/wp-content\/uploads\/2021\/10\/Rosa-Duarte-2048x1052.jpg 2048w, https:\/\/diariodominicano.com\/wp-content\/uploads\/2021\/10\/Rosa-Duarte-816x419.jpg 816w\" sizes=\"auto, (max-width: 616px) 100vw, 616px\" \/><figcaption>Rosa Duarte<\/figcaption><\/figure>\n\n\n\n<p>&nbsp;&nbsp;&nbsp; <strong>Rosa Duarte, en&nbsp; \u201cApuntes para la Historia de la Isla de Santo Domingo\u201d, anota que Duarte y sus amigos salieron de la residencia&nbsp; a las 10 de la noche y cruzaron el r\u00edo en un bote para volver a la zona oriental donde se refugiaron en la residencia de&nbsp; Pedro Cote, hasta el momento de la salida al extranjero.<\/strong><\/p>\n\n\n\n<p>&nbsp;&nbsp;&nbsp;&nbsp; Duarte hab\u00eda recibido la informaci\u00f3n de que su cabeza ten\u00eda precio y por ello se le sugiri\u00f3 que saliera al exterior.<\/p>\n\n\n\n<p>&nbsp;&nbsp; Seg\u00fan el informante, el Gobierno haitiano daba \u201cpor el jefe de la revoluci\u00f3n\u201d,&nbsp; 3000 pesos y la charretera de coronel, pero muchos cre\u00edan que era poco el monto de la oferta.<\/p>\n\n\n\n<p>&nbsp;&nbsp; El d\u00eda anterior, el 29 de julio de 1843, Juan Pablo Duarte y Pedro Alejandrino Pina, se refugiaron en la residencia del&nbsp; ciudadano Jos\u00e9 Botello, en  ciudad  Santo Domingo.<\/p>\n\n\n\n<p>&nbsp;&nbsp; Juan Pablo Duarte y los otros miembros de La Trinitaria,&nbsp; eran perseguidos por el Gobierno haitiano, porque ten\u00eda informes de que realizaban actividades para separarse de Hait\u00ed y fundar una&nbsp; naci\u00f3n libre y soberana.<\/p>\n\n\n\n<p>&nbsp;&nbsp; <strong>Rosa Duarte, en&nbsp; \u201cApuntes para la Historia de la isla de Santo Domingo\u201d, anota que el d\u00eda 29&nbsp; de julio de 1843, Duarte y Pedro Alejandrino Pina lo pasaron en la residencia del se\u00f1or&nbsp; Jos\u00e9 Botello, \u201cbastante amargamente\u201d.<\/strong><\/p>\n\n\n\n<p>&nbsp;&nbsp;&nbsp; El Gobierno haitiano inici\u00f3 la ocupaci\u00f3n de la parte&nbsp; oriental de la Isla de Santo Domingo, el d\u00eda 8 de febrero de 1822, cuando el Presidente haitiano Jean Pierre Boyer,&nbsp; recibi\u00f3 las llaves de la ciudad&nbsp; de manos del licenciado Jos\u00e9 N\u00fa\u00f1ez de C\u00e1ceres.<\/p>\n\n\n\n<p>&nbsp;&nbsp; Durante el mes de julio de 1843, las fuerzas militares del Gobierno haitiano intensificaron la persecuci\u00f3n contra los trinitarios.<\/p>\n\n\n\n<p>&nbsp;&nbsp; El d\u00eda 24 de julio de 1843, la residencia de la familia de Juan Pablo Duarte y la de su t\u00edo Jos\u00e9 D\u00edez, fueron allanadas por militares haitianos que trataban de localizar al l\u00edder trinitario.<\/p>\n\n\n\n<p>&nbsp;&nbsp;&nbsp; <strong>La requisa fue dirigida por el comandante haitiano Hip\u00f3lito Franquil, quien de acuerdo con la versi\u00f3n de Rosa&nbsp; Duarte, \u201cle acompa\u00f1aba una numerosa tropa de la que una parte cerc\u00f3 la manzana y la otra se introdujo en la casa dividida en dos filas de dos en fondo; una fila de soldados armados entr\u00f3 por el dormitorio principal hasta las piezas interiores; y la otra se extendi\u00f3 desde la calle pasando&nbsp; por la sala hasta los corrales\u201d.<\/strong><\/p>\n\n\n\n<p>&nbsp;&nbsp;&nbsp;&nbsp; Ese d\u00eda Duarte y varios de sus compa\u00f1eros lograron escapar al saltar por patios de residencias vecinas hasta llegar a la casa del se\u00f1or&nbsp; Teodoro Ariza.<\/p>\n\n\n\n<p>&nbsp;&nbsp;&nbsp;&nbsp; La Trinitaria&nbsp; se encontraba en plena actividad desde el d\u00eda 16 de julio de 1838,&nbsp; cuando un grupo de j\u00f3venes liderados por Juan Pablo Duarte la fundaron en la ciudad de Santo Domingo, con el objetivo de fundar la Rep\u00fablica Dominicana.<\/p>\n\n\n\n<p>&nbsp;&nbsp;&nbsp; El l\u00edder trinitario&nbsp; Duarte, hab\u00eda estudiado en Estados Unidos y Europa. Sus conocimientos los aprovech\u00f3 para organizar la entidad pol\u00edtica que constituy\u00f3 La Trinitaria.<\/p>\n\n\n\n<p>&nbsp;&nbsp;&nbsp;&nbsp;&nbsp;&nbsp; El entusiasmo de Juan Pablo Duarte estimul\u00f3 a los j\u00f3venes de su generaci\u00f3n, lo que le permiti\u00f3 fundar el 16 de julio de 1838, la Sociedad Secreta La Trinitaria, en una reuni\u00f3n que celebraron en la residencia de la se\u00f1ora Josefa P\u00e9rez.<\/p>\n\n\n\n<p>&nbsp;&nbsp;&nbsp;&nbsp; Junto a Duarte fundaron&nbsp; La Trinitaria, Juan Isidro P\u00e9rez, Pedro Alejandrino Pina, Felix Mar\u00eda Ru\u00edz, Benito Gonz\u00e1lez, Juan Nepomuceno Ravelo, Felipe Alfau, Jos\u00e9 Mar\u00eda Serra y Jacinto de la Concha.<\/p>\n","protected":false},"excerpt":{"rendered":"<p>Por H\u00e9ctor Tineo Nolasco Diariodominicano.com SANTO DOMINGO, el&nbsp; 30 de julio de 1843, el l\u00edder de La Trinitaria, Juan Pablo Duarte tom\u00f3 la decisi\u00f3n de salir de ciudad de Santo Domingo&nbsp; para evitar ser detenido por el cuerpo represivo del&nbsp; Gobierno haitiano. &nbsp;&nbsp; El 30 de julio de 1843, Juan Pablo Duarte,&nbsp; Pedro Alejandrino Pina [&hellip;]<\/p>\n","protected":false},"author":28,"featured_media":265176,"comment_status":"closed","ping_status":"","sticky":true,"template":"","format":"standard","meta":{"footnotes":""},"categories":[26,27],"tags":[],"class_list":["post-372524","post","type-post","status-publish","format-standard","has-post-thumbnail","hentry","category-efemerides","category-portada"],"_links":{"self":[{"href":"https:\/\/diariodominicano.com\/index.php?rest_route=\/wp\/v2\/posts\/372524","targetHints":{"allow":["GET"]}}],"collection":[{"href":"https:\/\/diariodominicano.com\/index.php?rest_route=\/wp\/v2\/posts"}],"about":[{"href":"https:\/\/diariodominicano.com\/index.php?rest_route=\/wp\/v2\/types\/post"}],"author":[{"embeddable":true,"href":"https:\/\/diariodominicano.com\/index.php?rest_route=\/wp\/v2\/users\/28"}],"replies":[{"embeddable":true,"href":"https:\/\/diariodominicano.com\/index.php?rest_route=%2Fwp%2Fv2%2Fcomments&post=372524"}],"version-history":[{"count":4,"href":"https:\/\/diariodominicano.com\/index.php?rest_route=\/wp\/v2\/posts\/372524\/revisions"}],"predecessor-version":[{"id":372551,"href":"https:\/\/diariodominicano.com\/index.php?rest_route=\/wp\/v2\/posts\/372524\/revisions\/372551"}],"wp:featuredmedia":[{"embeddable":true,"href":"https:\/\/diariodominicano.com\/index.php?rest_route=\/wp\/v2\/media\/265176"}],"wp:attachment":[{"href":"https:\/\/diariodominicano.com\/index.php?rest_route=%2Fwp%2Fv2%2Fmedia&parent=372524"}],"wp:term":[{"taxonomy":"category","embeddable":true,"href":"https:\/\/diariodominicano.com\/index.php?rest_route=%2Fwp%2Fv2%2Fcategories&post=372524"},{"taxonomy":"post_tag","embeddable":true,"href":"https:\/\/diariodominicano.com\/index.php?rest_route=%2Fwp%2Fv2%2Ftags&post=372524"}],"curies":[{"name":"wp","href":"https:\/\/api.w.org\/{rel}","templated":true}]}}