{"id":37252,"date":"2007-05-15T07:18:24","date_gmt":"2007-05-15T07:18:24","guid":{"rendered":"http:\/\/diariodominicano.ddns.net\/?p=37252"},"modified":"2007-05-15T07:18:24","modified_gmt":"2007-05-15T07:18:24","slug":"el-tiro-rapido-394","status":"publish","type":"post","link":"https:\/\/diariodominicano.com\/?p=37252","title":{"rendered":"EL TIRO RAPIDO"},"content":{"rendered":"<p><body><\/p>\n<style type=\"text\/css\"><![CDATA[\n<!--\n.Estilo1 {\n\tcolor: #000099;\n\tfont-weight: bold;\n}\n-->\n]]><\/style>\n<p>&#13;<\/p>\n<p><span class=\"titulogrande1\">EL TIRO RAPIDO<\/span><br \/>&#13;<br \/>\n  <br \/>&#13;<br \/>\n    <span class=\"textogrande\"><em>de<\/em><\/span><br \/>&#13;<br \/>\n  <br \/>&#13;<br \/>\n  <span class=\"textogrande\">Mario  Rivadulla<\/span><\/p>\n<p>&#13;<\/p>\n<p align=\"justify\" class=\"text1noticias\">Hace unos d\u00ecas se divulg\u00f2 la ins\u00f2lita informaci\u00f2n, a la  que hicimos menci\u00f3n en su oportunidad, de la puesta en libertad de un preso  preventivo que purg\u00f2 m\u00e0s de quince a\u00f1os en distintas c\u00e0rceles del pa\u00ecs sin  haber sido juzgado por un delito que jura y perjura no haber cometido.\u00a0 En todo ese tiempo, incluso se perdi\u00f2 su  expediente.<\/p>\n<p>&#13;<\/p>\n<p align=\"justify\" class=\"text1noticias\">La iniciativa de un abogado que  apreci\u00f2 lo injusto de la situaci\u00f2n logr\u00f2 que las puertas de la prisi\u00f3n se  abrieran al fin para la v\u00ecctima de esta crasa injusticia.\u00a0 Hay que felicitarlo por ello. Pero \u00e8ste sin  embargo, es s\u00f2lo un aspecto del problema.<\/p>\n<p>&#13;<\/p>\n<p align=\"justify\" class=\"text1noticias\">El hoy liberado de la prisi\u00f3n  sin dudas contin\u00f9a preso.\u00a0 Pero ahora de  la c\u00e0rcel mayor,\u00a0 pero no por eso menos  opresiva que debe representarle el verse arrojado de pronto, indefenso,  desvalido, al seno de una sociedad que \u00e8l no conoce y que no lo reconoce.\u00a0 Haciendo frente a los cambios significativos  que en todo sentido se han registrado en estos tres largos lustros que  permaneci\u00f3 tras las rejas.\u00a0 Con esos  quince a\u00f1os de penoso encierro pesando sobre su maltratado cuerpo y lacerado  esp\u00edritu.\u00a0 Sin recursos.\u00a0 Sin horizonte.\u00a0 Posiblemente sin parientes ni amigos que le  tiendan la mano.<\/p>\n<p>&#13;<\/p>\n<p align=\"justify\" class=\"text1noticias\">Recordamos que a\u00f1os atr\u00e0s,  ocurri\u00f2 un caso similar con un infeliz haitiano condenado a un a\u00f1o de prisi\u00f3n,  pero al que mantuvieron durante ocho encarcelado hasta que otro perspicaz  abogado se di\u00f2 cuenta de la grosera injusticia y logr\u00f2 su liberaci\u00f3n.\u00a0 Ir\u00f3nicamente no bien puso pie fuera de la  prisi\u00f3n, \u00a1fue detenido nuevamente por un fiscal con la finalidad de  instrumentarle un expediente de deportaci\u00f3n por estancia ilegal en el pa\u00ecs!<\/p>\n<p>&#13;<\/p>\n<p align=\"justify\" class=\"text1noticias\">\u00bfCu\u00e0ntos otros casos de esta  misma naturaleza pueden existir actualmente de personas que llevan largos a\u00f1os  tr\u00e0s las rejas indebidamente?\u00a0 Como  preventivos o como de sanci\u00f3n ya cumplida pero con sus expedientes  extraviados,\u00a0 o sin tener la suerte de  que alguien se ocupe de su situaci\u00f2n.<\/p>\n<p>&#13;<\/p>\n<p align=\"justify\" class=\"text1noticias\">En otros pa\u00ecses, errores del  sistema de esta naturaleza y envergadura ofrecen, al menos, la posibilidad de una  indemnizaci\u00f3n.\u00a0 Esta, si bien no le  devolver\u00e0 un solo instante del tramo de vida que le fue robado\u00a0 le permite emprender sin agobios materiales  el resto de existencia que le pueda quedar.\u00a0  Aqu\u00ec, que sepamos, ni tan siquiera una excusa. <\/p>\n<p>&#13;<\/p>\n<p align=\"justify\" class=\"text1noticias\">Ahora que el Congreso tiene en  sus manos el proyecto de ley enviado por el Poder Ejecutivo para la reforma del  actual C\u00f3digo Procesal Penal, \u00bfno ser\u00eca oportuno tratar y corregir este aspecto  humano del problema derivado de errores de nuestro sistema de justicia? <\/p>\n<p>&#13;<\/p>\n<p align=\"justify\" class=\"text1noticias\">Pensamos que la Comisi\u00f2n de Derechos  Humanos tambi\u00e8n pudiera unir su voz y esfuerzo a este reclamo.<\/p>\n<p>&#13;<\/p>\n<p align=\"justify\" class=\"text1noticias\">A ella y a los se\u00f1ores  legisladores dejamos esta inquietud.<\/p>\n<p>&#13;<\/p>\n<p align=\"justify\"><span class=\"Estilo1\">(TELEDEBATE, Canal 23,  Telefuturo, <\/span><span class=\"text1noticias\">a nivel nacional v\u00eca sat\u00e9lite, al exterior en vivo y directo a trav\u00e8s  del Internet,. Transmisi\u00f3n del viernes 11 de Mayo, 2007).<\/span><\/p>\n<p>&#13;<\/p>\n<h6> 2007-05-15 07:18:24 <\/h6>\n<p><!--\n<link rel=\"stylesheet\" href=\"css\/bootstrap.min.css\">\n\n\n<ul class=\"pagination\">\n\t    \n\t\n\n<li >\n\t<a href='?page_no=13032'>Previous<\/a>\n\t<\/li>\n\n\n       \n    \n\n<li><a href='?page_no=1'>1<\/a><\/li>\n\n\n\n<li><a href='?page_no=2'>2<\/a><\/li>\n\n\n\n<li><a>...<\/a><\/li>\n\n\n\n<li><a href='?page_no=13031'>13031<\/a><\/li>\n\n\n\n<li><a href='?page_no=13032'>13032<\/a><\/li>\n\n\n\n<li class='active'><a>13033<\/a><\/li>\n\n\n\n<li><a href='?page_no=13034'>13034<\/a><\/li>\n\n\n\n<li><a href='?page_no=13035'>13035<\/a><\/li>\n\n\n\n<li><a>...<\/a><\/li>\n\n\n\n<li><a href='?page_no=13611'>13611<\/a><\/li>\n\n\n\n<li><a href='?page_no=13612'>13612<\/a><\/li>\n\n    \n\t\n\n<li >\n\t<a href='?page_no=13034'>Next<\/a>\n\t<\/li>\n\n\n    \n\n<li><a href='?page_no=13612'>Last &rsaquo;&rsaquo;<\/a><\/li>\n\n<\/ul>\n\n\n--><br \/>\n<\/body><\/p>\n","protected":false},"excerpt":{"rendered":"<p>&#13; EL TIRO RAPIDO&#13; &#13; de&#13; &#13; Mario Rivadulla &#13; Hace unos d\u00ecas se divulg\u00f2 la ins\u00f2lita informaci\u00f2n, a la que hicimos menci\u00f3n en su oportunidad, de la puesta en libertad de un preso preventivo que purg\u00f2 m\u00e0s de quince a\u00f1os en distintas c\u00e0rceles del pa\u00ecs sin haber sido juzgado por un delito que jura [&hellip;]<\/p>\n","protected":false},"author":3,"featured_media":0,"comment_status":"open","ping_status":"open","sticky":false,"template":"","format":"standard","meta":{"footnotes":""},"categories":[16],"tags":[],"class_list":["post-37252","post","type-post","status-publish","format-standard","hentry","category-opiniones"],"_links":{"self":[{"href":"https:\/\/diariodominicano.com\/index.php?rest_route=\/wp\/v2\/posts\/37252","targetHints":{"allow":["GET"]}}],"collection":[{"href":"https:\/\/diariodominicano.com\/index.php?rest_route=\/wp\/v2\/posts"}],"about":[{"href":"https:\/\/diariodominicano.com\/index.php?rest_route=\/wp\/v2\/types\/post"}],"author":[{"embeddable":true,"href":"https:\/\/diariodominicano.com\/index.php?rest_route=\/wp\/v2\/users\/3"}],"replies":[{"embeddable":true,"href":"https:\/\/diariodominicano.com\/index.php?rest_route=%2Fwp%2Fv2%2Fcomments&post=37252"}],"version-history":[{"count":0,"href":"https:\/\/diariodominicano.com\/index.php?rest_route=\/wp\/v2\/posts\/37252\/revisions"}],"wp:attachment":[{"href":"https:\/\/diariodominicano.com\/index.php?rest_route=%2Fwp%2Fv2%2Fmedia&parent=37252"}],"wp:term":[{"taxonomy":"category","embeddable":true,"href":"https:\/\/diariodominicano.com\/index.php?rest_route=%2Fwp%2Fv2%2Fcategories&post=37252"},{"taxonomy":"post_tag","embeddable":true,"href":"https:\/\/diariodominicano.com\/index.php?rest_route=%2Fwp%2Fv2%2Ftags&post=37252"}],"curies":[{"name":"wp","href":"https:\/\/api.w.org\/{rel}","templated":true}]}}