{"id":372341,"date":"2022-07-28T23:57:51","date_gmt":"2022-07-29T03:57:51","guid":{"rendered":"http:\/\/diariodominicano.com\/?p=372341"},"modified":"2022-07-29T00:07:05","modified_gmt":"2022-07-29T04:07:05","slug":"el-dia-que-nacieron-en-hincha-los-mellizos-pedro-y-ramon-santana","status":"publish","type":"post","link":"https:\/\/diariodominicano.com\/?p=372341","title":{"rendered":"El d\u00eda que nacieron en Hincha los mellizos Pedro y Ram\u00f3n Santana\u00a0"},"content":{"rendered":"\n<p><strong>Pedro Santana<\/strong><\/p>\n\n\n\n<p><strong>Por H\u00e9ctor Tineo Nolasco<\/strong><\/p>\n\n\n\n<p><strong>Diariodominicano.com<\/strong><\/p>\n\n\n\n<p>HINCHA, el 29 de junio de 1801, nacieron en la comunidad fronteriza de Hincha, los mellizos Pedro y Ram\u00f3n Santana, quienes se dedicaron a distintas actividades.&nbsp; Pedro fue pol\u00edtico y militar, y Ram\u00f3n prefiri\u00f3 las actividades de negocios. El d\u00eda del nacimiento de los mellizos Santana, Hincha era parte del territorio de Rep\u00fablica dominicana, hoy es parte de Hait\u00ed.<\/p>\n\n\n\n<p>&nbsp;&nbsp;&nbsp;&nbsp;&nbsp; Pedro y Ram\u00f3n Santana, eran hijos de Pedro Santana y Petronila Familia. Su padre fue un militar del Ej\u00e9rcito Espa\u00f1ol de la Reconquista, con&nbsp; el rango de capit\u00e1n cuando se produjo la Batalla de Palo Hincado.<\/p>\n\n\n\n<p>&nbsp;&nbsp;&nbsp; Pedro Santana,&nbsp; y su hermano Ram\u00f3n, apoyaron el proyecto del patricio Juan Pablo Duarte, para crear la Rep\u00fablica Dominicana.<\/p>\n\n\n\n<p>&nbsp;&nbsp;&nbsp;&nbsp; En la lucha contra las invasiones de Hait\u00ed al territorio nacional, Santana fue un comandante militar que sobresali\u00f3 por sus cualidades de estratega y por su valor en la lucha por la consolidaci\u00f3n de la Independencia Nacional, proclamada el 27 de febrero de 1844.<\/p>\n\n\n\n<p>&nbsp;Juan Pablo Duarte conoci\u00f3 a los hermanos Santana en un recorrido por el Este, cuando buscaba apoyo para declarar la Independencia de la Rep\u00fablica.<\/p>\n\n\n\n<p>&nbsp;&nbsp;&nbsp; Pedro Santana tambi\u00e9n est\u00e1 entre los firmantes del manifiesto de los trinitarios dado a conocer el 16 de enero de 1844.<\/p>\n\n\n\n<p>&nbsp;&nbsp;&nbsp; En todas las batallas que comand\u00f3 contra las invasiones&nbsp; haitianas, sali\u00f3 victorioso.<\/p>\n\n\n\n<p>&nbsp;&nbsp;&nbsp; Era&nbsp; un hombre autoritario que no cre\u00eda en las&nbsp; ideas liberales que enarbolaron los trinitarios que segu\u00edan el pensamiento de Juan Pablo Duarte. En la primera Constituci\u00f3n de la Rep\u00fablica, logr\u00f3 establecer poderes extraordinarios para el Presidente de la Rep\u00fablica.<\/p>\n\n\n\n<p>&nbsp;&nbsp; Cuando estudi\u00f3 con sus asesores el primer proyecto de la Constituci\u00f3n de la Rep\u00fablica, se&nbsp; neg\u00f3 a aceptar ser elegido&nbsp; Presidente con una&nbsp; Carta Magna como la presentada.<\/p>\n\n\n\n<p>&nbsp;&nbsp; <strong>Pedro Santana consideraba que el poder pol\u00edtico de la Rep\u00fablica Dominicana tiene que ser militar y no civil, porque el estado de guerra con Hait\u00ed, as\u00ed lo demanda.&nbsp;&nbsp;<\/strong><\/p>\n\n\n\n<p>Versiones de la \u00e9poca dan cuenta de qu\u00e9 al recibir la reacci\u00f3n de rechazo de Santana, el Congreso Constituyente de San Crist\u00f3bal, se mostr\u00f3 reticente a aceptar las exigencias del jefe militar y pol\u00edtico.<\/p>\n\n\n\n<p>&nbsp;&nbsp;&nbsp; La situaci\u00f3n origin\u00f3 un conflicto entre la Asamblea Constituyente y la Junta Central Gubernativa,&nbsp; pero&nbsp; qued\u00f3 solucionada cuando por iniciativa de Tom\u00e1s Bobadilla y Briones, se agreg\u00f3&nbsp; a la Constituci\u00f3n de San Crist\u00f3bal, del 6 de noviembre de 1844, el art\u00edculo 210, que&nbsp; dispone: <strong>\u201cDurante la guerra&nbsp; actual y mientras no est\u00e9 firmada la paz, el Presidente de la Rep\u00fablica puede libremente organizar el ej\u00e9rcito y armada, movilizar las&nbsp; guardias de la naci\u00f3n; pudiendo, en consecuencia, dar todas las \u00f3rdenes, providencias y decretos que convengan, sin estar sujeto a responsabilidad alguna\u201d.&nbsp;<\/strong><\/p>\n\n\n\n<p>&nbsp;&nbsp; De esa manera, Rep\u00fablica Dominicana qued\u00f3 con una Constituci\u00f3n que consagraba la dictadura pol\u00edtica e invalidaba las disposiciones democr\u00e1ticas en la primera Carta Magna, votada el 6 de noviembre de 1844.<\/p>\n\n\n\n<p>&nbsp;&nbsp; Al lograr la Constituci\u00f3n que deseaba, el general Pedro Santana acept\u00f3&nbsp; ser escogido Presidente de&nbsp; la Rep\u00fablica, por dos per\u00edodos consecutivos de 4 a\u00f1os.&nbsp; Fue juramentado el 13 de noviembre de 1844.&nbsp; De inmediato cre\u00f3 su Consejo de Ministros y como gobernadores design\u00f3 a militares que se distinguieron en la lucha contra las invasiones de los haitianos.<\/p>\n\n\n\n<p>&nbsp;&nbsp; La primera administraci\u00f3n del Presidente Santana fue muy dif\u00edcil y se vio agravada por la invasi\u00f3n haitiana de 1845. Su&nbsp; r\u00e9gimen dictatorial fue incapaz de dar soluci\u00f3n a los problemas econ\u00f3micos del pa\u00eds y por ello fue perdiendo apoyo en la poblaci\u00f3n.<\/p>\n\n\n\n<p>&nbsp;&nbsp;&nbsp; En su primer Gobierno, Santana enfrent\u00f3 a los trinitarios y el 27 de febrero de 1845, en el primer aniversario de la fundaci\u00f3n de la Rep\u00fablica, decret\u00f3 el fusilamiento de Mar\u00eda Trinidad S\u00e1nchez y un grupo de trinitarios acusados de conspirar para derrocar su Gobierno.<\/p>\n\n\n\n<p>&nbsp;&nbsp;&nbsp; Tambi\u00e9n en el a\u00f1o 1847, orden\u00f3 la ejecuci\u00f3n de los hermanos Gabino y Jos\u00e9 Joaqu\u00edn Puello.<\/p>\n\n\n\n<p>&nbsp; Enfrent\u00f3 a la Iglesia Cat\u00f3lica, que se opuso a la ley que hab\u00eda promulgado&nbsp; el 7 de junio de 1845, en virtud de la cual el Presidente Santana ratific\u00f3 la pol\u00edtica haitiana iniciada en 1824, durante el Gobierno de la Ocupaci\u00f3n,&nbsp; para dejar&nbsp; sin efecto para siempre los censos,&nbsp; capellan\u00edas, capitales y rentas eclesi\u00e1sticas que afectaban los bienes rurales&nbsp; situados en la antigua parte espa\u00f1ola, desde 1844, Rep\u00fablica Dominicana, dejando los bienes&nbsp; y propiedades exentos de todo gravamen o hipoteca.<\/p>\n\n\n\n<p>&nbsp;&nbsp;&nbsp; De esa manera, la Iglesia Cat\u00f3lica&nbsp; no lograr\u00eda recuperar sus propiedades antiguas y tampoco&nbsp; pod\u00eda cobrar los intereses que ella cre\u00eda acumulados por las hipotecas, censos y capellan\u00edas que fueron eliminados por los haitianos en el a\u00f1o 1824.<\/p>\n\n\n\n<p>&nbsp;&nbsp; El Presidente Pedro Santana tambi\u00e9n enfrent\u00f3 dificultades&nbsp; militares cuando&nbsp; los habitantes de la secci\u00f3n Santa Mar\u00eda de San Crist\u00f3bal, se negaron a formar parte del Ej\u00e9rcito del Sur que deb\u00eda marchar&nbsp; a la frontera para defender la soberan\u00eda contra los haitianos.<\/p>\n\n\n\n<p>La rebeli\u00f3n de Santa Mar\u00eda, la encabezaron negros de origen haitiano y el Gobierno la reprimi\u00f3&nbsp; de manera en\u00e9rgica.<\/p>\n\n\n\n<p>&nbsp;&nbsp; <strong>El primer Gobierno del General Pedro Santana&nbsp; termin\u00f3 el 4 de agosto de 1848;&nbsp; luego fue presidente de&nbsp; la Rep\u00fablica durante los per\u00edodos del 30 de mayo de 1849 al 23 de septiembre de 1849, del 15 de febrero de 1853 al 26 de mayo de 1856; del 13 de junio de 1858&nbsp; al 18 de marzo de 1861, cuando anex\u00f3 el pa\u00eds a Espa\u00f1a.<\/strong><\/p>\n\n\n\n<p>&nbsp;&nbsp; En la primera parte del Gobierno de la Anexi\u00f3n,&nbsp; del 18 de marzo de 1861 al 20 de julio de 1862, Pedro Santana fue el jefe de la administraci\u00f3n, pero luego fue reemplazado por representantes de Espa\u00f1a.<\/p>\n\n\n\n<p>&nbsp;&nbsp;&nbsp; Como premio por su decisi\u00f3n de anexar el pa\u00eds a Espa\u00f1a, la Reina Isabel Segunda le concedi\u00f3&nbsp; el t\u00edtulo de Marqu\u00e9s de las Carreras.<\/p>\n\n\n\n<p>&nbsp;&nbsp; El 4 de julio&nbsp; de 1861, Pedro Santana orden\u00f3 el fusilamiento del pr\u00f3cer Francisco del Rosario S\u00e1nchez y varios compa\u00f1eros que luchaban contra la Anexi\u00f3n de la Rep\u00fablica a Espa\u00f1a. La ejecuci\u00f3n se produjo en El Cercado, San Juan de la Maguana.<\/p>\n\n\n\n<p>&nbsp;&nbsp;&nbsp; Pedro Santana muri\u00f3 en forma repentina en la ciudad de Santo Domingo,&nbsp; el 14 de junio de 1864. Su hermano mellizo Ram\u00f3n, tambi\u00e9n muri\u00f3 en forma sorpresiva&nbsp; veinte a\u00f1os antes, el d\u00eda 15 de junio de 1844.<\/p>\n\n\n\n<p>\u00a0\u00a0\u00a0\u00a0 En el\u00a0 momento que ocurri\u00f3 su muerte,\u00a0\u00a0 el general Pedro Santana estaba amenazado de ser sancionado porque hab\u00eda desobedecido \u00f3rdenes de los jefes\u00a0 militares espa\u00f1oles del Gobierno de la Anexi\u00f3n, que a\u00fan\u00a0 permanec\u00edan en Rep\u00fablica Dominicana.<\/p>\n\n\n\n<p>Relacionada:<\/p>\n\n\n\n<figure class=\"wp-block-embed is-type-wp-embed is-provider-diario-dominicano wp-block-embed-diario-dominicano\"><div class=\"wp-block-embed__wrapper\">\n<blockquote class=\"wp-embedded-content\" data-secret=\"HIUp2hGnph\"><a href=\"https:\/\/diariodominicano.com\/?p=372345\">Pedro Henr\u00edquez Ure\u00f1a, un maestro excepcional<\/a><\/blockquote><iframe loading=\"lazy\" class=\"wp-embedded-content\" sandbox=\"allow-scripts\" security=\"restricted\" style=\"position: absolute; visibility: hidden;\" title=\"\u00abPedro Henr\u00edquez Ure\u00f1a, un maestro excepcional\u00bb \u2014 Diario Dominicano\" src=\"https:\/\/diariodominicano.com\/?p=372345&#038;embed=true#?secret=vSxblZ0YUr#?secret=HIUp2hGnph\" data-secret=\"HIUp2hGnph\" width=\"600\" height=\"338\" frameborder=\"0\" marginwidth=\"0\" marginheight=\"0\" scrolling=\"no\"><\/iframe>\n<\/div><\/figure>\n","protected":false},"excerpt":{"rendered":"<p>Pedro Santana Por H\u00e9ctor Tineo Nolasco Diariodominicano.com HINCHA, el 29 de junio de 1801, nacieron en la comunidad fronteriza de Hincha, los mellizos Pedro y Ram\u00f3n Santana, quienes se dedicaron a distintas actividades.&nbsp; Pedro fue pol\u00edtico y militar, y Ram\u00f3n prefiri\u00f3 las actividades de negocios. El d\u00eda del nacimiento de los mellizos Santana, Hincha era [&hellip;]<\/p>\n","protected":false},"author":28,"featured_media":372342,"comment_status":"closed","ping_status":"","sticky":true,"template":"","format":"standard","meta":{"footnotes":""},"categories":[26,27],"tags":[],"class_list":["post-372341","post","type-post","status-publish","format-standard","has-post-thumbnail","hentry","category-efemerides","category-portada"],"_links":{"self":[{"href":"https:\/\/diariodominicano.com\/index.php?rest_route=\/wp\/v2\/posts\/372341","targetHints":{"allow":["GET"]}}],"collection":[{"href":"https:\/\/diariodominicano.com\/index.php?rest_route=\/wp\/v2\/posts"}],"about":[{"href":"https:\/\/diariodominicano.com\/index.php?rest_route=\/wp\/v2\/types\/post"}],"author":[{"embeddable":true,"href":"https:\/\/diariodominicano.com\/index.php?rest_route=\/wp\/v2\/users\/28"}],"replies":[{"embeddable":true,"href":"https:\/\/diariodominicano.com\/index.php?rest_route=%2Fwp%2Fv2%2Fcomments&post=372341"}],"version-history":[{"count":4,"href":"https:\/\/diariodominicano.com\/index.php?rest_route=\/wp\/v2\/posts\/372341\/revisions"}],"predecessor-version":[{"id":372351,"href":"https:\/\/diariodominicano.com\/index.php?rest_route=\/wp\/v2\/posts\/372341\/revisions\/372351"}],"wp:featuredmedia":[{"embeddable":true,"href":"https:\/\/diariodominicano.com\/index.php?rest_route=\/wp\/v2\/media\/372342"}],"wp:attachment":[{"href":"https:\/\/diariodominicano.com\/index.php?rest_route=%2Fwp%2Fv2%2Fmedia&parent=372341"}],"wp:term":[{"taxonomy":"category","embeddable":true,"href":"https:\/\/diariodominicano.com\/index.php?rest_route=%2Fwp%2Fv2%2Fcategories&post=372341"},{"taxonomy":"post_tag","embeddable":true,"href":"https:\/\/diariodominicano.com\/index.php?rest_route=%2Fwp%2Fv2%2Ftags&post=372341"}],"curies":[{"name":"wp","href":"https:\/\/api.w.org\/{rel}","templated":true}]}}