{"id":37223,"date":"2007-05-23T17:01:39","date_gmt":"2007-05-23T17:01:39","guid":{"rendered":"http:\/\/diariodominicano.ddns.net\/?p=37223"},"modified":"2007-05-23T17:01:39","modified_gmt":"2007-05-23T17:01:39","slug":"entrevistado-en-teledebate-2","status":"publish","type":"post","link":"https:\/\/diariodominicano.com\/?p=37223","title":{"rendered":"ENTREVISTADO EN TELEDEBATE"},"content":{"rendered":"<p><body><\/p>\n<style type=\"text\/css\"><![CDATA[\n<!--\n.style6 {\n\tcolor: #000066;\n\tfont-weight: bold;\n}\n.style7 {font-size: 12px; color: #000033; font-style: normal; line-height: normal; text-transform: none; font-family: Arial;}\n.style8 {color: #000000; font-family: Arial; line-height: normal; font-weight: bold; font-size: 18px;}\n-->\n]]><\/style>\n<p>&#13;<\/p>\n<p align=\"center\"><span class=\"style8\">ENTREVISTADO EN TELEDEBATE<\/span><br \/>&#13;<br \/>\n  <br \/>&#13;<br \/>\n    <span class=\"style7\">V\u00ecctor Gom\u00e8z Casanovas<\/span><br \/>&#13;<br \/>\n  <br \/>&#13;<br \/>\n  <em class=\"textopq1\"><strong>Comunicador<\/strong><\/em><br \/>&#13;<br \/>\n  <br \/>&#13;<br \/>\n  <em><strong>Secretario General del <\/strong><\/em><span class=\"style6\">PRSC<\/span><\/p>\n<p>&#13;<\/p>\n<p align=\"justify\"><strong>Es uno de los m\u00e0s pol\u00e9micos y combativos representativos  de la generaci\u00f3n de relevo en el seno del PRSC donde disfruta de un espacio de  gran importancia e incidencia en el desempe\u00f1o de la Secretar\u00eca General  de esa agrupaci\u00f3n, cargo al que accedi\u00f3 por esfuerzo propio a trav\u00e8s de unas  primarias.<\/strong><\/p>\n<p>&#13;<\/p>\n<p align=\"center\" class=\"titulogrande\">SUS PRINCIPALES OPINIONES<\/p>\n<p>&#13;<\/p>\n<ol>&#13;<\/p>\n<li>&#13;\n<div align=\"justify\"><span class=\"text1noticias\">Oportunamente hice el planteamiento de elegir un  candidato de consenso a trav\u00e8s de una previa encuesta. Sin embargo los  precandidatos prefirieron enfrentar el veredicto de las primarias. Ese proceso  se ha venido llevando a cabo dentro de un marco de orden y respeto mutuo.<\/span><\/div>\n<p>&#13;\n  <\/li>\n<p>&#13;\n<\/ol>\n<p>&#13;<\/p>\n<p align=\"justify\">\u00a0<\/p>\n<p>&#13;<\/p>\n<div align=\"justify\">&#13;<\/p>\n<ol>&#13;<\/p>\n<li><span class=\"text1noticias\">Poseemos los mejores candidatos. Tanto Amable  Aristy como Eduardo Estrella y Luis Toral son hombres de probada experiencia en  las diferentes posiciones que han ocupado.<\/span><\/li>\n<p>&#13;\n  <\/ol>\n<p>&#13;<\/p>\n<ol>&#13;<\/p>\n<li><span class=\"text1noticias\">Rechazo la posibilidad de que otras organizaciones  o grupos pol\u00edticos puedan intervenir en las primarias internas del PRSC.\u00a0 Utilizaremos el padr\u00f3n de la JCE pero s\u00f2lo podr\u00e0n votar los  que est\u00e0n inscriptos en nuestro partido y todos aquellos electores que no  aparezcan registrados en alg\u00f9n otro.<\/span><\/li>\n<p>&#13;\n  <\/ol>\n<p>&#13;\n<\/p><\/div>\n<p>&#13;<\/p>\n<p align=\"justify\">\u00a0<\/p>\n<p>&#13;<\/p>\n<div align=\"justify\">&#13;<\/p>\n<ol>&#13;<\/p>\n<li><span class=\"text1noticias\">El hecho de que Eduardo Estrella est\u00e8 utilizando  en su campa\u00f1a el lema de \u201cun candidato para ganar y no para negociar\u201d al igual  que los que est\u00e0n enarbolando Aristy Castro y Toral son simples reclamos  publicitarios. En modo alguno significa que en el PRSC exista una corriente  favorable a que el partido no presente su candidato propio a la Presidencia.\u00a0 Esta posibilidad est\u00e0 descartada.<\/span><\/li>\n<p>&#13;\n  <\/ol>\n<p>&#13;<\/p>\n<ol>&#13;<\/p>\n<li><span class=\"text1noticias\">El tema de las posibles alianzas en una segunda  vuelta la dejamos al tiempo. Estamos a un a\u00f1o de las elecciones generales y la  pol\u00edtica es muy cambiante. Nuestra meta es clasificar para la segunda vuelta y  ser opci\u00f2n de poder. Ya entonces decidiremos sobre cualquier alianza pero  siempre en apoyo de nuestro candidato. Tanto el PLD como el PRD son al presente  nuestros adversarios.\u00a0 Y ha quedado  probado que con ninguno de ellos el pa\u00ecs encuentra soluci\u00f2n a sus problemas.<\/span><\/li>\n<p>&#13;\n  <\/ol>\n<p>&#13;\n<\/p><\/div>\n<p>&#13;<\/p>\n<p align=\"justify\">\u00a0<\/p>\n<p>&#13;<\/p>\n<div align=\"justify\">&#13;<\/p>\n<ol>&#13;<\/p>\n<li><span class=\"text1noticias\">El Partido est\u00e0 reunificado a\u00a0 lo interno. No es posible hacerlo con el  grupo de funcionarios oficiales que en un momento determinado ocuparon  posiciones en nuestro partido pero que ahora no estar\u00ecan en disposici\u00f2n de  apoyar a nuestro candidato sino que le han extendido su respaldo al proyecto  reeleccionista del Presidente Leonel Fern\u00e1ndez.<\/span><\/li>\n<p>&#13;\n  <\/ol>\n<p>&#13;<\/p>\n<ol>&#13;<\/p>\n<li><span class=\"text1noticias\">Con el mayor respeto para el Cardenal L\u00f2pez  Rodr\u00edguez pero me parece que dos semanas de campa\u00f1a es muy poco tiempo. El pa\u00ecs  no puede vivir en permanente actividad pol\u00edtica, no lo resiste.\u00a0 Lo que procede es aplicar el t\u00e8rmino de  noventa d\u00ecas establecido en la Ley Electoral.\u00a0\u00a0  Creo que deben unificarse las elecciones no el mismo d\u00eca pero s\u00ec el  mismo a\u00f1o con poca diferencia de tiempo.<\/span><\/li>\n<p>&#13;\n  <\/ol>\n<p>&#13;\n<\/p><\/div>\n<p>&#13;<\/p>\n<p align=\"justify\">\u00a0<\/p>\n<p>&#13;<br \/>\n<span class=\"text1noticias\">&#13;<\/p>\n<ol>&#13;\n<\/ol>\n<p><\/span>&#13;<\/p>\n<div align=\"justify\">&#13;<\/p>\n<ul>&#13;<\/p>\n<li><span class=\"text1noticias\">El Presidente de la C\u00e0mara tiene la  responsabilidad de identificar ante el pa\u00ecs qui\u00e8nes son los partidos y los  pol\u00edticos que reciben financiamiento del narcotr\u00e1fico. Ya es hora de terminar  con este tipo de acusaciones generalizadas.\u00a0\u00a0  Por la posici\u00f3n que ocupa \u00e8l tiene los medios y la oportunidad de  hacerlo.<\/span><\/li>\n<p>&#13;\n  <\/ul>\n<p>&#13;\n<\/p><\/div>\n<p>&#13;<\/p>\n<ul>&#13;\n<\/ul>\n<p>&#13;<\/p>\n<h6> 2007-05-23 17:01:39 <\/h6>\n<p><!--\n<link rel=\"stylesheet\" href=\"css\/bootstrap.min.css\">\n\n\n<ul class=\"pagination\">\n\t    \n\t\n\n<li >\n\t<a href='?page_no=13006'>Previous<\/a>\n\t<\/li>\n\n\n       \n    \n\n<li><a href='?page_no=1'>1<\/a><\/li>\n\n\n\n<li><a href='?page_no=2'>2<\/a><\/li>\n\n\n\n<li><a>...<\/a><\/li>\n\n\n\n<li><a href='?page_no=13005'>13005<\/a><\/li>\n\n\n\n<li><a href='?page_no=13006'>13006<\/a><\/li>\n\n\n\n<li class='active'><a>13007<\/a><\/li>\n\n\n\n<li><a href='?page_no=13008'>13008<\/a><\/li>\n\n\n\n<li><a href='?page_no=13009'>13009<\/a><\/li>\n\n\n\n<li><a>...<\/a><\/li>\n\n\n\n<li><a href='?page_no=13611'>13611<\/a><\/li>\n\n\n\n<li><a href='?page_no=13612'>13612<\/a><\/li>\n\n    \n\t\n\n<li >\n\t<a href='?page_no=13008'>Next<\/a>\n\t<\/li>\n\n\n    \n\n<li><a href='?page_no=13612'>Last &rsaquo;&rsaquo;<\/a><\/li>\n\n<\/ul>\n\n\n--><br \/>\n<\/body><\/p>\n","protected":false},"excerpt":{"rendered":"<p>&#13; ENTREVISTADO EN TELEDEBATE&#13; &#13; V\u00ecctor Gom\u00e8z Casanovas&#13; &#13; Comunicador&#13; &#13; Secretario General del PRSC &#13; Es uno de los m\u00e0s pol\u00e9micos y combativos representativos de la generaci\u00f3n de relevo en el seno del PRSC donde disfruta de un espacio de gran importancia e incidencia en el desempe\u00f1o de la Secretar\u00eca General de esa agrupaci\u00f3n, [&hellip;]<\/p>\n","protected":false},"author":3,"featured_media":0,"comment_status":"open","ping_status":"open","sticky":false,"template":"","format":"standard","meta":{"footnotes":""},"categories":[16],"tags":[],"class_list":["post-37223","post","type-post","status-publish","format-standard","hentry","category-opiniones"],"_links":{"self":[{"href":"https:\/\/diariodominicano.com\/index.php?rest_route=\/wp\/v2\/posts\/37223","targetHints":{"allow":["GET"]}}],"collection":[{"href":"https:\/\/diariodominicano.com\/index.php?rest_route=\/wp\/v2\/posts"}],"about":[{"href":"https:\/\/diariodominicano.com\/index.php?rest_route=\/wp\/v2\/types\/post"}],"author":[{"embeddable":true,"href":"https:\/\/diariodominicano.com\/index.php?rest_route=\/wp\/v2\/users\/3"}],"replies":[{"embeddable":true,"href":"https:\/\/diariodominicano.com\/index.php?rest_route=%2Fwp%2Fv2%2Fcomments&post=37223"}],"version-history":[{"count":0,"href":"https:\/\/diariodominicano.com\/index.php?rest_route=\/wp\/v2\/posts\/37223\/revisions"}],"wp:attachment":[{"href":"https:\/\/diariodominicano.com\/index.php?rest_route=%2Fwp%2Fv2%2Fmedia&parent=37223"}],"wp:term":[{"taxonomy":"category","embeddable":true,"href":"https:\/\/diariodominicano.com\/index.php?rest_route=%2Fwp%2Fv2%2Fcategories&post=37223"},{"taxonomy":"post_tag","embeddable":true,"href":"https:\/\/diariodominicano.com\/index.php?rest_route=%2Fwp%2Fv2%2Ftags&post=37223"}],"curies":[{"name":"wp","href":"https:\/\/api.w.org\/{rel}","templated":true}]}}