{"id":37214,"date":"2020-07-29T00:05:38","date_gmt":"2020-07-29T00:05:38","guid":{"rendered":"http:\/\/diariodominicano.ddns.net\/?p=37214"},"modified":"2020-07-29T00:05:38","modified_gmt":"2020-07-29T00:05:38","slug":"modernizar-el-gobierno","status":"publish","type":"post","link":"https:\/\/diariodominicano.com\/?p=37214","title":{"rendered":"Modernizar el gobierno"},"content":{"rendered":"<p><body><\/p>\n<p><strong>Diariodominicano.com<\/strong><\/p>\n<p><strong>A Pleno Sol<\/strong><\/p>\n<p><strong> <\/strong><\/p>\n<p><strong>Modernizar el gobierno<\/strong><\/p>\n<p><strong> <\/strong><\/p>\n<p><strong>Por Manuel Hern\u00e1ndez Villeta<\/strong><\/p>\n<p><strong> <\/strong><\/p>\n<p><strong> <\/strong><\/p>\n<\/p>\n<p>La modernizaci\u00f3n y reingenier\u00eda del sector p\u00fablico es necesaria. Por a\u00f1os, las oficinas del Estado se convirtieron en zona de empleos sobrepasando las n\u00f3minas, y sin tomar en cuenta las necesidades generales de esas dependencias.<\/p>\n<\/p>\n<p>La dualidad de funciones en la administraci\u00f3n p\u00fablica lleg\u00f3 como una necesidad de conseguir empleos para los amigos de viaje. No fue para cumplir con razones y necesidades perentorias. Hoy, se pueden eliminar dependencias que no tienen raz\u00f3n de ser.<\/p>\n<\/p>\n<p>Pero tambi\u00e9n hay que pensar en las cargas sociales. Muchas personas  obtienen un salario por sus servicios en esas dependencias que es necesario abolir. Hay que tratar los casos con manos de cirujano. No se trata de amputar a lo loco, sino paulatinamente y conociendo cada caso en particular.<\/p>\n<\/p>\n<p>La administraci\u00f3n p\u00fablica hay que adecuarla a las necesidades del siglo 21. La estela en las empresas privadas es la menor ocupaci\u00f3n de personas para realizar una labor determinada. En los supermercados se puede observar, cuando una cajera desempe\u00f1a ahora  funciones que hace un tiempo ocupaban cuatro y cinco personas.<\/p>\n<\/p>\n<p>Los empresarios propician el desempleo, porque lo \u00fanico que les interesa es bajar los costos y los gastos. La tecnolog\u00eda de punta es costosa, pero a largo plazo deja beneficios. Representa rapidez y ahorro.<\/p>\n<\/p>\n<p>Hay dependencias del Estado que no tienen raz\u00f3n de ser. Es el caso del Consejo Estatal del Az\u00facar. Hace a\u00f1os fracas\u00f3 en administrar alg\u00fan rengl\u00f3n productivo, y m\u00e1s bien sus funcionarios de lo que se ocupan es de administrar tierras.<\/p>\n<\/p>\n<p>Pero la eliminaci\u00f3n de un plumazo del CEA puede representar problemas sociales, por la carga de desempleo que ocasionar\u00e1 entre la gente de menor demanda t\u00e9cnica e intelectual. En una refundici\u00f3n con Bienes Nacionales todos sus empleados quedar\u00edan fuera. Puede ser una acci\u00f3n dolorosa, pero es necesario eliminar al CEA<\/p>\n<\/p>\n<p>La Oficina de Ingenieros Supervisores de Obras del Estado no tiene raz\u00f3n de ser, y debe ser borrada tan pronto como el mismo 16 de agosto. Ha sido nido de esc\u00e1ndalos y acusaciones, adem\u00e1s de que hace d\u00e9cadas viol\u00f3 sus reglamentos internos.<\/p>\n<\/p>\n<p> La reforma de la administraci\u00f3n p\u00fablica se tiene obligatoriamente que llevar a cabo, pero que se act\u00fae con pies de plomo y mente limpia y fresca, porque  hay que pensar en el componente social que est\u00e1 de por medio. Modernizaci\u00f3n y eliminaci\u00f3n es una buena consigna, pero tratando cada caso y las soluciones  de forma particular. \u00a1Ay!, se me acab\u00f3 la tinta.<\/p>\n<\/p>\n<h6> 2020-07-29 00:05:38 <\/h6>\n<p><!--\n<link rel=\"stylesheet\" href=\"css\/bootstrap.min.css\">\n\n\n<ul class=\"pagination\">\n\t    \n\t\n\n<li >\n\t<a href='?page_no=129'>Previous<\/a>\n\t<\/li>\n\n\n       \n    \n\n<li><a href='?page_no=1'>1<\/a><\/li>\n\n\n\n<li><a href='?page_no=2'>2<\/a><\/li>\n\n\n\n<li><a>...<\/a><\/li>\n\n\n\n<li><a href='?page_no=128'>128<\/a><\/li>\n\n\n\n<li><a href='?page_no=129'>129<\/a><\/li>\n\n\n\n<li class='active'><a>130<\/a><\/li>\n\n\n\n<li><a href='?page_no=131'>131<\/a><\/li>\n\n\n\n<li><a href='?page_no=132'>132<\/a><\/li>\n\n\n\n<li><a>...<\/a><\/li>\n\n\n\n<li><a href='?page_no=13611'>13611<\/a><\/li>\n\n\n\n<li><a href='?page_no=13612'>13612<\/a><\/li>\n\n    \n\t\n\n<li >\n\t<a href='?page_no=131'>Next<\/a>\n\t<\/li>\n\n\n    \n\n<li><a href='?page_no=13612'>Last &rsaquo;&rsaquo;<\/a><\/li>\n\n<\/ul>\n\n\n--><br \/>\n<\/body><\/p>\n","protected":false},"excerpt":{"rendered":"<p>Diariodominicano.com A Pleno Sol Modernizar el gobierno Por Manuel Hern\u00e1ndez Villeta La modernizaci\u00f3n y reingenier\u00eda del sector p\u00fablico es necesaria. Por a\u00f1os, las oficinas del Estado se convirtieron en zona de empleos sobrepasando las n\u00f3minas, y sin tomar en cuenta las necesidades generales de esas dependencias. La dualidad de funciones en la administraci\u00f3n p\u00fablica lleg\u00f3 [&hellip;]<\/p>\n","protected":false},"author":3,"featured_media":0,"comment_status":"open","ping_status":"open","sticky":false,"template":"","format":"standard","meta":{"footnotes":""},"categories":[16],"tags":[],"class_list":["post-37214","post","type-post","status-publish","format-standard","hentry","category-opiniones"],"_links":{"self":[{"href":"https:\/\/diariodominicano.com\/index.php?rest_route=\/wp\/v2\/posts\/37214","targetHints":{"allow":["GET"]}}],"collection":[{"href":"https:\/\/diariodominicano.com\/index.php?rest_route=\/wp\/v2\/posts"}],"about":[{"href":"https:\/\/diariodominicano.com\/index.php?rest_route=\/wp\/v2\/types\/post"}],"author":[{"embeddable":true,"href":"https:\/\/diariodominicano.com\/index.php?rest_route=\/wp\/v2\/users\/3"}],"replies":[{"embeddable":true,"href":"https:\/\/diariodominicano.com\/index.php?rest_route=%2Fwp%2Fv2%2Fcomments&post=37214"}],"version-history":[{"count":0,"href":"https:\/\/diariodominicano.com\/index.php?rest_route=\/wp\/v2\/posts\/37214\/revisions"}],"wp:attachment":[{"href":"https:\/\/diariodominicano.com\/index.php?rest_route=%2Fwp%2Fv2%2Fmedia&parent=37214"}],"wp:term":[{"taxonomy":"category","embeddable":true,"href":"https:\/\/diariodominicano.com\/index.php?rest_route=%2Fwp%2Fv2%2Fcategories&post=37214"},{"taxonomy":"post_tag","embeddable":true,"href":"https:\/\/diariodominicano.com\/index.php?rest_route=%2Fwp%2Fv2%2Ftags&post=37214"}],"curies":[{"name":"wp","href":"https:\/\/api.w.org\/{rel}","templated":true}]}}