{"id":37212,"date":"2007-05-25T16:40:19","date_gmt":"2007-05-25T16:40:19","guid":{"rendered":"http:\/\/diariodominicano.ddns.net\/?p=37212"},"modified":"2007-05-25T16:40:19","modified_gmt":"2007-05-25T16:40:19","slug":"invitado-en-teledebate-5","status":"publish","type":"post","link":"https:\/\/diariodominicano.com\/?p=37212","title":{"rendered":"INVITADO EN TELEDEBATE"},"content":{"rendered":"<p><body><\/p>\n<p><span class=\"titulogrande1\">INVITADO EN TELEDEBATE<\/span><br \/>&#13;<br \/>\n  <br \/>&#13;<br \/>\n    <span class=\"ttmediao\">General del Ej\u00e8rcito<\/span>:<br \/>&#13;<br \/>\n  <br \/>&#13;<br \/>\n  <span class=\"textogrande\">Rafael Radham\u00e8s Ram\u00edrez  Ferreira<\/span><br \/>&#13;<br \/>\n  <br \/>&#13;<br \/>\n  <span class=\"textopq1\"><strong>Presidente de la Direcci\u00f2n General  de Control de Drogas<\/strong><\/span><\/p>\n<p>&#13;<\/p>\n<p align=\"justify\" class=\"text1noticias\">En TELEDEBATE nos honra hoy contar con la presencia del  alto militar que a trav\u00e8s de sus actuaciones ha ido ganando un espacio cada vez  m\u00e0s creciente de admiraci\u00f3n y respeto para \u00e8l y el cuerpo que dirige por parte  de la sociedad dominicana.\u00a0 Todos saben  que pese a estar trabajando como quien dice \u201ca mano pelada\u201d la DNCD bajo la gesti\u00f2n del  general Ram\u00edrez Ferreira le ha asestado los m\u00e0s duros golpes al narcotr\u00e1fico  internacional y local.\u00a0 Pero hay que  destacar adem\u00e1s que se trata de una figura que combina sus obligaciones  castrenses con inquietudes literarias que cada semana se expresan a trav\u00e8s de  la columna que mantiene en El Nacional de Ahora donde deja reiterada constancia  de su definido sentido y alcance de su apasionada dominicanidad.<\/p>\n<p>&#13;<\/p>\n<p align=\"justify\" class=\"text1noticias\">= Un aspecto que llama la atenci\u00f3n:\u00a0 \u00bfpor qu\u00e8 el cargo de Presidente si se trata  de una Direcci\u00f2n General?<\/p>\n<p>&#13;<\/p>\n<p align=\"justify\" class=\"text1noticias\">= Otro detalle interesante: \u00bfpor qu\u00e8 no posee un  personal propio sino que es venido de los distintos cuerpos militares?\u00a0 \u00bfNo ofrece esto dificultades al momento de  coordinar el trabajo entre elementos de diferente procedencia?<\/p>\n<p>&#13;<\/p>\n<p align=\"justify\" class=\"text1noticias\">= \u00bfEste personal recibe alg\u00fan entrenamiento  especializado?\u00a0 \u00bfSe cuenta con personal  capacitado para ello? \u00bfSon dominicanos o capacitado por entrenadores  extranjeros?<\/p>\n<p>&#13;<\/p>\n<p align=\"justify\" class=\"text1noticias\">= Se dice que bajo su gesti\u00f2n se han desmantelado  cientos, quiz\u00e0s miles de puntos de venta de drogas y tambi\u00e8n que se han  detenido a una gran cantidad de elementos vinculados al narcotr\u00e1fico  local?\u00a0 \u00bfEs cierto esto? \u00bfPodemos tener  una cifra m\u00e0s o menos exacta as\u00ec como de la cantidad de droga ocupada?<\/p>\n<p>&#13;<\/p>\n<p align=\"justify\" class=\"text1noticias\">= En distintas oportunidades se ha informado de  numerosas bajas en el personal que presta servicios en la DGCD por indisciplina en unos  casos, y en otros por presunta asociaci\u00f3n con los narcotraficantes.\u00a0 \u00bfSimplemente se les separa del cuerpo o son  investigados y sometidos a la justicia?<\/p>\n<p>&#13;<\/p>\n<p align=\"justify\" class=\"text1noticias\">= \u00bfDe d\u00f2nde procede la droga que llega al pa\u00ecs?\u00a0 Se habla de Colombia, de Venezuela, de  Hait\u00ed&#8230;<\/p>\n<p>&#13;<\/p>\n<p align=\"justify\" class=\"text1noticias\">= \u00bfCu\u00e0les son los puntos de entrada m\u00e0s utilizados:  la frontera, v\u00eca mar\u00ecma, por aire?<\/p>\n<p>&#13;<\/p>\n<p align=\"justify\" class=\"text1noticias\">= En varias oportunidades, usted se ha quejado de la  permisividad, flexibilidad con que los tribunales de justicia acogen y manejan  los expedientes de drogas. La gente tiene la impresi\u00f3n de que muchos elementos  ligados al narco obtienen f\u00e1cilmente su libertad. \u00bfPersiste esta situaci\u00f3n o se  nota una mayor cooperaci\u00f3n por parte de la Justicia?<\/p>\n<p>&#13;<\/p>\n<p align=\"justify\" class=\"text1noticias\">= \u00bfCon qu\u00e8 recursos cuenta el cuerpo que usted  dirige para hacer frente al narco?\u00a0 \u00bfYa  llegaron las cuatro lanchas patrulleras prometidas por los Estados Unidos?\u00a0 \u00bfQu\u00e8 hay del radar tridimensional para  detectar vuelos a baja altura ofrecido por Condoleza Rice al Presidente Leonel  Fern\u00e1ndez hace ya bastante tiempo?<\/p>\n<p>&#13;<\/p>\n<p align=\"justify\" class=\"text1noticias\">= En d\u00ecas recientes, el Presidente de la C\u00e0mara de Diputados declar\u00f2  que el narcotr\u00e1fico est\u00e0 financiando campa\u00f1as pol\u00ecticas.\u00a0 De acuerdo a su experiencia, \u00bfconsidera que  la penetraci\u00f3n del narcotr\u00e1fico en el pa\u00ecs es de tal naturaleza que permea  todas las instancias de la sociedad dominicana y los estamentos de poder?<\/p>\n<p>&#13;<\/p>\n<p align=\"justify\" class=\"text1noticias\">= \u00bfHasta qu\u00e8 extremo es de grave esta  penetraci\u00f3n?\u00a0 \u00bfConsidera que la sociedad  dominicana ha cobrado cabal conciencia del grave peligro que comporta el  narcotr\u00e1fico? De no reaccionar a tiempo y con la necesaria energ\u00eda haciendo un  frente com\u00f9n contra el tr\u00e0fico y consumo de drogas, \u00bfcorremos el riesgo de  convertirnos en un narcoestado?<\/p>\n<p>&#13;<\/p>\n<p align=\"justify\" class=\"text1noticias\">= \u00bfQu\u00e8 mensaje le dirigir\u00eca usted al pa\u00ecs y en  particular a la juventud? <\/p>\n<p>&#13;<\/p>\n<h6> 2007-05-25 16:40:19 <\/h6>\n<p><!--\n<link rel=\"stylesheet\" href=\"css\/bootstrap.min.css\">\n\n\n<ul class=\"pagination\">\n\t    \n\t\n\n<li >\n\t<a href='?page_no=12998'>Previous<\/a>\n\t<\/li>\n\n\n       \n    \n\n<li><a href='?page_no=1'>1<\/a><\/li>\n\n\n\n<li><a href='?page_no=2'>2<\/a><\/li>\n\n\n\n<li><a>...<\/a><\/li>\n\n\n\n<li><a href='?page_no=12997'>12997<\/a><\/li>\n\n\n\n<li><a href='?page_no=12998'>12998<\/a><\/li>\n\n\n\n<li class='active'><a>12999<\/a><\/li>\n\n\n\n<li><a href='?page_no=13000'>13000<\/a><\/li>\n\n\n\n<li><a href='?page_no=13001'>13001<\/a><\/li>\n\n\n\n<li><a>...<\/a><\/li>\n\n\n\n<li><a href='?page_no=13611'>13611<\/a><\/li>\n\n\n\n<li><a href='?page_no=13612'>13612<\/a><\/li>\n\n    \n\t\n\n<li >\n\t<a href='?page_no=13000'>Next<\/a>\n\t<\/li>\n\n\n    \n\n<li><a href='?page_no=13612'>Last &rsaquo;&rsaquo;<\/a><\/li>\n\n<\/ul>\n\n\n--><br \/>\n<\/body><\/p>\n","protected":false},"excerpt":{"rendered":"<p>INVITADO EN TELEDEBATE&#13; &#13; General del Ej\u00e8rcito:&#13; &#13; Rafael Radham\u00e8s Ram\u00edrez Ferreira&#13; &#13; Presidente de la Direcci\u00f2n General de Control de Drogas &#13; En TELEDEBATE nos honra hoy contar con la presencia del alto militar que a trav\u00e8s de sus actuaciones ha ido ganando un espacio cada vez m\u00e0s creciente de admiraci\u00f3n y respeto para [&hellip;]<\/p>\n","protected":false},"author":3,"featured_media":0,"comment_status":"open","ping_status":"open","sticky":false,"template":"","format":"standard","meta":{"footnotes":""},"categories":[16],"tags":[],"class_list":["post-37212","post","type-post","status-publish","format-standard","hentry","category-opiniones"],"_links":{"self":[{"href":"https:\/\/diariodominicano.com\/index.php?rest_route=\/wp\/v2\/posts\/37212","targetHints":{"allow":["GET"]}}],"collection":[{"href":"https:\/\/diariodominicano.com\/index.php?rest_route=\/wp\/v2\/posts"}],"about":[{"href":"https:\/\/diariodominicano.com\/index.php?rest_route=\/wp\/v2\/types\/post"}],"author":[{"embeddable":true,"href":"https:\/\/diariodominicano.com\/index.php?rest_route=\/wp\/v2\/users\/3"}],"replies":[{"embeddable":true,"href":"https:\/\/diariodominicano.com\/index.php?rest_route=%2Fwp%2Fv2%2Fcomments&post=37212"}],"version-history":[{"count":0,"href":"https:\/\/diariodominicano.com\/index.php?rest_route=\/wp\/v2\/posts\/37212\/revisions"}],"wp:attachment":[{"href":"https:\/\/diariodominicano.com\/index.php?rest_route=%2Fwp%2Fv2%2Fmedia&parent=37212"}],"wp:term":[{"taxonomy":"category","embeddable":true,"href":"https:\/\/diariodominicano.com\/index.php?rest_route=%2Fwp%2Fv2%2Fcategories&post=37212"},{"taxonomy":"post_tag","embeddable":true,"href":"https:\/\/diariodominicano.com\/index.php?rest_route=%2Fwp%2Fv2%2Ftags&post=37212"}],"curies":[{"name":"wp","href":"https:\/\/api.w.org\/{rel}","templated":true}]}}