{"id":37208,"date":"2007-05-25T17:10:28","date_gmt":"2007-05-25T17:10:28","guid":{"rendered":"http:\/\/diariodominicano.ddns.net\/?p=37208"},"modified":"2007-05-25T17:10:28","modified_gmt":"2007-05-25T17:10:28","slug":"prsc-una-crisis-que-puede-convertirse-en-oportunidad","status":"publish","type":"post","link":"https:\/\/diariodominicano.com\/?p=37208","title":{"rendered":"PRSC: una crisis que puede convertirse en oportunidad"},"content":{"rendered":"<p><body><\/p>\n<p><span class=\"titulogrande\"><strong>PRSC:<\/strong><\/span><strong class=\"titulogrande1\"> una crisis que puede convertirse en oportunidad<\/strong><\/p>\n<p>&#13;<\/p>\n<p><span class=\"textopq1\"><em><strong>Por<\/strong> <\/em><\/span><strong class=\"textogrande\">Guillermo Caram<\/strong><\/p>\n<p>&#13;<\/p>\n<p align=\"justify\" class=\"text1noticias\">La  carta del Presidente del PRSC a los precandidatos del partido colocan al  reformismo en una nueva crisis \u00a0que puede  ser aprovechada para convertirla en oportunidad de que el reformismo vuelva al  poder.<\/p>\n<p>&#13;<\/p>\n<p align=\"justify\" class=\"text1noticias\">Al  admitir que la posici\u00f3n del partido y las posibilidades de los candidatos \u201cno  es la m\u00e1s adecuada\u201d, el Presidente del PRSC: <\/p>\n<p>&#13;<\/p>\n<p align=\"justify\" class=\"text1noticias\">(1) Le echa un balde de agua fr\u00eda a las primarias, desluci\u00e9ndolas  y reforzando el \u00a0des\u00e1nimo diagnosticado en  la encuesta Gallup \u2013 Hoy en la que solo el 14.6% de la poblaci\u00f3n se interesaba  en ellas, olvid\u00e1ndose que semanas atr\u00e1s hab\u00eda declarado que mas de una tercera  parte de la ciudadan\u00eda aspiraba que el reformismo volviera al poder. <\/p>\n<p>&#13;<\/p>\n<p align=\"justify\" class=\"text1noticias\">(2) Apela a la unidad cuando acaba de ahondar la  ciza\u00f1a divisoria al someter a uno de los reformistas mas connotados a la SCJ y <\/p>\n<p>&#13;<\/p>\n<p align=\"justify\" class=\"text1noticias\">(3) Apela al desprendimiento de los pre candidatos que,  al descalificarlos, se interpreta como la insinuaci\u00f3n de si mismo o de  extrapartidos con los que ha estado vinculado, cuando en la carta de marras descalifica  no solo\u00a0 a los precandidatos sino al  partido. <\/p>\n<p>&#13;<\/p>\n<p align=\"justify\" class=\"text1noticias\">Con  estas posiciones hoy confesadas en la citada carta, se confirman la  aprehensiones que hab\u00edamos pronosticado sobre\u00a0  la existencia de condiciones para abocarse a unas primarias para escoger  el candidato presidenciales PRSC. Queda demostrado que predomina en el PRSC una  direcci\u00f3n\u00a0 apostando al caos para  revolotear las aguas con la pretensi\u00f3n de pescar ganancias; y cuya principal  manifestaci\u00f3n la constituye la falta de organizaci\u00f3n del partido testimoniada \u00a0por la no disponibilidad de un padr\u00f3n propio que  lleva a recurrir al de la JCE  excluyendo los inscritos en el PRD y PLD, con todo el riesgo que esto conlleva.<\/p>\n<p>&#13;<\/p>\n<p align=\"justify\" class=\"text1noticias\">Todo  apunta pues, hacia una nueva crisis que podr\u00eda concluir reduciendo mas de lo  que est\u00e1, la cuota de poder del PRSC; a menos que protagonistas del actual proceso,  particularmente Eduardo Estrella y Amable Aristy, \u00a0decidan aprovechar esta \u00a0coyuntura para reconvertirlo en opci\u00f3n de poder  con miras a dotarle al pa\u00eds el gobierno que exigen las circunstancias. <\/p>\n<p>&#13;<\/p>\n<p align=\"justify\" class=\"text1noticias\">Pero  para que el partido vuelva a percibirse como opci\u00f3n de poder requiere de la unidad  a la que alude el Presidente del PRSC en su carta. Pero una unidad bien  entendida, no limitada a mantener unido lo que nunca se ha dividido sino  reincorporar la di\u00e1spora expulsada y excluida, a\u00fan los que est\u00e1n en el  gobierno; ya que ello no constituye obst\u00e1culo para el cumplimiento de roles de un  partido, como se demostr\u00f3 en 1966, cuando Martinez Francisco, Brea Pe\u00f1a y Angel  Miol\u00e1n participaron en el gobierno reformista mientras el PRD, liderado por  Bosch, se manten\u00eda unido y en oposici\u00f3n vigorosa.<\/p>\n<p>&#13;<\/p>\n<p align=\"justify\" class=\"text1noticias\">Al  PRSC no le queda otra opci\u00f3n que reunificarse\u00a0  para desempe\u00f1ar un papel airoso en la primera vuelta de mayo pr\u00f3ximo, sea  para protagonizar un pr\u00f3ximo gobierno o para resultar determinante en la  conformaci\u00f3n de la f\u00f3rmula electoral que habr\u00e1 que dise\u00f1arse con miras a la  segunda vuelta que anticipan las encuestas.<\/p>\n<p>&#13;<\/p>\n<h6> 2007-05-25 17:10:28 <\/h6>\n<p><!--\n<link rel=\"stylesheet\" href=\"css\/bootstrap.min.css\">\n\n\n<ul class=\"pagination\">\n\t    \n\t\n\n<li >\n\t<a href='?page_no=12994'>Previous<\/a>\n\t<\/li>\n\n\n       \n    \n\n<li><a href='?page_no=1'>1<\/a><\/li>\n\n\n\n<li><a href='?page_no=2'>2<\/a><\/li>\n\n\n\n<li><a>...<\/a><\/li>\n\n\n\n<li><a href='?page_no=12993'>12993<\/a><\/li>\n\n\n\n<li><a href='?page_no=12994'>12994<\/a><\/li>\n\n\n\n<li class='active'><a>12995<\/a><\/li>\n\n\n\n<li><a href='?page_no=12996'>12996<\/a><\/li>\n\n\n\n<li><a href='?page_no=12997'>12997<\/a><\/li>\n\n\n\n<li><a>...<\/a><\/li>\n\n\n\n<li><a href='?page_no=13611'>13611<\/a><\/li>\n\n\n\n<li><a href='?page_no=13612'>13612<\/a><\/li>\n\n    \n\t\n\n<li >\n\t<a href='?page_no=12996'>Next<\/a>\n\t<\/li>\n\n\n    \n\n<li><a href='?page_no=13612'>Last &rsaquo;&rsaquo;<\/a><\/li>\n\n<\/ul>\n\n\n--><br \/>\n<\/body><\/p>\n","protected":false},"excerpt":{"rendered":"<p>PRSC: una crisis que puede convertirse en oportunidad &#13; Por Guillermo Caram &#13; La carta del Presidente del PRSC a los precandidatos del partido colocan al reformismo en una nueva crisis \u00a0que puede ser aprovechada para convertirla en oportunidad de que el reformismo vuelva al poder. &#13; Al admitir que la posici\u00f3n del partido y [&hellip;]<\/p>\n","protected":false},"author":3,"featured_media":0,"comment_status":"open","ping_status":"open","sticky":false,"template":"","format":"standard","meta":{"footnotes":""},"categories":[16],"tags":[],"class_list":["post-37208","post","type-post","status-publish","format-standard","hentry","category-opiniones"],"_links":{"self":[{"href":"https:\/\/diariodominicano.com\/index.php?rest_route=\/wp\/v2\/posts\/37208","targetHints":{"allow":["GET"]}}],"collection":[{"href":"https:\/\/diariodominicano.com\/index.php?rest_route=\/wp\/v2\/posts"}],"about":[{"href":"https:\/\/diariodominicano.com\/index.php?rest_route=\/wp\/v2\/types\/post"}],"author":[{"embeddable":true,"href":"https:\/\/diariodominicano.com\/index.php?rest_route=\/wp\/v2\/users\/3"}],"replies":[{"embeddable":true,"href":"https:\/\/diariodominicano.com\/index.php?rest_route=%2Fwp%2Fv2%2Fcomments&post=37208"}],"version-history":[{"count":0,"href":"https:\/\/diariodominicano.com\/index.php?rest_route=\/wp\/v2\/posts\/37208\/revisions"}],"wp:attachment":[{"href":"https:\/\/diariodominicano.com\/index.php?rest_route=%2Fwp%2Fv2%2Fmedia&parent=37208"}],"wp:term":[{"taxonomy":"category","embeddable":true,"href":"https:\/\/diariodominicano.com\/index.php?rest_route=%2Fwp%2Fv2%2Fcategories&post=37208"},{"taxonomy":"post_tag","embeddable":true,"href":"https:\/\/diariodominicano.com\/index.php?rest_route=%2Fwp%2Fv2%2Ftags&post=37208"}],"curies":[{"name":"wp","href":"https:\/\/api.w.org\/{rel}","templated":true}]}}