{"id":37207,"date":"2007-05-25T17:20:45","date_gmt":"2007-05-25T17:20:45","guid":{"rendered":"http:\/\/diariodominicano.ddns.net\/?p=37207"},"modified":"2007-05-25T17:20:45","modified_gmt":"2007-05-25T17:20:45","slug":"ecuador-ecuavisa-y-la-libertad-de-expresion","status":"publish","type":"post","link":"https:\/\/diariodominicano.com\/?p=37207","title":{"rendered":"Ecuador: ECUAVISA y la libertad de expresi\u00f3n"},"content":{"rendered":"<p><body><\/p>\n<p><span class=\"titulogrande\">Ecuador:<\/span> <span class=\"titulogrande1\">ECUAVISA y la libertad de expresi\u00f3n<\/span><\/p>\n<p>&#13;<\/p>\n<p class=\"textogrande\"><em>Dax Toscano<\/em><\/p>\n<p>&#13;<\/p>\n<p align=\"justify\"><strong>ALAI AMLATINA,<\/strong> <span class=\"textogrande\">24\/05\/2007,<\/span> <span class=\"textopq1\"><strong>Quito.- <\/strong><\/span><span class=\"text1noticias\">La cadena de televisi\u00f3n  ecuatoriana ECUAVISA est\u00e1 muy preocupada por la libertad de expresi\u00f3n. Dos  hechos son los que han motivado esta  inquietud. El uno es la decisi\u00f3n soberana \u00a0del gobierno venezolano de no renovar la  licencia para el uso de la frecuencia a  la cadena RCTV. El otro es la postura del presidente ecuatoriano Rafael Correa frente a la prensa.<\/span><\/p>\n<p>&#13;<\/p>\n<p align=\"justify\" class=\"text1noticias\">ECUAVISA ha expresado sus opiniones en los noticieros que  transmite en diferentes horarios. Alfonso Espinosa de los Monteros,  vicepresidente de noticias de ese canal, ha sido el encargado de emitir, en  dos ocasiones, sendos comentarios sobre cada uno de los casos se\u00f1alados.<\/p>\n<p>&#13;<\/p>\n<p align=\"justify\" class=\"text1noticias\">En d\u00edas anteriores, en el noticiero de ECUAVISA, de las 20  horas, se transmiti\u00f3 un v\u00eddeo elaborado por los relacionadores  p\u00fablicos de la cadena RCTV para denunciar la pol\u00edtica de Ch\u00e1vez contra ese  medio venezolano. D\u00edas despu\u00e9s, Alfonso Espinosa de los Monteros  entrevistaba al gerente de prensa internacional de RCTV, el se\u00f1or Miguel  \u00c1ngel Rodr\u00edguez, a quien dio el tiempo y el espacio necesario para  lanzar un sinn\u00famero de acusaciones contra el presidente venezolano. Al  final, el entrevistador le expres\u00f3 su solidaridad. Luego se aventur\u00f3 a  comentar que si RCTV cometi\u00f3 alg\u00fan error, en alg\u00fan momento, tambi\u00e9n  ten\u00eda derecho \u00a0a rectificar, lo cual  deber\u00eda ser aceptado por el gobierno de Ch\u00e1vez, ya que la existencia de un canal que haga una  oposici\u00f3n cr\u00edtica es importante para el fortalecimiento del r\u00e9gimen democr\u00e1tico.<\/p>\n<p>&#13;<\/p>\n<p align=\"justify\" class=\"text1noticias\">Ni ECUAVISA, ni su vicepresidente, que dicen respetar y  defender la libertad de expresi\u00f3n, as\u00ed como de mantener una posici\u00f3n  equilibrada en el tratamiento de la informaci\u00f3n, han entrevistado a alg\u00fan  representante del gobierno de Venezuela para que se de una explicaci\u00f3n de  las causas que condujeron a tomar la decisi\u00f3n de no renovar la  concesi\u00f3n a la cadena que dirige el empresario Marcel Granier.<\/p>\n<p>&#13;<\/p>\n<p align=\"justify\" class=\"text1noticias\">De igual manera, nada se ha dicho en ECUAVISA sobre la  participaci\u00f3n directa de RCTV en el golpe fascista del 11 de abril de 2002  contra el presidente Ch\u00e1vez, hecho que fue orquestado por la  oligarqu\u00eda venezolana, los medios privados de ese pa\u00eds y el gobierno  norteamericano.<\/p>\n<p>&#13;<\/p>\n<p align=\"justify\" class=\"text1noticias\">En tantos a\u00f1os de trayectoria period\u00edstica Alfonso Espinosa  de los Monteros debi\u00f3 aprender que quienes ejercen este oficio  est\u00e1n obligados a contrastar la informaci\u00f3n, investigando distintas fuentes.  Ser\u00eda importante que los periodistas de ECUAVISA estudien y  analicen los documentales \u201cLa Revoluci\u00f3n no ser\u00e1 transmitida\u201d y \u201cClaves de una Masacre\u201d, para que comprendan el papel desestabilizador de  los medios privados en Venezuela.<\/p>\n<p>&#13;<\/p>\n<p align=\"justify\" class=\"text1noticias\">Por otro lado, el comentario de Alfonso Espinosa de los  Monteros en el que habla de que si RCTV \u201ccometi\u00f3 un error y lo ha  rectificado&#8230;\u201d, encubre el papel fundamental que ha jugado este medio para  tratar de derrocar al gobierno del presidente Ch\u00e1vez con el prop\u00f3sito  de beneficiar a los grupos que manten\u00edan el poder pol\u00edtico y  econ\u00f3mico en Venezuela. Las palabras del presentador de noticias de  ECUAVISA recuerdan las justificaciones dadas por las tropas yanquis  cuando producto de los bombardeos efectuados con \u201cbombas  inteligentes\u201d en Irak, matan a la poblaci\u00f3n civil indefensa. \u201cDa\u00f1os colaterales\u201d,  llaman a esto los propagandistas del imperio. De la misma forma que estos  actos son realizados con premeditaci\u00f3n, las acciones de RCTV obedecen  a planes met\u00f3dicamente dise\u00f1ados, no a hechos circunstanciales.<\/p>\n<p>&#13;<\/p>\n<p align=\"justify\" class=\"text1noticias\">RCTV, Globovisi\u00f3n, Venevisi\u00f3n, El Nacional, El Universal  azuzaron para que el 11 de abril de 2002 se cometan actos de violencia  contra el pueblo venezolano, falsificaron los hechos, mintieron,  callaron, ocultaron la realidad.<\/p>\n<p>&#13;<\/p>\n<p align=\"justify\" class=\"text1noticias\">\u00bfPor qu\u00e9 ECUAVISA no protest\u00f3 cuando estos medios  pretendieron silenciar la voz del pueblo? \u00bfPor qu\u00e9 Alfonso Espinosa de los Monteros  no expres\u00f3 su indignaci\u00f3n por la violaci\u00f3n a la libertad de expresi\u00f3n  realizada por los medios privados venezolanos? \u00bfSer\u00e1 que qued\u00f3 obnubilado  por las mentiras emitidas por falsimedia?<\/p>\n<p>&#13;<\/p>\n<p align=\"justify\" class=\"text1noticias\">Otro hecho comentado por el periodista en menci\u00f3n, tiene que  ver con las declaraciones y acciones realizadas por el presidente Correa  contra los medios ecuatorianos.<\/p>\n<p>&#13;<\/p>\n<p align=\"justify\" class=\"text1noticias\">El hecho que exasper\u00f3 a Alfonso Espinosa de los Monteros fue  la expulsi\u00f3n de la cadena radial que realiz\u00f3 Correa el d\u00eda  s\u00e1bado 19 de mayo de 2007, desde Carondelet, del editorialista Emilio  Palacio, del diario El Universo. Ante este hecho, el periodista de  ECUAVISA, Carlos Jij\u00f3n, se solidariz\u00f3 con su compa\u00f1ero y se retir\u00f3 de la  reuni\u00f3n.<\/p>\n<p>&#13;<\/p>\n<p align=\"justify\" class=\"text1noticias\">El vicepresidente de noticias de ECUAVISA no se\u00f1al\u00f3 en su  \u201csesudo\u201d comentario la postura desafiante de Emilio Palacio ante el  presidente Correa.<\/p>\n<p>&#13;<\/p>\n<p align=\"justify\" class=\"text1noticias\">Un periodista cr\u00edtico no necesita hacer ninguna teatralidad  y espect\u00e1culo para cuestionar ciertas cosas, tal como lo hizo  Palacio, a no ser que tenga ese prop\u00f3sito con el \u00e1nimo de figurar o la  intenci\u00f3n manifiesta de causar malestar al entrevistado. El  periodista, adem\u00e1s, no debe basar sus cuestionamientos y preguntas en  especulaciones, sino en datos precisos que se obtienen como resultado de la  investigaci\u00f3n period\u00edstica. La opini\u00f3n es principalmente de car\u00e1cter  subjetivo.<\/p>\n<p>&#13;<\/p>\n<p align=\"justify\" class=\"text1noticias\">Rafael Correa es en cierta medida responsable de estos  hechos por invitar, a decir de Alfonso Sastre, a tanto cretino que cree  gozar de total impunidad por encontrarse detr\u00e1s de un micr\u00f3fono, de  una pantalla o de una laptop.<\/p>\n<p>&#13;<\/p>\n<p align=\"justify\" class=\"text1noticias\">No se equivoca el presidente Correa cuando se\u00f1ala que existe  mucha miseria humana, mucha mediocridad en el gremio de los  periodistas o de los que simulan serlo. El servilismo frente a los due\u00f1os de  los medios es evidente en muchos de ellos. Act\u00faan como \u201cpsittacus\u201d,  t\u00e9rmino que designa a las personas que sufren del \u201cs\u00edndrome morboso de  la idiocia\u201d, raz\u00f3n por la cual dicen y hacen tantas estupideces.<\/p>\n<p>&#13;<\/p>\n<p align=\"justify\" class=\"text1noticias\">Pero no s\u00f3lo fue ese hecho lo que indign\u00f3 tanto a Alfonso  Espinosa de los Monteros.<\/p>\n<p>&#13;<\/p>\n<p align=\"justify\" class=\"text1noticias\">El d\u00eda de la cadena radial el presidente Correa utiliz\u00f3 la  palabra \u201cverga\u201d para explicar la significaci\u00f3n antojadiza que se  puede hacer de determinados t\u00e9rminos a partir de las diversas acepciones que  puedan tener. Alfonso Espinosa de los Monteros censur\u00f3 al  presidente acus\u00e1ndole de utilizar un \u201clenguaje pornogr\u00e1fico\u201d.<\/p>\n<p>&#13;<\/p>\n<p align=\"justify\" class=\"text1noticias\">Correa hizo uso de la palabra \u201cverga\u201d para referirse al  \u201cpalo labrado convenientemente, al cual se asegura el gratil de una vela\u201d.  Luego le dijo a Jij\u00f3n que si al le dec\u00edan que \u201cse vaya a la casa de  la verga\u201d, no le querr\u00edan decir que \u201cse vaya al palo&#8230;\u201d<br \/>&#13;<br \/>\n  <br \/>&#13;<br \/>\n  Tal vez Correa no tom\u00f3 en cuenta la reacci\u00f3n de unos medios  pacatos que se ruborizan al escuchar estos t\u00e9rminos de parte de alguien  que para ellos, se supone, debe actuar como un ser inmaculado, puro.  Lo contradictorio es que estos medios no se sorprenden de toda  la porquer\u00eda visual, verbal y escrita que transmiten diariamente,  intoxicando la mente de las y los ni\u00f1os, de las y los j\u00f3venes y tambi\u00e9n de  las y los adultos.<\/p>\n<p>&#13;<\/p>\n<p align=\"justify\" class=\"text1noticias\">De lo que se pudo apreciar en el informativo nocturno de  ECUAVISA, el presidente Correa hizo referencia al t\u00e9rmino \u201cverga\u201d luego  que Carlos Jij\u00f3n tratar\u00e1 con argucias de explicar que la palabra  asaltar puede tener un significado distinto al que Correa habr\u00eda  interpretado de la lectura del titular del diario \u201cLa Hora\u201d, del 26 de abril de  2007, en el que se dice: \u201cCorrea ASALT\u00d3 Junta Bancaria\u201d.<\/p>\n<p>&#13;<\/p>\n<p align=\"justify\" class=\"text1noticias\">Este titular y un editorial publicado el 9 de marzo de 2007  en el que se acusa a Correa de gobernar con \u201ctumultos, piedras y palos\u201d y  de ser un \u201cv\u00e1ndalo\u201d llevaron al mandatario a plantear una demanda  penal por injuria no calumniosa grave contra Francisco Vivanco  Riofr\u00edo, director del diario \u201cLa   Hora\u201d.<\/p>\n<p>&#13;<\/p>\n<p align=\"justify\" class=\"text1noticias\">La   Asociaci\u00f3n Ecuatoriana de Editores de Peri\u00f3dicos public\u00f3 el  13 de mayo de 2007 un comunicado en el cual expresa su malestar  por la decisi\u00f3n tomada por el presidente Correa, a la vez que se  solidarizaban con Francisco Vivanco Riofr\u00edo.<\/p>\n<p>&#13;<\/p>\n<p align=\"justify\" class=\"text1noticias\">El Congreso Nacional tambi\u00e9n hizo un llamado a Correa para  que respete la libertad de expresi\u00f3n y opini\u00f3n. En la resoluci\u00f3n  aprobada por el Congreso el 17 de mayo de 2007 se exhorta al presidente a  que \u201cadopte las medidas necesarias para mantener un clima de paz, de  unidad nacional y de respeto a los derechos esenciales de todos los  ecuatorianos\u201d.<\/p>\n<p>&#13;<\/p>\n<p align=\"justify\" class=\"text1noticias\">Este es el lenguaje t\u00edpico de aquellos que pretenden  encubrir la existencia de las contradicciones sociales generadas por un  sistema basado en la explotaci\u00f3n social.<\/p>\n<p>&#13;<\/p>\n<p align=\"justify\" class=\"text1noticias\">\u00a1Hip\u00f3critas! En un pa\u00eds en el cual existe desigualdad, en el  cual los ricos usufruct\u00faan de la riqueza que produce la clase  trabajadora, no puede existir unidad entre explotadores y explotados. Los  pueblos no creen en estos discursos porque saben que la lucha es el \u00fanico  camino para derrotar a quienes los oprimen.<\/p>\n<p>&#13;<\/p>\n<p align=\"justify\" class=\"text1noticias\">La Sociedad Interamericana de Prensa y Reporteros  Sin Fronteras, organizaciones controladas por los grupos empresariales  medi\u00e1ticos, las mismas que est\u00e1n supeditadas a la pol\u00edtica del gobierno  norteamericano, han condenado tambi\u00e9n la posici\u00f3n de Correa frente a los  medios.<\/p>\n<p>&#13;<\/p>\n<p align=\"justify\" class=\"text1noticias\">\u201cNo hay m\u00e1s ciego que el que no quiere ver\u201d, dice el refr\u00e1n  popular. Al igual que sucede en la Rep\u00fablica Bolivariana  de Venezuela, en el Ecuador se ha puesto en marcha una campa\u00f1a medi\u00e1tica para  desestabilizar al gobierno del presidente Correa. Esta est\u00e1 dirigida por la  oligarqu\u00eda ecuatoriana, la partidocracia corrupta, los due\u00f1os de los  medios y los periodistas serviles. Que no quepa la menor duda que detr\u00e1s  de ella tambi\u00e9n est\u00e1 la mano de la CIA y de las mafias de la desinformaci\u00f3n mundial.<\/p>\n<p>&#13;<\/p>\n<p align=\"justify\" class=\"text1noticias\">Correa debe elaborar una estrategia adecuada de  comunicaci\u00f3n. El presidente tiene que formar un equipo de comunicadores  honestos para poder llevar adelante las acciones necesarias que permitan  detener en el \u00e1mbito comunicacional, el ataque furibundo de falsimedia.  Pero lo m\u00e1s importante, por el momento, es emprender con decisi\u00f3n una  reforma legal e institucional que permita establecer una regulaci\u00f3n sobre  la propiedad de los medios, de sus contenidos. La Asamblea Nacional  Constituyente es un espacio en el cual las fuerzas progresistas, de izquierda  deben luchar para establecer estos mecanismos de regulaci\u00f3n a  trav\u00e9s de la reforma Constitucional. La democratizaci\u00f3n efectiva de los  medios podr\u00e1 dar voz a los sin voz. Solo de esta manera se podr\u00e1 detener  a las mafias medi\u00e1ticas ecuatorianas.<\/p>\n<p>&#13;<\/p>\n<p align=\"justify\" class=\"text1noticias\">&#8211; Dax Toscazo es profesor universitario ecuatoriano.<\/p>\n<p>&#13;<\/p>\n<h6> 2007-05-25 17:20:45 <\/h6>\n<p><!--\n<link rel=\"stylesheet\" href=\"css\/bootstrap.min.css\">\n\n\n<ul class=\"pagination\">\n\t    \n\t\n\n<li >\n\t<a href='?page_no=12993'>Previous<\/a>\n\t<\/li>\n\n\n       \n    \n\n<li><a href='?page_no=1'>1<\/a><\/li>\n\n\n\n<li><a href='?page_no=2'>2<\/a><\/li>\n\n\n\n<li><a>...<\/a><\/li>\n\n\n\n<li><a href='?page_no=12992'>12992<\/a><\/li>\n\n\n\n<li><a href='?page_no=12993'>12993<\/a><\/li>\n\n\n\n<li class='active'><a>12994<\/a><\/li>\n\n\n\n<li><a href='?page_no=12995'>12995<\/a><\/li>\n\n\n\n<li><a href='?page_no=12996'>12996<\/a><\/li>\n\n\n\n<li><a>...<\/a><\/li>\n\n\n\n<li><a href='?page_no=13611'>13611<\/a><\/li>\n\n\n\n<li><a href='?page_no=13612'>13612<\/a><\/li>\n\n    \n\t\n\n<li >\n\t<a href='?page_no=12995'>Next<\/a>\n\t<\/li>\n\n\n    \n\n<li><a href='?page_no=13612'>Last &rsaquo;&rsaquo;<\/a><\/li>\n\n<\/ul>\n\n\n--><br \/>\n<\/body><\/p>\n","protected":false},"excerpt":{"rendered":"<p>Ecuador: ECUAVISA y la libertad de expresi\u00f3n &#13; Dax Toscano &#13; ALAI AMLATINA, 24\/05\/2007, Quito.- La cadena de televisi\u00f3n ecuatoriana ECUAVISA est\u00e1 muy preocupada por la libertad de expresi\u00f3n. Dos hechos son los que han motivado esta inquietud. El uno es la decisi\u00f3n soberana \u00a0del gobierno venezolano de no renovar la licencia para el uso [&hellip;]<\/p>\n","protected":false},"author":3,"featured_media":0,"comment_status":"open","ping_status":"open","sticky":false,"template":"","format":"standard","meta":{"footnotes":""},"categories":[16],"tags":[],"class_list":["post-37207","post","type-post","status-publish","format-standard","hentry","category-opiniones"],"_links":{"self":[{"href":"https:\/\/diariodominicano.com\/index.php?rest_route=\/wp\/v2\/posts\/37207","targetHints":{"allow":["GET"]}}],"collection":[{"href":"https:\/\/diariodominicano.com\/index.php?rest_route=\/wp\/v2\/posts"}],"about":[{"href":"https:\/\/diariodominicano.com\/index.php?rest_route=\/wp\/v2\/types\/post"}],"author":[{"embeddable":true,"href":"https:\/\/diariodominicano.com\/index.php?rest_route=\/wp\/v2\/users\/3"}],"replies":[{"embeddable":true,"href":"https:\/\/diariodominicano.com\/index.php?rest_route=%2Fwp%2Fv2%2Fcomments&post=37207"}],"version-history":[{"count":0,"href":"https:\/\/diariodominicano.com\/index.php?rest_route=\/wp\/v2\/posts\/37207\/revisions"}],"wp:attachment":[{"href":"https:\/\/diariodominicano.com\/index.php?rest_route=%2Fwp%2Fv2%2Fmedia&parent=37207"}],"wp:term":[{"taxonomy":"category","embeddable":true,"href":"https:\/\/diariodominicano.com\/index.php?rest_route=%2Fwp%2Fv2%2Fcategories&post=37207"},{"taxonomy":"post_tag","embeddable":true,"href":"https:\/\/diariodominicano.com\/index.php?rest_route=%2Fwp%2Fv2%2Ftags&post=37207"}],"curies":[{"name":"wp","href":"https:\/\/api.w.org\/{rel}","templated":true}]}}