{"id":37205,"date":"2007-05-28T16:29:30","date_gmt":"2007-05-28T16:29:30","guid":{"rendered":"http:\/\/diariodominicano.ddns.net\/?p=37205"},"modified":"2007-05-28T16:29:30","modified_gmt":"2007-05-28T16:29:30","slug":"madre-ejemplar-maestra-admirable","status":"publish","type":"post","link":"https:\/\/diariodominicano.com\/?p=37205","title":{"rendered":"Madre ejemplar, maestra admirable"},"content":{"rendered":"<p><body><\/p>\n<p align=\"center\"><strong class=\"titulogrande1\"><em>Madre ejemplar, maestra admirable<\/em><\/strong><strong><\/strong><\/p>\n<p>&#13;<\/p>\n<p align=\"center\"><span class=\"ttmediao\"><em><strong>Por <\/strong><\/em><\/span><strong class=\"textogrande\"><em>Narciso Isa Conde<\/em><\/strong><\/p>\n<p>&#13;<\/p>\n<p align=\"justify\" class=\"text1noticias\">A los noventa y un a\u00f1os concluy\u00f3  recientemente la vida f\u00edsica de Do\u00f1a Mercedes (Chechele) P\u00e9rez, madre ejemplar  y maestra admirable.<\/p>\n<p>&#13;<\/p>\n<p align=\"justify\" class=\"text1noticias\">Madre de Lul\u00fa, mi compa\u00f1era de  amor y lucha; tambien de Diana, Miguelina, Any y Gilda, integrantes todas de su  hermosa e inteligente descendencia.<\/p>\n<p>&#13;<\/p>\n<p align=\"justify\" class=\"text1noticias\">Madre de todos y todas los que  logramos ser, en alg\u00fan momento de la vida, parte de su familia. Porque ella,  entre sus virtudes, tuvo siempre la capacidad de producir amor, sabidur\u00eda,  solidaridad humana, el poder natural para conquistar cari\u00f1o y ganar nuevos  hijos e hijas al calor de espl\u00e9ndida humanidad y su profundo sentido de  justicia.<\/p>\n<p>&#13;<\/p>\n<p align=\"justify\" class=\"text1noticias\">La conoc\u00ed en los d\u00edas de  libertades del gobierno del profesor Juan Bosch, algunas semanas despu\u00e9s de  haberme \u201cmetido en amores\u201d (\u00a1y que amores!) con la bella, altiva y valiente  Lul\u00fa.<\/p>\n<p>&#13;<\/p>\n<p align=\"justify\" class=\"text1noticias\">Entonces, Lourdes iniciaba sus  estudios universitarios y resid\u00eda en la casa de unos familiares, ubicada muy  cerca de la UASD.  \u201cTe voy a presentar a mami\u201d \u2013me dijo- y as\u00ed fue. La recuerdo con su linda  cabellera blanca, llena de bondad y comprensi\u00f3n, pese a mi intento \u2013ciertamente  exitoso- de captar el amor de su primog\u00e9nita.<\/p>\n<p>&#13;<\/p>\n<p align=\"justify\" class=\"text1noticias\">All\u00ed comenz\u00f3 a forjarse una  relaci\u00f3n filial profundamente impactada por al comunidad de ideales de dos  generaciones de luchadores (as) revolucionarios (as).<\/p>\n<p>&#13;<\/p>\n<p align=\"justify\" class=\"text1noticias\">Record\u00e9 haberla visto en 1961 en  la ciudad de Santiago, en la mism\u00edsima Plaza Valerio, en pleno mitin  antitrujillista y antibalaguerista, cuando hizo uso de la palabra a nombre de  la mujer y del magisterio cibae\u00f1o, que exig\u00edan el fin de la tiran\u00eda y de su  nefasta herencia balaguerista.<\/p>\n<p>&#13;<\/p>\n<p align=\"justify\" class=\"text1noticias\">Por Lourdes supe de su  participaci\u00f3n en la Juventud Democr\u00e1tica,  vinculada al Partido Socialista Popular, en 1946. Entonces, con dos a\u00f1os de edad,  la peque\u00f1a Lul\u00fa, cay\u00f3 presa en los brazos de su joven madre que protestaba  contra el tirano Trujillo.<\/p>\n<p>&#13;<\/p>\n<p align=\"justify\" class=\"text1noticias\">Conoc\u00ed de su militancia en Uni\u00f3n  C\u00edvica Nacional y la Agrupaci\u00f3n Pol\u00edtica  14 de Junio.<\/p>\n<p>&#13;<\/p>\n<p align=\"justify\" class=\"text1noticias\">Me enter\u00e9 del matrimonio de su  hermana Gilda P\u00e9rez con Per\u00edcles Franco, uno de los fundadores del Partido  Comunista, persona a la que yo admiraba desde muy peque\u00f1o y a quien conoc\u00ed en  Puerto Plata justo cuando se desat\u00f3 la persecuci\u00f3n en su contra (mi t\u00edo Rafael  Isa, mi t\u00eda Jeannette Goede, mi mam\u00e1 y mi pap\u00e1 ten\u00edan fuertes lazos de amistad  con su hermana Tat\u00e1, casada con el Doctor Simpson)<\/p>\n<p>&#13;<\/p>\n<p align=\"justify\" class=\"text1noticias\">Desde entonces se produjo entre  nosotros una gran empat\u00eda, una relaci\u00f3n muy especial, familiar, humana,  pol\u00edtica. Conquist\u00e9 otra madre, especialmente apoyadora de mis riegosas  andanzas revolucionarias. <\/p>\n<p>&#13;<\/p>\n<p align=\"justify\" class=\"text1noticias\">Conoc\u00ed por su v\u00eda a Pap\u00e1n (don  Froil\u00e1n P\u00e9rez), su padre, figura \u00edntegra y erudita; a sus hermanas, las  cari\u00f1osas t\u00edas de las cabelleras blancas: Maruca, Gilda, Elisa, Dora\u2026 y escuch\u00e9  los episodios de dignidad librados por sus ancestros en la lucha restauradora y  en el combate antitrujillista.<\/p>\n<p>&#13;<\/p>\n<p align=\"justify\" class=\"text1noticias\">Y a lo largo de 44 a\u00f1os esa  relaci\u00f3n se fortaleci\u00f3 en la misma dimensi\u00f3n en que Lul\u00fa y yo nos fundimos en  el amor y la lucha para nos separarnos jam\u00e1s.<\/p>\n<p>&#13;<\/p>\n<p align=\"justify\" class=\"text1noticias\">Do\u00f1a Chechele siempre fue, en  todas las circunstancias, profundamente generosa con nuestra accidentada pero  feliz existencia. Su amor, su cari\u00f1o, perforaba la persecuci\u00f3n, la c\u00e1rcel, el  peligro de muerte, el exilio, las separaciones forzadas, la clandestinidad\u2026para  convertirse en manto protector de nuestra uni\u00f3n y de sus frutos, de nuestra  lucha y sus riesgos, de nuestras penas y alegr\u00edas.<\/p>\n<p>&#13;<\/p>\n<p align=\"justify\" class=\"text1noticias\">La madre luchadora nos acompa\u00f1\u00f3  permanentemente en la pelea por el bienestar de la familia, la libertad, el  pan, la belleza y la alegr\u00eda.<\/p>\n<p>&#13;<\/p>\n<p align=\"justify\" class=\"text1noticias\">Le dio constantemente su inmenso  amor a nuestros hijos: a Pavel, a Narci, a Ricardo; los alfabetiz\u00f3, le  trasmiti\u00f3 su sabidur\u00eda, su moral y su inmensa condici\u00f3n humana. Le ense\u00f1aba  gram\u00e1tica, matem\u00e1tica, historia y ciencias naturales. Nos apoyaba humanamente y  econ\u00f3micamente. <\/p>\n<p>&#13;<\/p>\n<p align=\"justify\" class=\"text1noticias\">Nos escond\u00eda. Proteg\u00eda nuestras  armas y documentos. Colaboraba financieramente con nuestra organizaci\u00f3n  revolucionaria. Distribu\u00eda su propaganda revolucionaria.<\/p>\n<p>&#13;<\/p>\n<p align=\"justify\" class=\"text1noticias\">No son pocos los (as) camaradas  del Partido Comunista Dominicano (PCD) que la recuerdan distribuyendo por la Zona Colonial y Ciudad Nueva,  cada semana, el peri\u00f3dico <strong>\u201cHablan los  Comunistas\u201d.<\/strong><\/p>\n<p>&#13;<\/p>\n<p align=\"justify\" class=\"text1noticias\">Ella y Do\u00f1a Altagracia del Orbe,  la esposa del gran luchador obrero Justino Jos\u00e9 del Orbe, vend\u00edan m\u00e1s  peri\u00f3dicos que todos (as) los j\u00f3venes y participaban en todas las luchas y en  todas las iniciativas pol\u00edticas, llenas de valor y entusiasmo.<\/p>\n<p>&#13;<\/p>\n<p align=\"justify\" class=\"text1noticias\">Pienso que la armon\u00eda entre  Lourdes y yo le alimentaba el cari\u00f1o hacia a mi, disfrutando siempre de nuestra  felicidad familiar.<\/p>\n<p>&#13;<\/p>\n<p align=\"justify\" class=\"text1noticias\">Nunca hubo el m\u00e1s m\u00ednimo choque,  el menor desacuerdo. Viv\u00eda pendiente de mi batallar, segu\u00eda los art\u00edculos, los  programas de radios y TV, estaba pendiente de nuestras vidas y la asum\u00eda con  especial orgullo.<\/p>\n<p>&#13;<\/p>\n<p align=\"justify\" class=\"text1noticias\">Entre nos, aquello de la tensi\u00f3n  tradicional entre suegra y yerno nunca hizo asomo. Si algo siento es no haber  podido hacerles m\u00e1s compa\u00f1\u00eda y darle todav\u00eda mayor atenci\u00f3n. Y creo que ese  sentimiento es tambien compartido por todos sus hijos e hijas adoptivos, por  sus alumnos (as), por sus familiares y amigos (as), porque adem\u00e1s supo ser  punto de encuentro de un aut\u00e9ntico despliegue de diversidad pol\u00edtica y humana.<\/p>\n<p>&#13;<\/p>\n<p align=\"justify\" class=\"text1noticias\">Por eso su marcha, su muerte  biol\u00f3gica, no es capaz de ni borrar esos gratos recuerdos ni de apagar su amor,  que se quedan con todos (as) nosotros (as), incluyendo ahora con su linda  cadena de bisnietos(as).<\/p>\n<p>&#13;<\/p>\n<h6> 2007-05-28 16:29:30 <\/h6>\n<p><!--\n<link rel=\"stylesheet\" href=\"css\/bootstrap.min.css\">\n\n\n<ul class=\"pagination\">\n\t    \n\t\n\n<li >\n\t<a href='?page_no=12991'>Previous<\/a>\n\t<\/li>\n\n\n       \n    \n\n<li><a href='?page_no=1'>1<\/a><\/li>\n\n\n\n<li><a href='?page_no=2'>2<\/a><\/li>\n\n\n\n<li><a>...<\/a><\/li>\n\n\n\n<li><a href='?page_no=12990'>12990<\/a><\/li>\n\n\n\n<li><a href='?page_no=12991'>12991<\/a><\/li>\n\n\n\n<li class='active'><a>12992<\/a><\/li>\n\n\n\n<li><a href='?page_no=12993'>12993<\/a><\/li>\n\n\n\n<li><a href='?page_no=12994'>12994<\/a><\/li>\n\n\n\n<li><a>...<\/a><\/li>\n\n\n\n<li><a href='?page_no=13611'>13611<\/a><\/li>\n\n\n\n<li><a href='?page_no=13612'>13612<\/a><\/li>\n\n    \n\t\n\n<li >\n\t<a href='?page_no=12993'>Next<\/a>\n\t<\/li>\n\n\n    \n\n<li><a href='?page_no=13612'>Last &rsaquo;&rsaquo;<\/a><\/li>\n\n<\/ul>\n\n\n--><br \/>\n<\/body><\/p>\n","protected":false},"excerpt":{"rendered":"<p>Madre ejemplar, maestra admirable &#13; Por Narciso Isa Conde &#13; A los noventa y un a\u00f1os concluy\u00f3 recientemente la vida f\u00edsica de Do\u00f1a Mercedes (Chechele) P\u00e9rez, madre ejemplar y maestra admirable. &#13; Madre de Lul\u00fa, mi compa\u00f1era de amor y lucha; tambien de Diana, Miguelina, Any y Gilda, integrantes todas de su hermosa e inteligente [&hellip;]<\/p>\n","protected":false},"author":3,"featured_media":0,"comment_status":"open","ping_status":"open","sticky":false,"template":"","format":"standard","meta":{"footnotes":""},"categories":[16],"tags":[],"class_list":["post-37205","post","type-post","status-publish","format-standard","hentry","category-opiniones"],"_links":{"self":[{"href":"https:\/\/diariodominicano.com\/index.php?rest_route=\/wp\/v2\/posts\/37205","targetHints":{"allow":["GET"]}}],"collection":[{"href":"https:\/\/diariodominicano.com\/index.php?rest_route=\/wp\/v2\/posts"}],"about":[{"href":"https:\/\/diariodominicano.com\/index.php?rest_route=\/wp\/v2\/types\/post"}],"author":[{"embeddable":true,"href":"https:\/\/diariodominicano.com\/index.php?rest_route=\/wp\/v2\/users\/3"}],"replies":[{"embeddable":true,"href":"https:\/\/diariodominicano.com\/index.php?rest_route=%2Fwp%2Fv2%2Fcomments&post=37205"}],"version-history":[{"count":0,"href":"https:\/\/diariodominicano.com\/index.php?rest_route=\/wp\/v2\/posts\/37205\/revisions"}],"wp:attachment":[{"href":"https:\/\/diariodominicano.com\/index.php?rest_route=%2Fwp%2Fv2%2Fmedia&parent=37205"}],"wp:term":[{"taxonomy":"category","embeddable":true,"href":"https:\/\/diariodominicano.com\/index.php?rest_route=%2Fwp%2Fv2%2Fcategories&post=37205"},{"taxonomy":"post_tag","embeddable":true,"href":"https:\/\/diariodominicano.com\/index.php?rest_route=%2Fwp%2Fv2%2Ftags&post=37205"}],"curies":[{"name":"wp","href":"https:\/\/api.w.org\/{rel}","templated":true}]}}