{"id":37200,"date":"2007-05-30T16:25:01","date_gmt":"2007-05-30T16:25:01","guid":{"rendered":"http:\/\/diariodominicano.ddns.net\/?p=37200"},"modified":"2007-05-30T16:25:01","modified_gmt":"2007-05-30T16:25:01","slug":"invitado-en-teledebate-4","status":"publish","type":"post","link":"https:\/\/diariodominicano.com\/?p=37200","title":{"rendered":"INVITADO EN TELEDEBATE"},"content":{"rendered":"<p><body><\/p>\n<p align=\"center\"><span class=\"titulogrande1\">INVITADO EN TELEDEBATE<\/span><br \/>&#13;<br \/>\n  <br \/>&#13;<br \/>\n    <span class=\"textogrande\"><strong>Lic.<\/strong><\/span> <span class=\"textogrande\">Milc\u00ecades Mej\u00eca<\/span><br \/>&#13;<br \/>\n  <br \/>&#13;<br \/>\n  <strong>Director del Jard\u00edn Bot\u00e1nico Nacional<\/strong><br \/>&#13;<br \/>\n  <br \/>&#13;<br \/>\n  <span class=\"ttmediao\"><em>Dr.<\/em><\/span> <span class=\"textogrande\"><em>Rafael Moscoso Puello<\/em><\/span><br \/>&#13;<br \/>\n  <br \/>&#13;<br \/>\n  <em><strong>Destacado ambientalista<\/strong><\/em><br \/>&#13;<br \/>\n  <br \/>&#13;<br \/>\n  <span class=\"textopq1\"><strong>Miembro de la Academia de Ciencias de la:<\/strong><\/span><br \/>&#13;<br \/>\n  <br \/>&#13;<br \/>\n  <span class=\"text1noticias\"><strong>Rep\u00f9blica Dominicana<\/strong><\/span><\/p>\n<p>&#13;<\/p>\n<p align=\"justify\" class=\"text1noticias\">\u201cEn su oportunidad, el S\u00ecndico del Distrito Nacional busc\u00f2  asesoramiento de los t\u00e9cnicos del Jard\u00edn Bot\u00e1nico Nacional para llevar a cabo  el programa de rearborizaci\u00f2n de la ciudad capital, sustituyendo especies  enfermas o inapropiadas as\u00ec como aquellas que en la medida en que envejecen  tienden a da\u00f1ar el pavimento y la infraestructura de agua, electricidad, etc.  En esa oportunidad presentamos un plan gradual de sustituci\u00f2n a base de  especies nativas que son las adecuadas y que re\u00f9nen todos los requisitos  necesarios de ornamentaci\u00f2n, oxigeraci\u00f2n,\u00a0  sombra as\u00ec como longevidad. Tambi\u00e8n es importante la altura de tal modo  que no interfieran con el tendido el\u00e9ctrico y telef\u00f3nico\u201d.<\/p>\n<p>&#13;<\/p>\n<p align=\"justify\" class=\"text1noticias\">\u201cLa palma es s\u00edmbolo del tr\u00f3pico. Somos un pa\u00ecs tropical y poseemos varias  espcies de palmas que se adaptan muy bien a las condiciones que presenta la  capital.\u00a0 No quiere decir que la  sustituci\u00f2n se haga a base exclusiva de palmas. Estas son apropiadas para  espacios peque\u00f1os.\u201d.<\/p>\n<p>&#13;<\/p>\n<p align=\"justify\" class=\"text1noticias\">\u201cNo somos partidarios de una poda masiva. Creemos que debe hacerse de  manera gradual. Ir eliminando \u00e1rboles enfermos o muy ancianos y sustituy\u00e9ndolos  por las nuevas especies. En la medida en que \u00e8stas se desarrollen se van  sustituyendo las dem\u00e0s\u201d.<\/p>\n<p>&#13;<\/p>\n<p align=\"justify\" class=\"text1noticias\">\u201cEl plan de sustituci\u00f2n est\u00e0 bien estructurado. Est\u00e0 dise\u00f1ado para que en  los pr\u00f2ximo treinta, cuarenta o cincuenta a\u00f1os no haya necesidad de reforestar  la capital.\u00a0 El fallo a nuestro juicio  consiste en que no se ha respetado la gradualidad.\u00a0 Pero creemos que ya el S\u00ecndico est\u00e0  trabajando en ese sentido\u201d.<\/p>\n<p>&#13;<\/p>\n<p align=\"justify\" class=\"text1noticias\">\u201cCreemos que el tema no puede ni debe politizarse.\u00a0 Una discusi\u00f2n serena y un an\u00e1lisis  desprejuiciado del programa de reforestaci\u00f2n de la capital es lo que procede en  este caso\u201d.<\/p>\n<p>&#13;<\/p>\n<h6> 2007-05-30 16:25:01 <\/h6>\n<p><!--\n<link rel=\"stylesheet\" href=\"css\/bootstrap.min.css\">\n\n\n<ul class=\"pagination\">\n\t    \n\t\n\n<li >\n\t<a href='?page_no=12987'>Previous<\/a>\n\t<\/li>\n\n\n       \n    \n\n<li><a href='?page_no=1'>1<\/a><\/li>\n\n\n\n<li><a href='?page_no=2'>2<\/a><\/li>\n\n\n\n<li><a>...<\/a><\/li>\n\n\n\n<li><a href='?page_no=12986'>12986<\/a><\/li>\n\n\n\n<li><a href='?page_no=12987'>12987<\/a><\/li>\n\n\n\n<li class='active'><a>12988<\/a><\/li>\n\n\n\n<li><a href='?page_no=12989'>12989<\/a><\/li>\n\n\n\n<li><a href='?page_no=12990'>12990<\/a><\/li>\n\n\n\n<li><a>...<\/a><\/li>\n\n\n\n<li><a href='?page_no=13611'>13611<\/a><\/li>\n\n\n\n<li><a href='?page_no=13612'>13612<\/a><\/li>\n\n    \n\t\n\n<li >\n\t<a href='?page_no=12989'>Next<\/a>\n\t<\/li>\n\n\n    \n\n<li><a href='?page_no=13612'>Last &rsaquo;&rsaquo;<\/a><\/li>\n\n<\/ul>\n\n\n--><br \/>\n<\/body><\/p>\n","protected":false},"excerpt":{"rendered":"<p>INVITADO EN TELEDEBATE&#13; &#13; Lic. Milc\u00ecades Mej\u00eca&#13; &#13; Director del Jard\u00edn Bot\u00e1nico Nacional&#13; &#13; Dr. Rafael Moscoso Puello&#13; &#13; Destacado ambientalista&#13; &#13; Miembro de la Academia de Ciencias de la:&#13; &#13; Rep\u00f9blica Dominicana &#13; \u201cEn su oportunidad, el S\u00ecndico del Distrito Nacional busc\u00f2 asesoramiento de los t\u00e9cnicos del Jard\u00edn Bot\u00e1nico Nacional para llevar a cabo [&hellip;]<\/p>\n","protected":false},"author":3,"featured_media":0,"comment_status":"open","ping_status":"open","sticky":false,"template":"","format":"standard","meta":{"footnotes":""},"categories":[16],"tags":[],"class_list":["post-37200","post","type-post","status-publish","format-standard","hentry","category-opiniones"],"_links":{"self":[{"href":"https:\/\/diariodominicano.com\/index.php?rest_route=\/wp\/v2\/posts\/37200","targetHints":{"allow":["GET"]}}],"collection":[{"href":"https:\/\/diariodominicano.com\/index.php?rest_route=\/wp\/v2\/posts"}],"about":[{"href":"https:\/\/diariodominicano.com\/index.php?rest_route=\/wp\/v2\/types\/post"}],"author":[{"embeddable":true,"href":"https:\/\/diariodominicano.com\/index.php?rest_route=\/wp\/v2\/users\/3"}],"replies":[{"embeddable":true,"href":"https:\/\/diariodominicano.com\/index.php?rest_route=%2Fwp%2Fv2%2Fcomments&post=37200"}],"version-history":[{"count":0,"href":"https:\/\/diariodominicano.com\/index.php?rest_route=\/wp\/v2\/posts\/37200\/revisions"}],"wp:attachment":[{"href":"https:\/\/diariodominicano.com\/index.php?rest_route=%2Fwp%2Fv2%2Fmedia&parent=37200"}],"wp:term":[{"taxonomy":"category","embeddable":true,"href":"https:\/\/diariodominicano.com\/index.php?rest_route=%2Fwp%2Fv2%2Fcategories&post=37200"},{"taxonomy":"post_tag","embeddable":true,"href":"https:\/\/diariodominicano.com\/index.php?rest_route=%2Fwp%2Fv2%2Ftags&post=37200"}],"curies":[{"name":"wp","href":"https:\/\/api.w.org\/{rel}","templated":true}]}}