{"id":37199,"date":"2007-05-30T16:31:27","date_gmt":"2007-05-30T16:31:27","guid":{"rendered":"http:\/\/diariodominicano.ddns.net\/?p=37199"},"modified":"2007-05-30T16:31:27","modified_gmt":"2007-05-30T16:31:27","slug":"las-principales-en-teledebate-78","status":"publish","type":"post","link":"https:\/\/diariodominicano.com\/?p=37199","title":{"rendered":"LAS PRINCIPALES EN TELEDEBATE"},"content":{"rendered":"<p><body><\/p>\n<p><span class=\"titulogrande1\">LAS PRINCIPALES EN TELEDEBATE<\/span>\u00a0\u00a0<br \/>&#13;<br \/>\n  \u00a0 <br \/>&#13;<br \/>\n  <span class=\"textogrande\">Lunes <\/span><span class=\"ttmediao\">28,05,07<\/span><\/p>\n<p>&#13;<\/p>\n<p align=\"justify\"><strong>LEO REYES, IN MEMORIAM. <\/strong><span class=\"text1noticias\">El sepelio del periodista Leo  Reyes constituy\u00f2 una verdadera y sincera manifestaci\u00f3n de duelo. Leo hab\u00eca  ganado muchos afectos pero tambi\u00e8n supo cosechar una buena suma de m\u00e8ritos en  el ejercicio de su carrera profesional.\u00a0  Bien informado, acucioso investigador y fino analista pose\u00eca sobre todo  un dominio amplio y cabal sobre el delicado tema haitiano.\u00a0 Descanse en paz.<\/span><\/p>\n<p>&#13;<\/p>\n<p align=\"justify\"><strong>ENMENDANDO UN ERROR.<\/strong>\u00a0 <span class=\"text1noticias\">Parece obvio que despu\u00e8s de la declaraci\u00f3n de  Tem\u00ecstocles Mont\u00e0s,\u00a0 admitiendo que fue  un error sobrecargar los impuestos a la cerveza, el ron y los cigarrillos, el  Presidente Leonel Fern\u00e1ndez incluir\u00e0 estos renglones en sus anunciados  proyectos de flexibilizaci\u00f3n fiscal. Mont\u00e0s dijo por lo claro que de mantenerse  dichos grav\u00e1menes, el Estado perder\u00eca cinco mil millones de pesos por la  significativa baja en la venta de los mismos.<\/span><\/p>\n<p>&#13;<\/p>\n<p align=\"justify\"><strong>UN ACIERTO DE CULTURA.\u00a0<\/strong> <span class=\"text1noticias\">En medio de tantos problemas, viene a  resultar un par\u00e9ntesis agradable la celebraci\u00f3n del Primer Festival de la Canci\u00f3n que tendr\u00e0 lugar  los d\u00ecas 2 y 3 de Junio en la sala principal del Teatro Nacional Eduardo  Brito.\u00a0 Un acierto de la Secretar\u00eca de Estado de  Cultura que reunir\u00e0 en esas veladas varias de las mejores voces dominicanas.<\/span><\/p>\n<p>&#13;<\/p>\n<p align=\"justify\"><strong>CONTROLAR EL PORTE DE  ARMAS:\u00a0<\/strong><span class=\"text1noticias\"> Noble finalidad pero ilusoria  posibilidad la insistencia del padre Luis Rosario de que se proceda al desarme  de la poblaci\u00f3n.\u00a0 El problema es cultural  m\u00e0s que de disposiciones legales aparte de la gran cantidad de armas que entran  al pa\u00ecs de contrabando. Lo que s\u00ec pudiera ofrecer mayores posibilidades de  control es prohibir el porte de las mismas. Un arma en la casa o el negocio  tiene un fin defensivo, el porte por el contrario es a todas luces agresivo.<\/span><\/p>\n<p>&#13;<\/p>\n<p align=\"justify\"><strong>SE\u00d1ALES POSITIVAS.<\/strong>\u00a0 <span class=\"text1noticias\">Las sentencias dictadas contra el ex esposo  de Miguelina Llaver\u00ecas por intento de asesinato y del b\u00e1rbaro que viol\u00f2, golpe\u00f2  y cort\u00f2 las manos de la joven sancristobalense Dolphy Gonz\u00e0lez son se\u00f1ales  positivas que se env\u00edan a quienes se dedican a atropellar a las mujeres.\u00a0<br \/>&#13;<br \/>\n  <br \/> &#13;<br \/>\nL\u00e0stima que no primara el mismo criterio en  el caso de la se\u00f1ora de San Crist\u00f3bal a quien, si bien di\u00f2 muerte al esposo, no  le tomaron en cuenta los a\u00f1os de abuso a que la someti\u00f3 junto con sus hijos.<\/span><\/p>\n<p>&#13;<\/p>\n<p align=\"justify\"><strong>INTERROGANTES QUE DEMANDAN  RESPUESTAS.<\/strong>\u00a0 <span class=\"text1noticias\">Algo que deb\u00ecan explicar las  autoridades es por qu\u00e8 raz\u00f3n un agente policial en servicio serv\u00eca de  guardaespaldas a uno de los tres j\u00f3venes duelistas muertos a balazos\u00a0 en el parqueo de una discoteca de la capital  la pasada semana.\u00a0 De paso tambi\u00e8n por  cu\u00e0l raz\u00f3n portaba un arma que no es la de reglamento sino que seg\u00f9n la propia  Polic\u00eca tiene un poder de fuego equivalente al de una ametralladora.<\/span><\/p>\n<p>&#13;<\/p>\n<p align=\"justify\"><strong>\u00bfSIN AMBULANCIAS PODRA  FUNCIONAR EL SFS?<\/strong> <span class=\"text1noticias\">La falta de ambulancias en muchos sitios del pa\u00ecs se est\u00e0  convirtiendo en un serio problema que puede costar vidas humanas.\u00a0 El espect\u00e1culo de una persona que sufri\u00f2  fracturas como consecuencia de un accidente tirado en la cama de una camioneta  que lo trajo desde San Crist\u00f3bal a la Capital y cuya foto apareci\u00f3 en la prensa el  pasado fin de semana, es m\u00e0s que revelador.\u00a0  Y sin ambulancias,\u00a0 \u00bfpuede  funcionar el Plan Familiar de Salud?<\/span><\/p>\n<p>&#13;<\/p>\n<p align=\"justify\"><strong>NI CELULARES NI MOTORES  ENCENDIDOS.<\/strong> <span class=\"text1noticias\">El accidente ocurrido en una industria cuando explot\u00f2 un tanque de  combustible fue debido al descuido del empleado que result\u00f2 v\u00ecctima del  hechocuando hizo uso al mismo tiempo de su celular. Pero pudiera repetirse en  cualquier momento en alguna de las muchas bombas de gasolina donde tambi\u00e8n est\u00e0  prohibido el uso del tel\u00e8fono m\u00f3vil as\u00ec como dejar los motores de los carros encendidos,  medidas de precauci\u00f2n que muchos violan a cada momento.<\/span><\/p>\n<p>&#13;<\/p>\n<p align=\"justify\"><strong>LAS PASTAS CONTAMINADAS.<\/strong>\u00a0 <span class=\"text1noticias\">Nada m\u00e0s y nada menos que ya va por 300 mil  el n\u00f9mero de tubos de pastas dentales contaminadas ocupado por las  autoridades.\u00a0 Sin embargo, todav\u00eca quedan  en la calle en manos de inescrupulosos que merecen ser enviados a prisi\u00f3n.\u00a0 El affaire de estas pastas provenientes de  China Continental adem\u00e1s de Panam\u00e1 y Rep\u00f9blica Dominicana, afecta tambi\u00e8n a  Hait\u00ec, Costa Rica y Nicaragua.<\/span><\/p>\n<p>&#13;<\/p>\n<p align=\"justify\"><strong>UN FALLO EJEMPLAR CONTRA EL  RACISMO.\u00a0<\/strong> <span class=\"text1noticias\">Una corte de Nueva York fall\u00f2 a  favor de un patrullero policial de origen mexicano otorg\u00e1ndole una  indemnizaci\u00f3n de 1 mill\u00f2n 900 mil d\u00f3lares por discrimen y hostigamiento por  parte de su jefe, enfermo de racismo,\u00a0  quien, d\u00eca por d\u00eca, en su presencia advert\u00eda a los sesenta oficiales a  su cargo que tuvieran cuidado con los mexicanos porque eran una bola de  ladrones y pandilleros. Una sentencia que enaltece a los seis magistrados que  la votaron a unanimidad.<\/span><\/p>\n<p>&#13;<\/p>\n<p align=\"justify\"><strong>LA MITAD DEL  PRESUPUESTO NACIONAL.<\/strong>\u00a0 <span class=\"text1noticias\">Grave la denuncia  que despliega hoy el Diario Libre en su portada. Es el esc\u00e0ndalo en torno al  saneamiento con fines de adjudicaci\u00f2n de m\u00e0s de 35 millones 800 mil metros  cuadrados del Parque Nacional del Este. Se trata de una reserva natural, cuyas  playas no pueden ser explotadas por particulares, que ha sido dividida en siete  parcelas. Se asegura que el valor en mercado supera los 100 mil millones de  pesos, casi la mitad del presupuesto nacional.<\/span><\/p>\n<p>&#13;<\/p>\n<p align=\"justify\"><strong>VEH\u00cdCULOS POLICIALES.<\/strong> <span class=\"text1noticias\">Atenci\u00f3n  Depreco, C\u00e0mara de Cuentas y a qui\u00e8n m\u00e0s corresponda. \u00bfQu\u00e8 hay de cierto que  decenas de veh\u00edculos policiales de la marca norteamericana Ford se encuentran  varados por falta de repuestos debido a que los mismos se compraron en Espa\u00f1a,  sin ninguna aparente raz\u00f3n? \u00bfAcaso no se previ\u00f2 y comprometi\u00f3 la necesidad de  repuestos?\u00a0 \u00bfEs que va a ocurrir con el  equipamiento policial lo mismo que con las guaguas de las varias flotillas de  transporte p\u00f9blico?<\/span><\/p>\n<p>&#13;<\/p>\n<p align=\"justify\"><strong>QUE LOS RECIBAN QUIENES  DEBEN.\u00a0 <\/strong><span class=\"text1noticias\">La buena noticia para concluir  con las Principales de este d\u00eca es que el jueves entregar\u00e0n m\u00e0s de 200  apartamentos de un total de mil 328 donde ser\u00e0n reubicadas las familias  afectadas por la contaminaci\u00f3n de la ca\u00f1ada de Guajim\u00eca.\u00a0 Solo falta desear que los apartamentos sean  recibidos por quienes realmente califican y no por los oportunistas y  aprovechados de siempre.<\/span><\/p>\n<p>&#13;<\/p>\n<h6> 2007-05-30 16:31:27 <\/h6>\n<p><!--\n<link rel=\"stylesheet\" href=\"css\/bootstrap.min.css\">\n\n\n<ul class=\"pagination\">\n\t    \n\t\n\n<li >\n\t<a href='?page_no=12986'>Previous<\/a>\n\t<\/li>\n\n\n       \n    \n\n<li><a href='?page_no=1'>1<\/a><\/li>\n\n\n\n<li><a href='?page_no=2'>2<\/a><\/li>\n\n\n\n<li><a>...<\/a><\/li>\n\n\n\n<li><a href='?page_no=12985'>12985<\/a><\/li>\n\n\n\n<li><a href='?page_no=12986'>12986<\/a><\/li>\n\n\n\n<li class='active'><a>12987<\/a><\/li>\n\n\n\n<li><a href='?page_no=12988'>12988<\/a><\/li>\n\n\n\n<li><a href='?page_no=12989'>12989<\/a><\/li>\n\n\n\n<li><a>...<\/a><\/li>\n\n\n\n<li><a href='?page_no=13611'>13611<\/a><\/li>\n\n\n\n<li><a href='?page_no=13612'>13612<\/a><\/li>\n\n    \n\t\n\n<li >\n\t<a href='?page_no=12988'>Next<\/a>\n\t<\/li>\n\n\n    \n\n<li><a href='?page_no=13612'>Last &rsaquo;&rsaquo;<\/a><\/li>\n\n<\/ul>\n\n\n--><br \/>\n<\/body><\/p>\n","protected":false},"excerpt":{"rendered":"<p>LAS PRINCIPALES EN TELEDEBATE\u00a0\u00a0&#13; \u00a0 &#13; Lunes 28,05,07 &#13; LEO REYES, IN MEMORIAM. El sepelio del periodista Leo Reyes constituy\u00f2 una verdadera y sincera manifestaci\u00f3n de duelo. Leo hab\u00eca ganado muchos afectos pero tambi\u00e8n supo cosechar una buena suma de m\u00e8ritos en el ejercicio de su carrera profesional.\u00a0 Bien informado, acucioso investigador y fino analista [&hellip;]<\/p>\n","protected":false},"author":3,"featured_media":0,"comment_status":"open","ping_status":"open","sticky":false,"template":"","format":"standard","meta":{"footnotes":""},"categories":[16],"tags":[],"class_list":["post-37199","post","type-post","status-publish","format-standard","hentry","category-opiniones"],"_links":{"self":[{"href":"https:\/\/diariodominicano.com\/index.php?rest_route=\/wp\/v2\/posts\/37199","targetHints":{"allow":["GET"]}}],"collection":[{"href":"https:\/\/diariodominicano.com\/index.php?rest_route=\/wp\/v2\/posts"}],"about":[{"href":"https:\/\/diariodominicano.com\/index.php?rest_route=\/wp\/v2\/types\/post"}],"author":[{"embeddable":true,"href":"https:\/\/diariodominicano.com\/index.php?rest_route=\/wp\/v2\/users\/3"}],"replies":[{"embeddable":true,"href":"https:\/\/diariodominicano.com\/index.php?rest_route=%2Fwp%2Fv2%2Fcomments&post=37199"}],"version-history":[{"count":0,"href":"https:\/\/diariodominicano.com\/index.php?rest_route=\/wp\/v2\/posts\/37199\/revisions"}],"wp:attachment":[{"href":"https:\/\/diariodominicano.com\/index.php?rest_route=%2Fwp%2Fv2%2Fmedia&parent=37199"}],"wp:term":[{"taxonomy":"category","embeddable":true,"href":"https:\/\/diariodominicano.com\/index.php?rest_route=%2Fwp%2Fv2%2Fcategories&post=37199"},{"taxonomy":"post_tag","embeddable":true,"href":"https:\/\/diariodominicano.com\/index.php?rest_route=%2Fwp%2Fv2%2Ftags&post=37199"}],"curies":[{"name":"wp","href":"https:\/\/api.w.org\/{rel}","templated":true}]}}