{"id":37196,"date":"2007-05-31T16:31:42","date_gmt":"2007-05-31T16:31:42","guid":{"rendered":"http:\/\/diariodominicano.ddns.net\/?p=37196"},"modified":"2007-05-31T16:31:42","modified_gmt":"2007-05-31T16:31:42","slug":"tu-juan-de-los-palotes-y-yo","status":"publish","type":"post","link":"https:\/\/diariodominicano.com\/?p=37196","title":{"rendered":"Tu, Juan de los Palotes  y yo"},"content":{"rendered":"<p><body><\/p>\n<p><img loading=\"lazy\" decoding=\"async\" width=\"111\" height=\"132\" src=\"http:\/\/10.0.0.82:8080\/formato_clip_image002.jpg\" \/><br \/>&#13;<br \/>\n  <br \/>&#13;<br \/>\n    <span class=\"titulogrande1\">Tu, Juan de los Palotes\u00a0  y yo<\/span><br \/>&#13;<br \/>\n    <br \/>&#13;<br \/>\n    <span class=\"ttmediao\">Por<\/span> <span class=\"textogrande\">Milton Olivo<\/span><\/p>\n<p>&#13;<\/p>\n<p align=\"justify\" class=\"text1noticias\">Hab\u00eda llegado el d\u00eda de nuestra se\u00f1ora del manejo (del  cobro). El rumor de la algarab\u00eda s\u00e9 hacia presente en cada pasillo de la  compa\u00f1\u00eda.\u00a0 Por desgracia, hab\u00eda cobrado,  a partir de ese instante, Juan de los Palotes,\u00a0  perd\u00eda la paz de una quincena en olla. Porque -naturalmente- el salario  era insuficiente.<br \/>&#13;<br \/>\n  \u00a0<br \/>&#13;<br \/>\n  A los prestamistas, que como tiburones voraces\u00a0 le buscaban,\u00a0  ese d\u00eda hac\u00eda magia para esquivarlos en cada pasillo. Ellos,  desesperados, tratando de recuperar sus chelitos. Y \u00e9l, tratando de llegar a la  casa con algo. <\/p>\n<p>&#13;<\/p>\n<p align=\"justify\" class=\"text1noticias\">Esto no puede seguir as\u00ed, se dijo un d\u00eda.\u00a0 Vivimos de mentiras en mentiras. Vivimos  repitiendo que estamos bien, por verg\u00fcenza, cuando realmente nos est\u00e1 llevando  el mismo Diablo.\u00a0 Y trabajamos solo para  estar cansados.<\/p>\n<p>&#13;<\/p>\n<p align=\"justify\" class=\"text1noticias\">El gran dilema es; \u00bfque hacer?\u00a0 Todos sabemos que hay que cambiar la  situaci\u00f3n -pens\u00f3-. Claro pensando en termino colectivo.\u00a0 Pero eso solo es posible desde el poder  pol\u00edtico. \u00bfPero como?..Cuando los partidos tradicionales se han convertidos en  asociaciones comerciales de grupos de intereses, que invierten en campa\u00f1a y  luego cobrar multiplicado,\u00a0 a costa de  nuestros sue\u00f1os de cambio. <\/p>\n<p>&#13;<\/p>\n<p align=\"justify\" class=\"text1noticias\">En revoluci\u00f3n, en estos tiempos no se puede pensar. La \u00fanica  opci\u00f3n que queda, es que nosotros, los que no participamos, decidirnos a  participar. <br \/>&#13;<br \/>\n  <br \/>&#13;<br \/>\nPues con la indiferencia y el yo no me meto,\u00a0 con esa posici\u00f3n, la verdad es que nos  va\u00a0 cada vez peor.\u00a0 <\/p>\n<p>&#13;<\/p>\n<p align=\"justify\" class=\"text1noticias\">Los resultados de nuestra indiferencia ante los intereses  p\u00fablicos, sus resultados han sido; mas inseguridad, mas endeudamiento externo,  mayor invasi\u00f3n de ilegales, m\u00e1s deforestaci\u00f3n, m\u00e1s apagones y m\u00e1s  deforestaci\u00f3n.<\/p>\n<p>&#13;<\/p>\n<p align=\"justify\" class=\"text1noticias\">Fue el momento que se pregunto.. \u00bfDe que nos sirve que cada  elecci\u00f3n se incremente la abstenci\u00f3n?\u00a0  Significa que cada vez mas ciudadano han optado por renunciar a  participar y exigir. Que cada vez m\u00e1s individuo se han entregado a la  desesperanza, atrapados por la desilusi\u00f3n. <\/p>\n<p>&#13;<\/p>\n<p align=\"justify\" class=\"text1noticias\">\u00bfD\u00f3nde estar\u00e1 el problema de la poca motivaci\u00f3n en la\u00a0 participaci\u00f3n ciudadana? Uff, pienso, que es  un problema de ausencia de esperanza.<br \/>&#13;<br \/>\n  <br \/> &#13;<br \/>\nResultante de tanta frustraci\u00f3n. <\/p>\n<p>&#13;<\/p>\n<p align=\"justify\" class=\"text1noticias\">Hemos ca\u00eddo -se dijo-, en un nivel de descreimiento, que nos  ha convertido en individuos-androides, incr\u00e9dulos, que ya no tenemos fe en  nada,\u00a0 ni en nadie.\u00a0  Tampoco en la posibilidad, siquiera, de que nosotros mismos podamos  hacer algo. Nos hemos convertidos en cerdos. Donde todo se reduce a buscar para  consumir. Tal como ellos en sus pocilgas.<\/p>\n<p>&#13;<\/p>\n<p align=\"justify\" class=\"text1noticias\">Lo que no s\u00e9, sinceramente, es,\u00a0 si es por cobard\u00eda o por comodidad. Pues con  el descreimiento nos justificamos para no participar. Haci\u00e9ndonos  co-responsables de la situaci\u00f3n nacional. Y facilit\u00e1ndoles las cosas a los  depredadores de turno.<\/p>\n<p>&#13;<\/p>\n<p class=\"text1noticias\">-Ahora, la pregunta del mill\u00f3n es..\u00a0\u00a0 \u00bfCual es la soluci\u00f3n?<\/p>\n<p>&#13;<\/p>\n<p class=\"text1noticias\">\u00a0En eso, con la seca  estridencia de un trueno, previo rel\u00e1mpago de plateada luz,\u00a0 estall\u00f3 en su cabeza con m\u00faltiple eco, el  sonido de la palabra m\u00e1gica \u00a1\u00a1PARTICIPAR!! <\/p>\n<p>&#13;<\/p>\n<p align=\"justify\" class=\"text1noticias\">Significa; que en cada barrio y cada esquina, tenemos que  crear o sumarnos a alg\u00fan grupo que piense igual que nosotros. Aunque solo  seamos tres. <br \/>&#13;<br \/>\n  <br \/>&#13;<br \/>\nTotal as\u00ed comenzaron los Trinitarios. Y\u00a0 en ocho a\u00f1os independizaron crearon la Republica, y eso, en  condiciones m\u00e1s dif\u00edciles porque el pa\u00eds estaba invadido por un ejercito  extranjero.<\/p>\n<p>&#13;<\/p>\n<p align=\"justify\" class=\"text1noticias\">\u00a1S\u00ed! Ser parte de un grupo decidido -realmente- a trabajar  por hacer realidad la sociedad que queremos. Aprovechando la Radio, la televisi\u00f3n, haciendo  visita\u00a0 a los peri\u00f3dicos.\u00a0 Y luchar por hacer realidad una sociedad de  oportunidades, donde la pol\u00edtica este al servicio de la producci\u00f3n, del  progreso y la institucionalidad. Adem\u00e1s, esto le dar\u00eda una raz\u00f3n trascendente a  nuestro\u00a0 existir. <\/p>\n<p>&#13;<\/p>\n<p align=\"justify\" class=\"text1noticias\">\u00a1\u00a1PARTICIPAR!!..\u00a0\u00a0  Volvi\u00f3 a retumbar en SU cabeza. \u00a1\u00a1PARTICIPAR!!\u00a0 Como un agradable eco la volv\u00eda a escuchar.  \u00a1PARTICIPAR!\u00a0 Claro se dijo, ser parte de  la soluci\u00f3n.\u00a0 Peor es no hacer nada.<\/p>\n<p>&#13;<\/p>\n<p class=\"text1noticias\">Y el d\u00eda que seamos, cincuenta o cien,\u00a0 cuando salgamos juntos a expresar nuestro  sentir, necesariamente, tendr\u00e1n que escucharnos. <\/p>\n<p>&#13;<\/p>\n<p align=\"justify\" class=\"text1noticias\">Juntos, presionar para que no se haga lo incorrecto. Y  tratar de que las cosas se hagan mejor. Seria trabajar por nosotros,\u00a0 y para dejarle una mejor sociedad a nuestros  hijos.<\/p>\n<p>&#13;<\/p>\n<p align=\"justify\" class=\"text1noticias\">Si no nos ponemos las pilas en el presente, envejeceremos y  ellos crecer\u00e1n en una sangrienta selva saturadas de fieras hambrientas y  armadas, dispuestas a atracarte en cada esquina.\u00a0 Por lo que es imprescindible despertar y  actuar. Pues a la verdad, los Quisqueyanos nunca hemos sido cobardes, y no hay  tiempo que perder.<\/p>\n<p>&#13;<\/p>\n<p><span class=\"textopq1\"><em><strong>El autor es Escritor<\/strong><\/em><\/span><br \/>&#13;<br \/>\n  <br \/>&#13;<br \/>\n    <em><strong>milton.olivo@gmail.com<\/strong><\/em><\/p>\n<p>&#13;<\/p>\n<h6> 2007-05-31 16:31:42 <\/h6>\n<p><!--\n<link rel=\"stylesheet\" href=\"css\/bootstrap.min.css\">\n\n\n<ul class=\"pagination\">\n\t    \n\t\n\n<li >\n\t<a href='?page_no=12983'>Previous<\/a>\n\t<\/li>\n\n\n       \n    \n\n<li><a href='?page_no=1'>1<\/a><\/li>\n\n\n\n<li><a href='?page_no=2'>2<\/a><\/li>\n\n\n\n<li><a>...<\/a><\/li>\n\n\n\n<li><a href='?page_no=12982'>12982<\/a><\/li>\n\n\n\n<li><a href='?page_no=12983'>12983<\/a><\/li>\n\n\n\n<li class='active'><a>12984<\/a><\/li>\n\n\n\n<li><a href='?page_no=12985'>12985<\/a><\/li>\n\n\n\n<li><a href='?page_no=12986'>12986<\/a><\/li>\n\n\n\n<li><a>...<\/a><\/li>\n\n\n\n<li><a href='?page_no=13611'>13611<\/a><\/li>\n\n\n\n<li><a href='?page_no=13612'>13612<\/a><\/li>\n\n    \n\t\n\n<li >\n\t<a href='?page_no=12985'>Next<\/a>\n\t<\/li>\n\n\n    \n\n<li><a href='?page_no=13612'>Last &rsaquo;&rsaquo;<\/a><\/li>\n\n<\/ul>\n\n\n--><br \/>\n<\/body><\/p>\n","protected":false},"excerpt":{"rendered":"<p>&#13; &#13; Tu, Juan de los Palotes\u00a0 y yo&#13; &#13; Por Milton Olivo &#13; Hab\u00eda llegado el d\u00eda de nuestra se\u00f1ora del manejo (del cobro). El rumor de la algarab\u00eda s\u00e9 hacia presente en cada pasillo de la compa\u00f1\u00eda.\u00a0 Por desgracia, hab\u00eda cobrado, a partir de ese instante, Juan de los Palotes,\u00a0 perd\u00eda la paz [&hellip;]<\/p>\n","protected":false},"author":3,"featured_media":0,"comment_status":"open","ping_status":"open","sticky":false,"template":"","format":"standard","meta":{"footnotes":""},"categories":[16],"tags":[],"class_list":["post-37196","post","type-post","status-publish","format-standard","hentry","category-opiniones"],"_links":{"self":[{"href":"https:\/\/diariodominicano.com\/index.php?rest_route=\/wp\/v2\/posts\/37196","targetHints":{"allow":["GET"]}}],"collection":[{"href":"https:\/\/diariodominicano.com\/index.php?rest_route=\/wp\/v2\/posts"}],"about":[{"href":"https:\/\/diariodominicano.com\/index.php?rest_route=\/wp\/v2\/types\/post"}],"author":[{"embeddable":true,"href":"https:\/\/diariodominicano.com\/index.php?rest_route=\/wp\/v2\/users\/3"}],"replies":[{"embeddable":true,"href":"https:\/\/diariodominicano.com\/index.php?rest_route=%2Fwp%2Fv2%2Fcomments&post=37196"}],"version-history":[{"count":0,"href":"https:\/\/diariodominicano.com\/index.php?rest_route=\/wp\/v2\/posts\/37196\/revisions"}],"wp:attachment":[{"href":"https:\/\/diariodominicano.com\/index.php?rest_route=%2Fwp%2Fv2%2Fmedia&parent=37196"}],"wp:term":[{"taxonomy":"category","embeddable":true,"href":"https:\/\/diariodominicano.com\/index.php?rest_route=%2Fwp%2Fv2%2Fcategories&post=37196"},{"taxonomy":"post_tag","embeddable":true,"href":"https:\/\/diariodominicano.com\/index.php?rest_route=%2Fwp%2Fv2%2Ftags&post=37196"}],"curies":[{"name":"wp","href":"https:\/\/api.w.org\/{rel}","templated":true}]}}