{"id":37194,"date":"2007-06-01T16:33:19","date_gmt":"2007-06-01T16:33:19","guid":{"rendered":"http:\/\/diariodominicano.ddns.net\/?p=37194"},"modified":"2007-06-01T16:33:19","modified_gmt":"2007-06-01T16:33:19","slug":"el-tiro-rapido-384","status":"publish","type":"post","link":"https:\/\/diariodominicano.com\/?p=37194","title":{"rendered":"EL TIRO RAPIDO"},"content":{"rendered":"<p><body><\/p>\n<p align=\"justify\"><span class=\"titulogrande1\">EL TIRO RAPIDO<\/span><br \/>&#13;<br \/>\n  <br \/>&#13;<br \/>\n    <span class=\"textopq1\"><em><strong>de<\/strong><\/em><\/span><br \/>&#13;<br \/>\n  <br \/>&#13;<br \/>\n  <span class=\"textogrande\">Mario Rivadulla<\/span><br \/>&#13;<br \/>\n<br \/>&#13;<br \/>\n<span class=\"text1noticias\">El anunciado y breve discurso del Presidente Leonel  Fern\u00e1ndez\u00a0 result\u00f2 en gran medida una  especie de cr\u00f3nica anunciada,\u00a0 despu\u00e9s  que funcionarios que integran el llamado gabinete econ\u00f3mico de su gobierno  hab\u00ecan avanzado las l\u00edneas maestras de su contenido d\u00ecas atr\u00e0s.<\/span><\/p>\n<p>&#13;<\/p>\n<p align=\"justify\" class=\"text1noticias\">No tom\u00f2 de sorpresa que el mandatario decidiese  aplazar el inicio del llamado Plan Familiar de Salud refiri\u00e9ndolo al pr\u00f3ximo  mes de Septiembre.\u00a0 El espacio de tres  meses de dilaci\u00f3n queda ahora abierto para que los agentes que deben intervenir  en su prestaci\u00f3n, contando con la presencia mediadora del Vicepresidente Rafael  Alburqueque, se pongan de acuerdo, concilien intereses y limen las asperezas  originadas por la fuerte controversia que han mantenido en torno al mismo.<\/p>\n<p>&#13;<\/p>\n<p align=\"justify\" class=\"text1noticias\">No pod\u00eca ser de otro modo.\u00a0 La m\u00e0s elemental l\u00f3gica y sentido de  prudencia inclinaban la balanza a favor de la posposici\u00f2n.\u00a0 Con el Colegio M\u00e8dico Dominicano y la Asociaci\u00f3n de Cl\u00ecnicas  Privadas en posici\u00f3n de beligerante rechazo, las organizaciones empresariales  alegando falta de condiciones para el inicio del Plan y los propios gremios  obreros externando quejas e inquietudes leg\u00ectimas sobre el alcance y las  lagunas del sistema, no cab\u00eca otra opci\u00f2n.<\/p>\n<p>&#13;<\/p>\n<p align=\"justify\" class=\"text1noticias\">Lo cierto es que el Plan Familiar de Salud, recibido  en herencia del\u00a0 pasado Congreso y  presentado en su momento como un gran logro, presenta vicios de construcci\u00f3n  desde sus mismos inicios,\u00a0 y un elevado  nivel de contaminaci\u00f3n pol\u00edtica que impidi\u00f3 en a\u00f1os anteriores su puesta en  vigencia anunciada en ocho ocasiones y suspendidas otras tantas.\u00a0 Son las mismas que afloraron ahora.\u00a0 Mientras no se solucionen,de una u otra  forma, el plan corre riesgo de arrancar natimuerto y verse condenado al  fracaso.<\/p>\n<p>&#13;<\/p>\n<p align=\"justify\" class=\"text1noticias\">Falta ahora que estos tres meses de plazo no se  desaprovechen y que los actores del proceso pongan el debido empe\u00f1o para  armonizar sus intereses,\u00a0 y con esp\u00edritu  flexible y sin dejarse ganar por un desmedido af\u00e0n de lucro, den\u00a0 los pasos necesarios para que al llegar el  primero de septiembre, pueda arrancar y desarrollarse sin mayores contratiempos  y respondiendo a las expectativas que ha originado en cuanto a calidad y  cobertura de servicios a la poblaci\u00f3n.<\/p>\n<p>&#13;<\/p>\n<p align=\"justify\" class=\"text1noticias\">En otro orden, se daba por descontado, despu\u00e9s de  las declaraciones de Tem\u00ecstocles Mont\u00e0s advirtiendo que de mantenerse el  reciente nuevo aumento a los impuestos selectivos que gravan la cerveza, ron y  tabaco el Estado dejar\u00eca de percibir cinco mil millones de pesos en impuestos,  que el Poder Ejecutivo adoptar\u00eca medidas de flexibilizaci\u00f3n fiscal para dichos  productos que son las principales renglones tributarios con que cuenta el  Estado.<\/p>\n<p>&#13;<\/p>\n<p align=\"justify\" class=\"text1noticias\">Si bien esos productos no forman parte de la canasta  familiar, son de muy alto consumo a nivel popular y de una forma u otra, la  reducci\u00f3n impositiva debe traducirse en una baja de precios para sus usuarios.  Debe adem\u00e0s contribuir a recuperar sus niveles normales de ventas a las  empresas que se vieron afectadas por una baja en las mismas, garantizar sus  puestos a miles de empleados y trabajadores que laboran en ellas y restablecer  sus programas tradicionales de asistencia social, art\u00edstica, cient\u00edfica,\u00a0 cultural y deportiva.<\/p>\n<p>&#13;<\/p>\n<p align=\"justify\" class=\"text1noticias\">Para muchos en cambio, fue una sorpresa la acelerada  desgravacion del 4 porciento aumentado al impuesto sobre la renta de empresas y  personas f\u00edsicas y cuyo desmonte, a raz\u00f2n de uno porciento anual, debiera  realizarse en forma progresiva hasta culminar en el a\u00f1o 2009.\u00a0\u00a0 La medida, sin dudas, representar\u00e0 un alivio  en los abultados costos que deben\u00a0  soportar las empresas nacionales impuestas a mejorar sus niveles de  eficiencia y competitividad frente al Tratado de Libre Comercio.<\/p>\n<p>&#13;<\/p>\n<p align=\"justify\" class=\"text1noticias\">Otra disposici\u00f3n inteligente ha sido la de la Amnist\u00eda Fiscal.\u00a0 La misma es camino de doble v\u00eca que, por un  lado,\u00a0 posibilita que potenciales  contribuyentes que hasta ahora est\u00e0n en condici\u00f3n de evasores puedan  regularizar su situaci\u00f3n sin ninguna penalizaci\u00f2n.El Estado por su parte, capta nuevos contribuyentes y obtiene de  inmediato unos ingresos adicionales que nunca est\u00e0n\u00a0 de m\u00e0s.<\/p>\n<p>&#13;<\/p>\n<p align=\"justify\" class=\"text1noticias\">Cierto que todav\u00eca el gobierno est\u00e0 obligado a  relanzarse con vistas a las elecciones del 2008.\u00a0 Si quiere acudir al evento con mejores  posibilidades de retener el poder, tiene que adoptar otras disposiciones.\u00a0 <\/p>\n<p>&#13;<\/p>\n<p align=\"justify\" class=\"text1noticias\">Una de ellas es revisar el procedimiento del pago  del ITBIS adelantado que sobre todo,\u00a0  para muchas micro,peque\u00f1as, medianas y hasta grandes empresas representa  en muchos casos, una\u00a0 agobiante carga  financiera.\u00a0 Y otra, conseguir que la  ciudadan\u00eca, que es la que vota, perciba de manera real que\u00a0 el crecimiento y la estabilidad macroecon\u00f3micas  se reflejan y dejan sentir favorablemente en su economia personal.<\/p>\n<p>&#13;<\/p>\n<p align=\"justify\" class=\"text1noticias\">Si logra ambos prop\u00f2sitos en un plazo razonable,  previo al torneo comicial del 16 de Mayo, sus posibilidades de victoria se  ver\u00e0n incrementadas. <\/p>\n<p>&#13;<\/p>\n<p align=\"justify\" class=\"text1noticias\">Por lo pronto, ya ha dado un primer paso.\u00a0 Esperemos que no sea el \u00f9nico.<\/p>\n<p>&#13;<\/p>\n<h6> 2007-06-01 16:33:19 <\/h6>\n<p><!--\n<link rel=\"stylesheet\" href=\"css\/bootstrap.min.css\">\n\n\n<ul class=\"pagination\">\n\t    \n\t\n\n<li >\n\t<a href='?page_no=12981'>Previous<\/a>\n\t<\/li>\n\n\n       \n    \n\n<li><a href='?page_no=1'>1<\/a><\/li>\n\n\n\n<li><a href='?page_no=2'>2<\/a><\/li>\n\n\n\n<li><a>...<\/a><\/li>\n\n\n\n<li><a href='?page_no=12980'>12980<\/a><\/li>\n\n\n\n<li><a href='?page_no=12981'>12981<\/a><\/li>\n\n\n\n<li class='active'><a>12982<\/a><\/li>\n\n\n\n<li><a href='?page_no=12983'>12983<\/a><\/li>\n\n\n\n<li><a href='?page_no=12984'>12984<\/a><\/li>\n\n\n\n<li><a>...<\/a><\/li>\n\n\n\n<li><a href='?page_no=13611'>13611<\/a><\/li>\n\n\n\n<li><a href='?page_no=13612'>13612<\/a><\/li>\n\n    \n\t\n\n<li >\n\t<a href='?page_no=12983'>Next<\/a>\n\t<\/li>\n\n\n    \n\n<li><a href='?page_no=13612'>Last &rsaquo;&rsaquo;<\/a><\/li>\n\n<\/ul>\n\n\n--><br \/>\n<\/body><\/p>\n","protected":false},"excerpt":{"rendered":"<p>EL TIRO RAPIDO&#13; &#13; de&#13; &#13; Mario Rivadulla&#13; &#13; El anunciado y breve discurso del Presidente Leonel Fern\u00e1ndez\u00a0 result\u00f2 en gran medida una especie de cr\u00f3nica anunciada,\u00a0 despu\u00e9s que funcionarios que integran el llamado gabinete econ\u00f3mico de su gobierno hab\u00ecan avanzado las l\u00edneas maestras de su contenido d\u00ecas atr\u00e0s. &#13; No tom\u00f2 de sorpresa que [&hellip;]<\/p>\n","protected":false},"author":3,"featured_media":0,"comment_status":"open","ping_status":"open","sticky":false,"template":"","format":"standard","meta":{"footnotes":""},"categories":[16],"tags":[],"class_list":["post-37194","post","type-post","status-publish","format-standard","hentry","category-opiniones"],"_links":{"self":[{"href":"https:\/\/diariodominicano.com\/index.php?rest_route=\/wp\/v2\/posts\/37194","targetHints":{"allow":["GET"]}}],"collection":[{"href":"https:\/\/diariodominicano.com\/index.php?rest_route=\/wp\/v2\/posts"}],"about":[{"href":"https:\/\/diariodominicano.com\/index.php?rest_route=\/wp\/v2\/types\/post"}],"author":[{"embeddable":true,"href":"https:\/\/diariodominicano.com\/index.php?rest_route=\/wp\/v2\/users\/3"}],"replies":[{"embeddable":true,"href":"https:\/\/diariodominicano.com\/index.php?rest_route=%2Fwp%2Fv2%2Fcomments&post=37194"}],"version-history":[{"count":0,"href":"https:\/\/diariodominicano.com\/index.php?rest_route=\/wp\/v2\/posts\/37194\/revisions"}],"wp:attachment":[{"href":"https:\/\/diariodominicano.com\/index.php?rest_route=%2Fwp%2Fv2%2Fmedia&parent=37194"}],"wp:term":[{"taxonomy":"category","embeddable":true,"href":"https:\/\/diariodominicano.com\/index.php?rest_route=%2Fwp%2Fv2%2Fcategories&post=37194"},{"taxonomy":"post_tag","embeddable":true,"href":"https:\/\/diariodominicano.com\/index.php?rest_route=%2Fwp%2Fv2%2Ftags&post=37194"}],"curies":[{"name":"wp","href":"https:\/\/api.w.org\/{rel}","templated":true}]}}