{"id":37193,"date":"2007-06-01T16:39:38","date_gmt":"2007-06-01T16:39:38","guid":{"rendered":"http:\/\/diariodominicano.ddns.net\/?p=37193"},"modified":"2007-06-01T16:39:38","modified_gmt":"2007-06-01T16:39:38","slug":"las-principales-en-teledebate-77","status":"publish","type":"post","link":"https:\/\/diariodominicano.com\/?p=37193","title":{"rendered":"LAS PRINCIPALES EN TELEDEBATE"},"content":{"rendered":"<p><body><\/p>\n<p align=\"justify\"><span class=\"titulogrande1\">LAS PRINCIPALES EN TELEDEBATE<\/span><br \/>&#13;<br \/>\n  <br \/>&#13;<br \/>\n    <span class=\"textogrande\">Mi\u00e9rcoles <\/span><strong>30,05,07<\/strong><br \/>&#13;<br \/>\n<br \/>&#13;<br \/>\n<em><strong>TRUJILLO, NUNCA M\u00c0S. <\/strong><\/em><span class=\"text1noticias\">Hoy se conmemora el 46 aniversario  del ajusticiamiento del tirano Rafael Leonidas Trujillo.Por espacio de tres  d\u00e9cadas degrad\u00f2 el pa\u00ecs implantando un r\u00e8gimen de crimen y latrocinio que  arropa cualquier balance positivo que pueda haber arrojado su r\u00e8gimen y que  constituye un bald\u00f3n en nuestro recorrido hist\u00f2rico como naci\u00f3n. De esperar que  nunca m\u00e0s el pueblo dominicano vuelva a pasar por una experiencia tan dolorosa.<\/span><\/p>\n<p>&#13;<\/p>\n<p align=\"justify\"><strong>HEROES Y LIBERTAD0RES,\u00a0<\/strong> <span class=\"text1noticias\">Fecha igualmente oportuna para rendir  homenaje de recordaci\u00f3n al grupo de valerosos conspiradores que organizaron y  ejecutaron el magnicidio.\u00a0 Sus nombres  quedan tambi\u00e8n registrados para la posteridad pero en su caso nimbados de  gloria, acompa\u00f1ados de enaltecedoras y merecidas menciones como h\u00e9roes y  libertadores de la naci\u00f2n.<\/span><\/p>\n<p>&#13;<\/p>\n<p align=\"justify\"><em><strong>DESACELERACION.<\/strong><\/em> <span class=\"text1noticias\">Seg\u00fan divulga hoy el Diario Libre,el  sector tur\u00edstico registr\u00f2 una desaceleraci\u00f2n en su ritmo de crecimiento durante  el primer cuatrimestre del a\u00f1o.\u00a0 Esto  as\u00ec, cuando solo se increment\u00f2 en 1.4 por ciento la llegada de visitantes  extranjeros al pa\u00ecs frente a un robusto 11 punto tres registrado en el mismo  per\u00ecodo el pasado a\u00f1o 2006.<\/span><\/p>\n<p>&#13;<\/p>\n<p align=\"justify\"><strong>POR SEGUNDO A\u00d1O.<\/strong> <span class=\"text1noticias\">Parad\u00f3jicamente y para satisfacci\u00f3n  y orgullo de nuestra industria sin chimeneas, desde Espa\u00f1a se reporta que por  segundo a\u00f1o consecutivo la Rep\u00f9blica Dominicana recibi\u00f2 el Premio Travel  ranking 2007 por ser el pa\u00ecs que mejor recibe a los turistas.\u00a0 La selecci\u00f3n fue llevada a cabo por unos  setenta agentes de viajes y ochocientos tour operadores minoristas.\u00a0 <\/span><\/p>\n<p>&#13;<\/p>\n<p align=\"justify\"><em><strong>TARIFA CONGELADA.<\/strong><\/em>\u00a0  <span class=\"text1noticias\">Buenas noticias para los usuarios en el sector el\u00e9ctrico.\u00a0 La tarifa para Junio se mantendr\u00e0 igual a\u00f9n  cuando debiera aumentar un 4.6 porciento conforme al alza de los  combustibles.\u00a0 Por otra parte, EDESUR  anuncia que a partir de hoy, las ciudades de Ban\u00ec y San Crist\u00f3bal tendr\u00e1n luz  las 24 horas del d\u00eca debido a que la empresa ha logrado reducir  significativamente las p\u00e8rdidas en ambas ciudades sure\u00f1as<\/span>.<\/p>\n<p>&#13;<\/p>\n<p align=\"justify\"><strong>MATRIMONIO MALLLEVADO. <\/strong><span class=\"text1noticias\">Definitivamente el de  Franklin Almeida y el jefe de la Polic\u00eca Nacional es un matrimonio mal llevado.  Ahora con motivo de los veh\u00edculos policiales que est\u00e0n fuera de servicio por  falta de piezas, el titular de Interior y Polic\u00eca arremete de nuevo contra el  general Santana P\u00e0ez a quien acusa de no haber sido previsor y cuidadoso en  darles el debido mantenimiento. Almeida no desaprovecha oportunidad para  externar cr\u00ecticas p\u00f9blicas al cuerpo de orden uniformado.<\/span><\/p>\n<p>&#13;<\/p>\n<p align=\"justify\"><em><strong>VEH\u00cdCULOS SIN REPUESTOS.<\/strong>\u00a0<\/em> <span class=\"text1noticias\">Mucho m\u00e0s conciliador que el agresivo ministro,  a preguntas de los periodistas el jefe policial evita la confrontaci\u00f3n directa  con su superior jer\u00e1rquico y declara que su misi\u00f3n es combatir la delincuencia.  Los veh\u00edculos policiales de la marca Ford fueron adquiridos en Espa\u00f1a pero  aparentemente no se previ\u00f2 que para recibir servicio del concesionario local  debe entregarse a \u00e8ste un 5 por ciento del valor de los mismos.<\/span><\/p>\n<p>&#13;<\/p>\n<p align=\"justify\"><strong>LES DAN CALABAZAS. <\/strong><span class=\"text1noticias\">Los miembros de la Junta Central  Electoral reiteran la necesidad y urgencia de ser recibidos por el Presidente  Leonel Fern\u00e1ndez para tratarle asuntos que precisan ser resueltos a fin de  garantizar la celebraci\u00f3n de un proceso electoral ejemplar que contribuya al  fortalecimiento del sistema democr\u00e1tico.\u00a0  Los magistrados han\u00a0 pedido cita a  Palacio en dos ocasiones pero a\u00f9n no han podido entrevistarse con el  mandatario. <\/span><\/p>\n<p>&#13;<\/p>\n<p align=\"justify\"><em><strong>SANA Y SALVA.<\/strong><\/em> <span class=\"text1noticias\">El Departamento contra Secuestros de la Polic\u00eca Nacional  se anot\u00f2 otro importante logro al recuperar en escasas horas, sana y salva, a  la menor de ocho a\u00f1os secuestrada en Los Alcarrizos el pasado lunes. Del hecho  se acusa a un amigo cercano de los padres de la menor quien est\u00e0 detenido junto  a otros dos presuntos c\u00f3mplices. Los autores del hecho al parecer pretend\u00ecan un  rescate de 170 mil pesos por la menor.<\/span><\/p>\n<p>&#13;<\/p>\n<p align=\"justify\"><strong>M:<\/strong> <span class=\"text1noticias\">El presidente Hugo Ch\u00e0vez sigue mostrando la  garra dictatorial al amenazar a los medios de prensa de su pa\u00ecs con fuertes  represalias si hacen causa com\u00f9n con la apagada Radio Caracas Televisi\u00f3n.\u00a0 Ahora levanta su espada contra la empresa Globo  Vision, a la que acusa de incitar al magnicidio por presentar im\u00e1genes del  atentado contra Juan Pablo II en Roma en 1981 por\u00a0 parte del terrorista turco Ali Agca.<\/span><\/p>\n<p>&#13;<\/p>\n<p align=\"justify\"><strong>D:<\/strong><span class=\"text1noticias\"> En China no est\u00e0n para juegos. Tampoco pierden tiempo en eliminar  escollos.\u00a0 Y uno de ellos es la mala  imagen internacional que le ha proyectado el env\u00eco de pastas dentales t\u00f2xicas a  Centroam\u00e9rica y el Caribe.\u00a0 De ah\u00ec que  juzgaran sumariamente y condenaran a muerte en forma sumar\u00ecsima a su  fabricante.\u00a0 Una sentencia que  seguramente se ejecutar\u00e0 tambi\u00e8n sin p\u00e8rdida de tiempo.<\/span><\/p>\n<p>&#13;<\/p>\n<p align=\"justify\"><strong>M:<\/strong> <span class=\"text1noticias\">Hermosa y merecedora de elogios la iniciativa del  despacho de la I Dama  de dedicar un documental a sus antecesoras que han desempe\u00f1ado la misma  posici\u00f3n,\u00a0 y en cada uno de los casos no  se han limitado a ser la esposa y compa\u00f1era\u00a0  del mandatario sino que han dejado huella positiva de su paso.<\/span><\/p>\n<p>&#13;<\/p>\n<p align=\"justify\"><strong>D:<\/strong><span class=\"text1noticias\"> Obras P\u00f9blicas debiera abocarse de inmediato a la  urgente reparaci\u00f3n de puentes que han sido da\u00f1ados por las aguas o se  encontraban en franco y peligroso estado de deterioro. Hay que evitar que  numerosas comunidades queden incomunicadas por esa raz\u00f2n y que los productores  no puedan tampoco sacar sus productos a los mercados.\u00a0 Es una tarea de la m\u00e0s elevada prioridad.<\/span><\/p>\n<p>&#13;<\/p>\n<h6> 2007-06-01 16:39:38 <\/h6>\n<p><!--\n<link rel=\"stylesheet\" href=\"css\/bootstrap.min.css\">\n\n\n<ul class=\"pagination\">\n\t    \n\t\n\n<li >\n\t<a href='?page_no=12980'>Previous<\/a>\n\t<\/li>\n\n\n       \n    \n\n<li><a href='?page_no=1'>1<\/a><\/li>\n\n\n\n<li><a href='?page_no=2'>2<\/a><\/li>\n\n\n\n<li><a>...<\/a><\/li>\n\n\n\n<li><a href='?page_no=12979'>12979<\/a><\/li>\n\n\n\n<li><a href='?page_no=12980'>12980<\/a><\/li>\n\n\n\n<li class='active'><a>12981<\/a><\/li>\n\n\n\n<li><a href='?page_no=12982'>12982<\/a><\/li>\n\n\n\n<li><a href='?page_no=12983'>12983<\/a><\/li>\n\n\n\n<li><a>...<\/a><\/li>\n\n\n\n<li><a href='?page_no=13611'>13611<\/a><\/li>\n\n\n\n<li><a href='?page_no=13612'>13612<\/a><\/li>\n\n    \n\t\n\n<li >\n\t<a href='?page_no=12982'>Next<\/a>\n\t<\/li>\n\n\n    \n\n<li><a href='?page_no=13612'>Last &rsaquo;&rsaquo;<\/a><\/li>\n\n<\/ul>\n\n\n--><br \/>\n<\/body><\/p>\n","protected":false},"excerpt":{"rendered":"<p>LAS PRINCIPALES EN TELEDEBATE&#13; &#13; Mi\u00e9rcoles 30,05,07&#13; &#13; TRUJILLO, NUNCA M\u00c0S. Hoy se conmemora el 46 aniversario del ajusticiamiento del tirano Rafael Leonidas Trujillo.Por espacio de tres d\u00e9cadas degrad\u00f2 el pa\u00ecs implantando un r\u00e8gimen de crimen y latrocinio que arropa cualquier balance positivo que pueda haber arrojado su r\u00e8gimen y que constituye un bald\u00f3n en [&hellip;]<\/p>\n","protected":false},"author":3,"featured_media":0,"comment_status":"open","ping_status":"open","sticky":false,"template":"","format":"standard","meta":{"footnotes":""},"categories":[16],"tags":[],"class_list":["post-37193","post","type-post","status-publish","format-standard","hentry","category-opiniones"],"_links":{"self":[{"href":"https:\/\/diariodominicano.com\/index.php?rest_route=\/wp\/v2\/posts\/37193","targetHints":{"allow":["GET"]}}],"collection":[{"href":"https:\/\/diariodominicano.com\/index.php?rest_route=\/wp\/v2\/posts"}],"about":[{"href":"https:\/\/diariodominicano.com\/index.php?rest_route=\/wp\/v2\/types\/post"}],"author":[{"embeddable":true,"href":"https:\/\/diariodominicano.com\/index.php?rest_route=\/wp\/v2\/users\/3"}],"replies":[{"embeddable":true,"href":"https:\/\/diariodominicano.com\/index.php?rest_route=%2Fwp%2Fv2%2Fcomments&post=37193"}],"version-history":[{"count":0,"href":"https:\/\/diariodominicano.com\/index.php?rest_route=\/wp\/v2\/posts\/37193\/revisions"}],"wp:attachment":[{"href":"https:\/\/diariodominicano.com\/index.php?rest_route=%2Fwp%2Fv2%2Fmedia&parent=37193"}],"wp:term":[{"taxonomy":"category","embeddable":true,"href":"https:\/\/diariodominicano.com\/index.php?rest_route=%2Fwp%2Fv2%2Fcategories&post=37193"},{"taxonomy":"post_tag","embeddable":true,"href":"https:\/\/diariodominicano.com\/index.php?rest_route=%2Fwp%2Fv2%2Ftags&post=37193"}],"curies":[{"name":"wp","href":"https:\/\/api.w.org\/{rel}","templated":true}]}}