{"id":37183,"date":"2007-06-06T18:18:07","date_gmt":"2007-06-06T18:18:07","guid":{"rendered":"http:\/\/diariodominicano.ddns.net\/?p=37183"},"modified":"2007-06-06T18:18:07","modified_gmt":"2007-06-06T18:18:07","slug":"las-principales-en-teledebate-75","status":"publish","type":"post","link":"https:\/\/diariodominicano.com\/?p=37183","title":{"rendered":"LAS PRINCIPALES EN TELEDEBATE"},"content":{"rendered":"<p><body><\/p>\n<p align=\"justify\"><span class=\"titulogrande1\">LAS PRINCIPALES EN TELEDEBATE<\/span><br \/>&#13;<br \/>\n  <br \/>&#13;<br \/>\n    <span class=\"textogrande\">Lunes<\/span> <strong>4,06,07<\/strong><br \/>&#13;<br \/>\n<br \/>&#13;<br \/>\n<strong>AMENAZA. <\/strong><span class=\"text1noticias\">Congresistas anuncian que someter\u00e1n judicialmente  al Secretario de Estado de Recursos Naturales y Medio Ambiente, Max Puig, por  su reciente denuncia acusando a un grupo de legisladores de todos los partidos  que no identific\u00f2 como involucrados en un proyecto de ley que despojar\u00eca al  pa\u00ecs de una buena porci\u00f2n del territorio de las \u00e0reas protegidas como reserva  natural.<\/span><\/p>\n<p>&#13;<\/p>\n<p align=\"justify\"><strong>ALCOHOL Y PROSTITUCI\u00d3N. <\/strong><span class=\"text1noticias\">Autoridades policiales y fiscales irrumpieron este fin de semana en varias  discotecas rescatando a unos 23 menores que inger\u00ecan bebidas alcoh\u00f3licas, y  deteniendo a sus gerentes, entre \u00e8stos un oficial del propio cuerpo de orden  p\u00f9blico. Tambi\u00e8n clausuraron una casa de citas donde menores ejerc\u00edan la  prostituci\u00f3n. En el local, encontraron una menor desnuda en una ba\u00f1era con  varios hombres.<\/span><\/p>\n<p>&#13;<\/p>\n<p align=\"justify\"><strong>LOS ATRAPARON&#8230;EN TIERRA. <\/strong><span class=\"text1noticias\">Agentes de la   Direcci\u00f2n Nacional de Control de Drogas se incautaron de una  avioneta que aterriz\u00f2 en La   Romana para repostar combustible, ocupando en su interior un  alijo de coca\u00edna con destino a Puerto Rico. Fueron detenidos los pilotos, uno  de nacionalidad dominicana y otro argentino.<\/span><\/p>\n<p>&#13;<\/p>\n<p align=\"justify\"><strong>LABOR DE INTELIGENCIA.<\/strong> <span class=\"text1noticias\">Contra  los apresados se dict\u00f2 orden de coerci\u00f2n de tres meses de prisi\u00f3n. El cuerpo  que preside el general Ram\u00edrez Ferreiras actu\u00f2 en base a informes de  inteligencia. Se informa que la   DEA norteamericana est\u00e0 participando en las investigaciones a  fin de obtener detalles sobre qui\u00e8nes recibir\u00edan el cargamento en la isla  vecina.<\/span><\/p>\n<p>&#13;<\/p>\n<p align=\"justify\"><strong>DROGAS Y TRAGEDIA FAMILIAR. <\/strong><span class=\"text1noticias\">Este fin de semana se produjo otro hecho tr\u00e1gico, vinculado tambi\u00e8n al consumo  de estufacientes cuando un padre di\u00f2 muerte a su hijo drogadicto quien agredi\u00f2  a cuchilladas a su propia madre, ocasion\u00e1ndole dos serias heridas en el  cuello,ante la negativa de \u00e8sta\u00a0 a darle  dinero para alimentar su vicio.<\/span><\/p>\n<p>&#13;<\/p>\n<p align=\"justify\"><strong>\u00a1QUE DIFERENCIA!<\/strong> <span class=\"text1noticias\">Mientras en  Rostock, Alemania, unos ciento cincuenta polic\u00ecas resultaron lesionados a manos  de manifestantes que reclamaban de los pa\u00ecses industrializados medidas para  preservar el medio ambiente, aqu\u00ec, en Pantoja, un oficial es acusado de haber  dado muerte alevosa a un hombre en el curso de una acci\u00f2n de desalojo.\u00a0 Sobran comentarios sobre la diferencia de  manejo de situaciones de crisis en ambos casos.<\/span><\/p>\n<p>&#13;<\/p>\n<p align=\"justify\"><strong>\u00a1AQU\u00cd E`PA FUERA QUE HUBIERAN IDO! <\/strong><span class=\"text1noticias\">El juicio contra Quirino contin\u00f9a estancado en Nueva York..Las diferencias  surgidas entre la Fiscal\u00eca  y los abogados defensores del ex capit\u00e1n y dem\u00e0s implicados han dilatado la  celebraci\u00f3n de las vistas.\u00a0 Los  implicados llevan ya m\u00e0s de dos a\u00f1os en prisi\u00f3n preventiva. Aqu\u00ec, los  entendidos aseguran que con el nuevo C\u00f3digo, e\u2019 pa la calle que hubiesen ido  hace mucho rato.<\/span><\/p>\n<p>&#13;<\/p>\n<p align=\"justify\"><strong>SIGUE EL PLEITO.<\/strong><span class=\"text1noticias\"> Contin\u00faan las  manifestaciones en Venezuela en relaci\u00f2n con la negativa del gobierno de Ch\u00e0vez  a renovar la licencia de Radio Caracas Televisi\u00f2n, que ha sido sustituida por  un canal oficial. El s\u00e1bado se produjo una marcha apoyando la decisi\u00f2n del  gobierno y ayer domingo otra, pero en  esta oportunidad protestando por la medida, que a su vez ha producido un choque  verbal entre los gobiernos de Ch\u00e0vez y el brasile\u00f1o Lula da Silva.<\/span><\/p>\n<p>&#13;<\/p>\n<p align=\"justify\"><strong>CUANTIOSOS DA\u00d1OS.<\/strong><span class=\"text1noticias\"> Se reporta que  los intensos aguaceros de la pasada semana dejaron p\u00e8rdidas estimadas en mil  millones de pesos.\u00a0 Miles de personas  tuvieron que ser evacuadas, parte de las cuales han perdido sus hogares y  ajuares. La agricultura ha sufrido grandes da\u00f1os.\u00a0 Y numerosas comunidades han quedado  pr\u00e1cticamente aisladas.\u00a0 El gobierno por  su lado ha dispuesto una erogaci\u00f2n de 360 millones para la urgente reparaci\u00f3n  de 8 puentes.<\/span><\/p>\n<p>&#13;<\/p>\n<p align=\"justify\"><strong>CUANTIFICANDO LAS PERDIDAS. <\/strong><span class=\"text1noticias\">Seg\u00f9n el titular de la Defensa Civil, general Luis Luna Paulino, unas diez  personas perdieron la vida a causa de los aguaceros, 42 comunidades quedaron  incomunicadas, fueron evacuadas m\u00e0s de 36 mil 500 personas y resultaron  afectadas unas 9 mil 125 viviendas, de las cuales 42 est\u00e0n totalmente  destruidas. Tambi\u00e8n colapsaron varios acueductos.<\/span><\/p>\n<p>&#13;<\/p>\n<p align=\"justify\"><strong>LA JCE EN PROBLEMAS ECONOMICOS.<\/strong>  <span class=\"text1noticias\">Mientras el Presidente de la Junta Central Electoral advierte al Banco de  Reservas que debido a la precariedad econ\u00f3mica del organismo no podr\u00e0 pagar el  pr\u00e8stamos de 35 millones de d\u00f3lares a esa instituci\u00f3n, el pleno del organismo  ha reiterado formalmente la solicitud de una reuni\u00f3n al Presidente Leonel  Fern\u00e1ndez para exponerle la situaci\u00f2n financiera por la que atraviesa.<\/span><\/p>\n<p>&#13;<\/p>\n<p align=\"justify\"><strong>SALCEDO ACLARA Y SIGUEN LAS  QUEJAS. <\/strong><span class=\"text1noticias\">El S\u00ecndico de la Capital, Roberto Salcedo, declara que el trabajo de  rescate que lleva a cabo el Ayuntamiento en la Zona Colonial es integral,  incluyendo la readecuaci\u00f3n de plazas, calles, aceras y contenes, limpieza de  parques y monumentos, iluminaci\u00f3n y arborizaci\u00f2n. No obstante,\u00a0 contin\u00faan las quejas contra el ejecutivo  municipal por la poda masiva e indiscriminada de \u00e1rboles.<\/span><\/p>\n<p>&#13;<\/p>\n<h6> 2007-06-06 18:18:07 <\/h6>\n<p><!--\n<link rel=\"stylesheet\" href=\"css\/bootstrap.min.css\">\n\n\n<ul class=\"pagination\">\n\t    \n\t\n\n<li >\n\t<a href='?page_no=12971'>Previous<\/a>\n\t<\/li>\n\n\n       \n    \n\n<li><a href='?page_no=1'>1<\/a><\/li>\n\n\n\n<li><a href='?page_no=2'>2<\/a><\/li>\n\n\n\n<li><a>...<\/a><\/li>\n\n\n\n<li><a href='?page_no=12970'>12970<\/a><\/li>\n\n\n\n<li><a href='?page_no=12971'>12971<\/a><\/li>\n\n\n\n<li class='active'><a>12972<\/a><\/li>\n\n\n\n<li><a href='?page_no=12973'>12973<\/a><\/li>\n\n\n\n<li><a href='?page_no=12974'>12974<\/a><\/li>\n\n\n\n<li><a>...<\/a><\/li>\n\n\n\n<li><a href='?page_no=13611'>13611<\/a><\/li>\n\n\n\n<li><a href='?page_no=13612'>13612<\/a><\/li>\n\n    \n\t\n\n<li >\n\t<a href='?page_no=12973'>Next<\/a>\n\t<\/li>\n\n\n    \n\n<li><a href='?page_no=13612'>Last &rsaquo;&rsaquo;<\/a><\/li>\n\n<\/ul>\n\n\n--><br \/>\n<\/body><\/p>\n","protected":false},"excerpt":{"rendered":"<p>LAS PRINCIPALES EN TELEDEBATE&#13; &#13; Lunes 4,06,07&#13; &#13; AMENAZA. Congresistas anuncian que someter\u00e1n judicialmente al Secretario de Estado de Recursos Naturales y Medio Ambiente, Max Puig, por su reciente denuncia acusando a un grupo de legisladores de todos los partidos que no identific\u00f2 como involucrados en un proyecto de ley que despojar\u00eca al pa\u00ecs de [&hellip;]<\/p>\n","protected":false},"author":3,"featured_media":0,"comment_status":"open","ping_status":"open","sticky":false,"template":"","format":"standard","meta":{"footnotes":""},"categories":[16],"tags":[],"class_list":["post-37183","post","type-post","status-publish","format-standard","hentry","category-opiniones"],"_links":{"self":[{"href":"https:\/\/diariodominicano.com\/index.php?rest_route=\/wp\/v2\/posts\/37183","targetHints":{"allow":["GET"]}}],"collection":[{"href":"https:\/\/diariodominicano.com\/index.php?rest_route=\/wp\/v2\/posts"}],"about":[{"href":"https:\/\/diariodominicano.com\/index.php?rest_route=\/wp\/v2\/types\/post"}],"author":[{"embeddable":true,"href":"https:\/\/diariodominicano.com\/index.php?rest_route=\/wp\/v2\/users\/3"}],"replies":[{"embeddable":true,"href":"https:\/\/diariodominicano.com\/index.php?rest_route=%2Fwp%2Fv2%2Fcomments&post=37183"}],"version-history":[{"count":0,"href":"https:\/\/diariodominicano.com\/index.php?rest_route=\/wp\/v2\/posts\/37183\/revisions"}],"wp:attachment":[{"href":"https:\/\/diariodominicano.com\/index.php?rest_route=%2Fwp%2Fv2%2Fmedia&parent=37183"}],"wp:term":[{"taxonomy":"category","embeddable":true,"href":"https:\/\/diariodominicano.com\/index.php?rest_route=%2Fwp%2Fv2%2Fcategories&post=37183"},{"taxonomy":"post_tag","embeddable":true,"href":"https:\/\/diariodominicano.com\/index.php?rest_route=%2Fwp%2Fv2%2Ftags&post=37183"}],"curies":[{"name":"wp","href":"https:\/\/api.w.org\/{rel}","templated":true}]}}