{"id":37181,"date":"2007-06-06T18:21:15","date_gmt":"2007-06-06T18:21:15","guid":{"rendered":"http:\/\/diariodominicano.ddns.net\/?p=37181"},"modified":"2007-06-06T18:21:15","modified_gmt":"2007-06-06T18:21:15","slug":"el-tiro-rapido-381","status":"publish","type":"post","link":"https:\/\/diariodominicano.com\/?p=37181","title":{"rendered":"EL TIRO RAPIDO"},"content":{"rendered":"<p><body><\/p>\n<p><span class=\"titulogrande1\">EL TIRO RAPIDO<\/span><br \/>&#13;<br \/>\n  <br \/>&#13;<br \/>\n    <em><strong>de<\/strong><\/em><br \/>&#13;<br \/>\n  <br \/>&#13;<br \/>\n  <span class=\"textogrande\">Mario  Rivadulla<\/span><\/p>\n<p>&#13;<\/p>\n<p align=\"justify\" class=\"text1noticias\">\u00bfSe atrever\u00e0 Max Puig a realmente identificar con \u201cpelos y  se\u00f1ales\u201d a los legisladores de los diferentes partidos que,\u00a0 seg\u00f9n denunci\u00f2 la pasada semana, estar\u00ecan confabulados para presentar un  proyecto de ley destinado a reducir en un 27 porciento las \u00e0reas protegidas  como reserva natural para proyectos de inversi\u00f2n privada?<\/p>\n<p>&#13;<\/p>\n<p align=\"justify\" class=\"text1noticias\">\u00bfSe atrever\u00e0 Max Puig a emitir  su opini\u00f3n sobre la disposici\u00f2n del Secretario de Turismo autorizando la  construcci\u00f3n de un hotel a un particular dentro de una parcela situada en el  Parque Nacional del Este, que es reserva natural protegida por la ley?<\/p>\n<p>&#13;<\/p>\n<p align=\"justify\" class=\"text1noticias\">\u00bfSe atrever\u00e0 Max Puig a  mencionar con sus nombres y apellidos a elementos de poder e influencia,\u00a0 tanto del sector p\u00f9blico como privado,  civiles como aforados, que talan y depredan sin poseer autorizaci\u00f3n para  ello,\u00a0 pese a lo cual escapan indemnes al  brazo de la ley?<\/p>\n<p>&#13;<\/p>\n<p align=\"justify\" class=\"text1noticias\">El titular de la cartera de  Recursos Naturales y Medio Ambiente, quien en estos d\u00ecas ha sido objeto de  diversas cr\u00ecticas debido a las diferentes denuncias de agresiones al habitat y  aprovechamiento prohibido de recursos naturales, estremeci\u00f3 los predios  congresionales la pasada semana con la denuncia por la que ahora algunos  legisladores amenazan con someterlo a la Justicia.\u00a0 Tambi\u00e8n impact\u00f2 a la opini\u00f3n p\u00f9blica, en  particular a los sectores conservacionistas.<\/p>\n<p>&#13;<\/p>\n<p align=\"justify\" class=\"text1noticias\">Para esta semana se espera que  concurra al Congreso y haga v\u00e0lida su promesa de ampliar su denuncia con \u201cpelos  y se\u00f1ales\u201d, tal como avanz\u00f2.\u00a0 Se supone  que lo har\u00e0 con las pruebas en la mano. Es de imaginar que ser\u00e0n todo lo  contundentes y convincentes que requiere su denuncia.<\/p>\n<p>&#13;<\/p>\n<p align=\"justify\" class=\"text1noticias\">Tambi\u00e8n es de esperar que los  detalles de su comparecencia queden abiertos a todos. Que sean de dominio  general.\u00a0 La advertencia es v\u00e0lida,\u00a0 en tanto inicialmente \u00e8l declar\u00f2 que pondr\u00eda  los detalles de la denuncia exclusivamente en conocimiento de los Presidentes  de la C\u00e0mara de Diputados y del Senado, sin darle continuidad a nivel p\u00f9blico  tal como hizo cuando lanz\u00f2 su especie acusatoria.<\/p>\n<p>&#13;<\/p>\n<p align=\"justify\" class=\"text1noticias\">Es conveniente aclarar este  punto.\u00a0 Porque no se trata de un secreto  de Estado.\u00a0 De una informaci\u00f3n  clasificada.\u00a0 De detalles que, como se ha  alegado en el caso del Metro, no pueden llegar a todos los o\u00ecdos ante el temor  de que sirvan para la ejecuci\u00f3n de un sabotaje o de un acto terrorista.<\/p>\n<p>&#13;<\/p>\n<p align=\"justify\" class=\"text1noticias\">Por suerte o desgracia,\u00a0 el sabotaje y los actos terroristas contra el  inventario de recursos naturales del pa\u00ecs no son un secreto para nadie.\u00a0 Est\u00e0n a la orden y a la luz del d\u00eca.\u00a0 A la vista y al conocimiento de todos. Lo  reconocen las propias estad\u00edsticas de la Secretaria que regentea Max Puig.\u00a0 El jefe de la Policia Ambiental dijo aqu\u00ec  mismo, en nuestro Teledebate, que son m\u00e0s de tres mil sometimientos por a\u00f1o por  transgredir las normas\u00a0\u00a0 Sin embargo, hay  poca evidencia de que en los tribunales reciban la sanci\u00f3n merecida a un delito  que debiera considerarse de lesa patria.\u00a0  Por consiguiente, abunda la reincidencia.\u00a0 Hay tambi\u00e8n la penosa sensaci\u00f3n de que los grandes  depredadores siempre escapan sin castigo.<\/p>\n<p>&#13;<\/p>\n<p align=\"justify\" class=\"text1noticias\">Esperemos la comparecencia de  Max Puig.\u00a0 Esperemos se atreva a honrar  el compromiso de identificar a los complotados.\u00a0  De hablar \u201ccon pelos y se\u00f1ales\u201d.\u00a0  Pero sobre todo.\u00a0 que a partir de  ese momento, si realmente se atreve, se adopten las necesarias pol\u00edticas de  Estado para preservar lo que tenemos de foresta y lo que nos queda de r\u00ecos con  la necesaria energ\u00eda. Porque no hacerlo as\u00ec.\u00a0  es ir por el camino torcido que llev\u00f2 al infortunado vecino fronterizo  al lamentable estado en que los depredadores han dejado sus tierras  erosionadas, sus bosques desiertos y sus r\u00ecos sin agua.<\/p>\n<p>&#13;<\/p>\n<h6> 2007-06-06 18:21:15 <\/h6>\n<p><!--\n<link rel=\"stylesheet\" href=\"css\/bootstrap.min.css\">\n\n\n<ul class=\"pagination\">\n\t    \n\t\n\n<li >\n\t<a href='?page_no=12969'>Previous<\/a>\n\t<\/li>\n\n\n       \n    \n\n<li><a href='?page_no=1'>1<\/a><\/li>\n\n\n\n<li><a href='?page_no=2'>2<\/a><\/li>\n\n\n\n<li><a>...<\/a><\/li>\n\n\n\n<li><a href='?page_no=12968'>12968<\/a><\/li>\n\n\n\n<li><a href='?page_no=12969'>12969<\/a><\/li>\n\n\n\n<li class='active'><a>12970<\/a><\/li>\n\n\n\n<li><a href='?page_no=12971'>12971<\/a><\/li>\n\n\n\n<li><a href='?page_no=12972'>12972<\/a><\/li>\n\n\n\n<li><a>...<\/a><\/li>\n\n\n\n<li><a href='?page_no=13611'>13611<\/a><\/li>\n\n\n\n<li><a href='?page_no=13612'>13612<\/a><\/li>\n\n    \n\t\n\n<li >\n\t<a href='?page_no=12971'>Next<\/a>\n\t<\/li>\n\n\n    \n\n<li><a href='?page_no=13612'>Last &rsaquo;&rsaquo;<\/a><\/li>\n\n<\/ul>\n\n\n--><br \/>\n<\/body><\/p>\n","protected":false},"excerpt":{"rendered":"<p>EL TIRO RAPIDO&#13; &#13; de&#13; &#13; Mario Rivadulla &#13; \u00bfSe atrever\u00e0 Max Puig a realmente identificar con \u201cpelos y se\u00f1ales\u201d a los legisladores de los diferentes partidos que,\u00a0 seg\u00f9n denunci\u00f2 la pasada semana, estar\u00ecan confabulados para presentar un proyecto de ley destinado a reducir en un 27 porciento las \u00e0reas protegidas como reserva natural para [&hellip;]<\/p>\n","protected":false},"author":3,"featured_media":0,"comment_status":"open","ping_status":"open","sticky":false,"template":"","format":"standard","meta":{"footnotes":""},"categories":[16],"tags":[],"class_list":["post-37181","post","type-post","status-publish","format-standard","hentry","category-opiniones"],"_links":{"self":[{"href":"https:\/\/diariodominicano.com\/index.php?rest_route=\/wp\/v2\/posts\/37181","targetHints":{"allow":["GET"]}}],"collection":[{"href":"https:\/\/diariodominicano.com\/index.php?rest_route=\/wp\/v2\/posts"}],"about":[{"href":"https:\/\/diariodominicano.com\/index.php?rest_route=\/wp\/v2\/types\/post"}],"author":[{"embeddable":true,"href":"https:\/\/diariodominicano.com\/index.php?rest_route=\/wp\/v2\/users\/3"}],"replies":[{"embeddable":true,"href":"https:\/\/diariodominicano.com\/index.php?rest_route=%2Fwp%2Fv2%2Fcomments&post=37181"}],"version-history":[{"count":0,"href":"https:\/\/diariodominicano.com\/index.php?rest_route=\/wp\/v2\/posts\/37181\/revisions"}],"wp:attachment":[{"href":"https:\/\/diariodominicano.com\/index.php?rest_route=%2Fwp%2Fv2%2Fmedia&parent=37181"}],"wp:term":[{"taxonomy":"category","embeddable":true,"href":"https:\/\/diariodominicano.com\/index.php?rest_route=%2Fwp%2Fv2%2Fcategories&post=37181"},{"taxonomy":"post_tag","embeddable":true,"href":"https:\/\/diariodominicano.com\/index.php?rest_route=%2Fwp%2Fv2%2Ftags&post=37181"}],"curies":[{"name":"wp","href":"https:\/\/api.w.org\/{rel}","templated":true}]}}