{"id":371799,"date":"2022-07-27T00:05:25","date_gmt":"2022-07-27T04:05:25","guid":{"rendered":"http:\/\/diariodominicano.com\/?p=371799"},"modified":"2022-07-27T00:05:25","modified_gmt":"2022-07-27T04:05:25","slug":"muere-el-ex-presidente-eladio-victoria-2","status":"publish","type":"post","link":"https:\/\/diariodominicano.com\/?p=371799","title":{"rendered":"Muere el ex presidente Eladio Victoria"},"content":{"rendered":"\n<p>SANTO DOMINGO,\u00a0 el 27 de julio de 1939, muri\u00f3 el ex presidente\u00a0 Eladio Victoria (Quiqu\u00ed). Naci\u00f3  en Ban\u00ed, el 30 de julio de 1864. Se destac\u00f3\u00a0 como pol\u00edtico y funcionario p\u00fablico.<\/p>\n\n\n\n<p>&nbsp; Era hijo de Alejandro Victoria y Josefa Victoria.<\/p>\n\n\n\n<p>&nbsp;&nbsp;&nbsp;&nbsp; Cuando se produjo el asesinato del Presidente Ram\u00f3n<\/p>\n\n\n\n<p>-Mon-&nbsp; C\u00e1ceres, el 19 de noviembre de 1911, el Gobierno fue asumido por un Consejo de Secretarios que se mantendr\u00eda en labores hasta que el Congreso Nacional escogiera el nuevo Presidente de la Rep\u00fablica.<\/p>\n\n\n\n<p>&nbsp;&nbsp;&nbsp; Cuando lleg\u00f3 el momento, su sobrino Alfredo Victoria, Jefe del Ej\u00e9rcito, logr\u00f3 influenciar a los legisladores para que escogieran a Eladio Victoria.<\/p>\n\n\n\n<p>&nbsp;&nbsp; En la ocasi\u00f3n Eladio Victoria era senador de la Rep\u00fablica, representante de la provincia Santiago.<\/p>\n\n\n\n<p>&nbsp;&nbsp; Tom\u00f3 posesi\u00f3n como Presidente de la Rep\u00fablica, el&nbsp;&nbsp; 27 de febrero de 1912 y present\u00f3 renuncia el d\u00eda 26 de noviembre de 1912, luego de luchar durante meses contra los movimientos armados que encabezaban contra su Gobierno Horacio V\u00e1squez y Desiderio Arias.<\/p>\n\n\n\n<p>&nbsp;&nbsp; Eladio Victoria contaba con el apoyo del l\u00edder pol\u00edtico Juan Isidro Jimenes y \u201cBolos patas blancas\u201d, cuyos dirigentes se integraron al Gobierno. Esa situaci\u00f3n hizo temer a Horacio V\u00e1squez y a&nbsp; sus partidarios que pudieran&nbsp; quedarse sin poder.<\/p>\n\n\n\n<p>&nbsp;&nbsp;&nbsp; V\u00e1squez hab\u00eda&nbsp; retornado&nbsp; de Puerto Rico y reorganiz\u00f3 a sus partidarios para iniciar la lucha armada&nbsp; contra Eladio Victorio. Lo mismo hizo el general Desiderio Arias.<\/p>\n\n\n\n<p>&nbsp;&nbsp;&nbsp; Rep\u00fablica Dominicana&nbsp;&nbsp; sufri\u00f3 una situaci\u00f3n de violencia que fue tomada de pretexto por Estados Unidos, para intervenir&nbsp; entre las&nbsp; partes. Los principales combates se produjeron en Santiago, La Vega y la L\u00ednea Noroeste.<\/p>\n\n\n\n<p>&nbsp;&nbsp;&nbsp; La situaci\u00f3n se torn\u00f3 muy dif\u00edcil. El Gobierno ni siquiera estaba en capacidad de garantizar la seguridad de la Naci\u00f3n. El general Desiderio Arias se apoder\u00f3 de las aduanas de la L\u00ednea Fronteriza y los haitianos se aprovecharon de la crisis para ocupar \u00e1reas del territorio nacional.<\/p>\n","protected":false},"excerpt":{"rendered":"<p>SANTO DOMINGO,\u00a0 el 27 de julio de 1939, muri\u00f3 el ex presidente\u00a0 Eladio Victoria (Quiqu\u00ed). Naci\u00f3 en Ban\u00ed, el 30 de julio de 1864. Se destac\u00f3\u00a0 como pol\u00edtico y funcionario p\u00fablico. &nbsp; Era hijo de Alejandro Victoria y Josefa Victoria. &nbsp;&nbsp;&nbsp;&nbsp; Cuando se produjo el asesinato del Presidente Ram\u00f3n -Mon-&nbsp; C\u00e1ceres, el 19 de noviembre [&hellip;]<\/p>\n","protected":false},"author":28,"featured_media":371800,"comment_status":"closed","ping_status":"","sticky":true,"template":"","format":"standard","meta":{"footnotes":""},"categories":[26,27],"tags":[],"class_list":["post-371799","post","type-post","status-publish","format-standard","has-post-thumbnail","hentry","category-efemerides","category-portada"],"_links":{"self":[{"href":"https:\/\/diariodominicano.com\/index.php?rest_route=\/wp\/v2\/posts\/371799","targetHints":{"allow":["GET"]}}],"collection":[{"href":"https:\/\/diariodominicano.com\/index.php?rest_route=\/wp\/v2\/posts"}],"about":[{"href":"https:\/\/diariodominicano.com\/index.php?rest_route=\/wp\/v2\/types\/post"}],"author":[{"embeddable":true,"href":"https:\/\/diariodominicano.com\/index.php?rest_route=\/wp\/v2\/users\/28"}],"replies":[{"embeddable":true,"href":"https:\/\/diariodominicano.com\/index.php?rest_route=%2Fwp%2Fv2%2Fcomments&post=371799"}],"version-history":[{"count":1,"href":"https:\/\/diariodominicano.com\/index.php?rest_route=\/wp\/v2\/posts\/371799\/revisions"}],"predecessor-version":[{"id":371801,"href":"https:\/\/diariodominicano.com\/index.php?rest_route=\/wp\/v2\/posts\/371799\/revisions\/371801"}],"wp:featuredmedia":[{"embeddable":true,"href":"https:\/\/diariodominicano.com\/index.php?rest_route=\/wp\/v2\/media\/371800"}],"wp:attachment":[{"href":"https:\/\/diariodominicano.com\/index.php?rest_route=%2Fwp%2Fv2%2Fmedia&parent=371799"}],"wp:term":[{"taxonomy":"category","embeddable":true,"href":"https:\/\/diariodominicano.com\/index.php?rest_route=%2Fwp%2Fv2%2Fcategories&post=371799"},{"taxonomy":"post_tag","embeddable":true,"href":"https:\/\/diariodominicano.com\/index.php?rest_route=%2Fwp%2Fv2%2Ftags&post=371799"}],"curies":[{"name":"wp","href":"https:\/\/api.w.org\/{rel}","templated":true}]}}