{"id":371787,"date":"2022-07-26T23:59:50","date_gmt":"2022-07-27T03:59:50","guid":{"rendered":"http:\/\/diariodominicano.com\/?p=371787"},"modified":"2022-07-26T23:59:50","modified_gmt":"2022-07-27T03:59:50","slug":"gobierno-de-estados-unidos-expresa-condolencias-por-muerte-del-presidente-ulises-heureaux","status":"publish","type":"post","link":"https:\/\/diariodominicano.com\/?p=371787","title":{"rendered":"Gobierno de Estados Unidos expresa condolencias por muerte del presidente Ulises Heureaux"},"content":{"rendered":"\n<p><\/p>\n\n\n\n<p>SANTO DOMINGO,&nbsp; el 27 de julio de 1899, el Gobierno de Estados Unidos&nbsp; del Presidente&nbsp; William Mckinley, expres\u00f3 sus condolencias por el asesinato del dictador dominicano&nbsp; Ulises \u2013Lil\u00eds- Heureaux.<\/p>\n\n\n\n<p>&nbsp;&nbsp;&nbsp;&nbsp;&nbsp; El mensaje del Presidente estadounidense fue el siguiente: <strong>\u201cSe\u00f1or Presidente de la Rep\u00fablica Dominicana. En nombre del pueblo americano y el m\u00edo propio, ofrezca a su excelencia y a la naci\u00f3n dominicana las m\u00e1s sinceras condolencias por la muerte del Presidente Heureaux\u201d.<\/strong><\/p>\n\n\n\n<p>&nbsp;&nbsp; El dictador dominicano fue asesinado en Moca, el&nbsp; 26 de julio&nbsp; de 1899, por los j\u00f3venes Jacobito de Lara, Horacio V\u00e1squez y Ram\u00f3n C\u00e1ceres, quienes huyeron hacia la comunidad de Estancia Nueva, donde eran esperados por los dem\u00e1s complotados que encabezaba Horacio V\u00e1squez.<\/p>\n\n\n\n<p>&nbsp;&nbsp;&nbsp;&nbsp; El cad\u00e1ver de Lil\u00eds fue llevado a Santiago en la madrugada del 27 de julio&nbsp; por una comisi\u00f3n que encabez\u00f3 el general Perico Pep\u00edn, Gobernador de Santiago.<\/p>\n\n\n\n<p>&nbsp;&nbsp;&nbsp;&nbsp; A las 7 de la ma\u00f1ana del d\u00eda 27 de julio, el ca\u00f1\u00f3n de la fortaleza San Luis, toc\u00f3 el duelo.<\/p>\n\n\n\n<p>&nbsp;&nbsp;&nbsp;&nbsp; El peri\u00f3dico List\u00edn Diario public\u00f3 en su edici\u00f3n del 27 de julio de 1899, una escueta nota sobre el acontecimiento:<\/p>\n\n\n\n<p>&nbsp;\u201cSe dice de p\u00fablico, y es la versi\u00f3n m\u00e1s acentuada hasta ahora, que el general Heureaux, disponi\u00e9ndose a salir para Santiago de los Caballeros. Que hab\u00eda hecho salir, precedi\u00e9ndole, a su Estado Mayor, que en el instante de su muerte se hallaba socorriendo con una limosna a un pobre anciano que se acerc\u00f3 a la puerta de la casa de don Carlos M. Rojas, y en que se hospedara el general Heureaux, cuando de s\u00fabito y sin darse cuenta de ello por la violencia con que fue acometido, cay\u00f3 derribado por un balazo que dispar\u00f3 no se sabe qu\u00e9 persona y el cual (\u2026) le hiri\u00f3 en la mitad del coraz\u00f3n\u201d. (sic)<\/p>\n\n\n\n<p>&nbsp;&nbsp;&nbsp; Al producirse la muerte de Lil\u00eds, asumi\u00f3&nbsp; la Presidencia de la Rep\u00fablica, Wenceslao Figuereo, uno de sus seguidores, quien desat\u00f3 una persecuci\u00f3n contra los conjurados y trat\u00f3 de quedarse en el poder, pero como las fuerzas lilisistas no ten\u00edan respaldo popular,&nbsp; tuvo que renunciar,&nbsp; y dar paso,&nbsp; el 30 de agosto de 1899 a&nbsp; la \u201cJunta Popular Gubernativa\u201d.<\/p>\n\n\n\n<p>&nbsp;&nbsp;&nbsp; Lil\u00eds Heureaux se encontraba en la Presidencia de la Rep\u00fablica desde el a\u00f1o 1886.<\/p>\n\n\n\n<p>En el momento de su muerte su administraci\u00f3n enfrentaba una crisis financiera. Hab\u00eda ido a Moca&nbsp; como parte de un recorrido que inici\u00f3 el d\u00eda 21 de julio de 1899, para calmar a los hombres de negocio que estaban muy disgustados por los efectos de las emisiones inorg\u00e1nicas que hab\u00eda hecho el Gobierno.<\/p>\n\n\n\n<p>&nbsp;&nbsp;&nbsp; Heureaux&nbsp; les&nbsp; prometi\u00f3 a los comerciantes que estaba en \u00e1nimo de incinerar los billetes que hab\u00eda emitido para restaurar la confianza en su Gobierno. Su gira la comenz\u00f3 en S\u00e1nchez donde cumpli\u00f3 su promesa.<\/p>\n\n\n\n<p>&nbsp;El 25 de julio quem\u00f3 4 mil pesos en La Vega y luego se traslad\u00f3 a Moca, donde en la noche&nbsp; le ofrecieron&nbsp; una recepci\u00f3n.<\/p>\n","protected":false},"excerpt":{"rendered":"<p>SANTO DOMINGO,&nbsp; el 27 de julio de 1899, el Gobierno de Estados Unidos&nbsp; del Presidente&nbsp; William Mckinley, expres\u00f3 sus condolencias por el asesinato del dictador dominicano&nbsp; Ulises \u2013Lil\u00eds- Heureaux. &nbsp;&nbsp;&nbsp;&nbsp;&nbsp; El mensaje del Presidente estadounidense fue el siguiente: \u201cSe\u00f1or Presidente de la Rep\u00fablica Dominicana. En nombre del pueblo americano y el m\u00edo propio, ofrezca a [&hellip;]<\/p>\n","protected":false},"author":28,"featured_media":371797,"comment_status":"closed","ping_status":"","sticky":true,"template":"","format":"standard","meta":{"footnotes":""},"categories":[26,27],"tags":[],"class_list":["post-371787","post","type-post","status-publish","format-standard","has-post-thumbnail","hentry","category-efemerides","category-portada"],"_links":{"self":[{"href":"https:\/\/diariodominicano.com\/index.php?rest_route=\/wp\/v2\/posts\/371787","targetHints":{"allow":["GET"]}}],"collection":[{"href":"https:\/\/diariodominicano.com\/index.php?rest_route=\/wp\/v2\/posts"}],"about":[{"href":"https:\/\/diariodominicano.com\/index.php?rest_route=\/wp\/v2\/types\/post"}],"author":[{"embeddable":true,"href":"https:\/\/diariodominicano.com\/index.php?rest_route=\/wp\/v2\/users\/28"}],"replies":[{"embeddable":true,"href":"https:\/\/diariodominicano.com\/index.php?rest_route=%2Fwp%2Fv2%2Fcomments&post=371787"}],"version-history":[{"count":1,"href":"https:\/\/diariodominicano.com\/index.php?rest_route=\/wp\/v2\/posts\/371787\/revisions"}],"predecessor-version":[{"id":371798,"href":"https:\/\/diariodominicano.com\/index.php?rest_route=\/wp\/v2\/posts\/371787\/revisions\/371798"}],"wp:featuredmedia":[{"embeddable":true,"href":"https:\/\/diariodominicano.com\/index.php?rest_route=\/wp\/v2\/media\/371797"}],"wp:attachment":[{"href":"https:\/\/diariodominicano.com\/index.php?rest_route=%2Fwp%2Fv2%2Fmedia&parent=371787"}],"wp:term":[{"taxonomy":"category","embeddable":true,"href":"https:\/\/diariodominicano.com\/index.php?rest_route=%2Fwp%2Fv2%2Fcategories&post=371787"},{"taxonomy":"post_tag","embeddable":true,"href":"https:\/\/diariodominicano.com\/index.php?rest_route=%2Fwp%2Fv2%2Ftags&post=371787"}],"curies":[{"name":"wp","href":"https:\/\/api.w.org\/{rel}","templated":true}]}}