{"id":371573,"date":"2022-07-26T10:22:51","date_gmt":"2022-07-26T14:22:51","guid":{"rendered":"http:\/\/diariodominicano.com\/?p=371573"},"modified":"2022-07-26T10:24:13","modified_gmt":"2022-07-26T14:24:13","slug":"dia-nacional-de-liberia","status":"publish","type":"post","link":"https:\/\/diariodominicano.com\/?p=371573","title":{"rendered":"La felicitaci\u00f3n de EE UU en el D\u00eda Nacional de Liberia"},"content":{"rendered":"\n<p><\/p>\n\n\n\n<p>Antony J. Blinken, Secretario de Estado<\/p>\n\n\n\n<p>En nombre de los Estados Unidos de Am\u00e9rica, me gustar\u00eda felicitar al pueblo de Liberia por este a\u00f1o trascendental, en el que se celebra tanto el bicentenario de la llegada de los primeros colonos afroamericanos libres a lo que se convertir\u00eda en Liberia, como el&nbsp;<sup>175<\/sup>&nbsp;aniversario de La republica.<\/p>\n\n\n\n<p>Nuestras historias entrelazadas son solo una parte de lo que hace que nuestra relaci\u00f3n sea tan especial. Igualmente importantes son nuestros valores compartidos: el respeto por la democracia, los derechos humanos y el medio ambiente. Hemos trabajado juntos en los \u00faltimos a\u00f1os para luchar contra el COVID-19 y desarrollar nuevas formas innovadoras de combatir el cambio clim\u00e1tico. Nuestra asociaci\u00f3n econ\u00f3mica se fortalece cada a\u00f1o.<\/p>\n\n\n\n<p>Ha sido un honor para nosotros celebrar el bicentenario de Liberia este a\u00f1o. Que su D\u00eda de la Independencia sea un d\u00eda de celebraci\u00f3n por los logros pasados \u200b\u200bde Liberia y su brillante futuro.<\/p>\n\n\n\n<p>U.S. Department of State<a target=\"_blank\" href=\"mailto:usstatebpa@public.govdelivery.com\" rel=\"noreferrer noopener\">usstatebpa@public.govdelivery.com<\/a><\/p>\n","protected":false},"excerpt":{"rendered":"<p>Antony J. Blinken, Secretario de Estado En nombre de los Estados Unidos de Am\u00e9rica, me gustar\u00eda felicitar al pueblo de Liberia por este a\u00f1o trascendental, en el que se celebra tanto el bicentenario de la llegada de los primeros colonos afroamericanos libres a lo que se convertir\u00eda en Liberia, como el&nbsp;175&nbsp;aniversario de La republica. Nuestras [&hellip;]<\/p>\n","protected":false},"author":28,"featured_media":307798,"comment_status":"closed","ping_status":"","sticky":true,"template":"","format":"standard","meta":{"footnotes":""},"categories":[26,27],"tags":[],"class_list":["post-371573","post","type-post","status-publish","format-standard","has-post-thumbnail","hentry","category-efemerides","category-portada"],"_links":{"self":[{"href":"https:\/\/diariodominicano.com\/index.php?rest_route=\/wp\/v2\/posts\/371573","targetHints":{"allow":["GET"]}}],"collection":[{"href":"https:\/\/diariodominicano.com\/index.php?rest_route=\/wp\/v2\/posts"}],"about":[{"href":"https:\/\/diariodominicano.com\/index.php?rest_route=\/wp\/v2\/types\/post"}],"author":[{"embeddable":true,"href":"https:\/\/diariodominicano.com\/index.php?rest_route=\/wp\/v2\/users\/28"}],"replies":[{"embeddable":true,"href":"https:\/\/diariodominicano.com\/index.php?rest_route=%2Fwp%2Fv2%2Fcomments&post=371573"}],"version-history":[{"count":3,"href":"https:\/\/diariodominicano.com\/index.php?rest_route=\/wp\/v2\/posts\/371573\/revisions"}],"predecessor-version":[{"id":371576,"href":"https:\/\/diariodominicano.com\/index.php?rest_route=\/wp\/v2\/posts\/371573\/revisions\/371576"}],"wp:featuredmedia":[{"embeddable":true,"href":"https:\/\/diariodominicano.com\/index.php?rest_route=\/wp\/v2\/media\/307798"}],"wp:attachment":[{"href":"https:\/\/diariodominicano.com\/index.php?rest_route=%2Fwp%2Fv2%2Fmedia&parent=371573"}],"wp:term":[{"taxonomy":"category","embeddable":true,"href":"https:\/\/diariodominicano.com\/index.php?rest_route=%2Fwp%2Fv2%2Fcategories&post=371573"},{"taxonomy":"post_tag","embeddable":true,"href":"https:\/\/diariodominicano.com\/index.php?rest_route=%2Fwp%2Fv2%2Ftags&post=371573"}],"curies":[{"name":"wp","href":"https:\/\/api.w.org\/{rel}","templated":true}]}}