{"id":371569,"date":"2022-07-26T10:16:17","date_gmt":"2022-07-26T14:16:17","guid":{"rendered":"http:\/\/diariodominicano.com\/?p=371569"},"modified":"2022-07-26T10:16:17","modified_gmt":"2022-07-26T14:16:17","slug":"el-aniversario-de-la-ley-de-estadounidenses-con-discapacidades","status":"publish","type":"post","link":"https:\/\/diariodominicano.com\/?p=371569","title":{"rendered":"El aniversario de la Ley de Estadounidenses con Discapacidades"},"content":{"rendered":"\n<p>Ned Price, portavoz del departamento<\/p>\n\n\n\n<p>Hoy celebramos el 32&nbsp;<sup>\u00b0<\/sup>&nbsp;aniversario de la Ley de Estadounidenses con Discapacidades (ADA), la primera ley integral de derechos civiles del mundo para personas con discapacidades. La ADA inspira al mundo a ver la discapacidad a trav\u00e9s de la lente de la equidad y ampl\u00eda las oportunidades para que las personas con discapacidad contribuyan a nuestro progreso global. Esta hist\u00f3rica ley estadounidense provoc\u00f3 un cambio internacional de ver a las personas con discapacidad como objetos de caridad a individuos con derechos, plenamente capaces de ejercer estos derechos. Esta perspectiva sirve como un faro para las m\u00e1s de mil millones de personas con discapacidad en todo el mundo, una de cada siete de nosotros. Garantizar que las personas con discapacidad puedan participar con orgullo en todos los aspectos de la sociedad es una prioridad de la pol\u00edtica exterior de los EE. UU. y un valor que vivimos en el Departamento de Estado de los EE. UU.<\/p>\n\n\n\n<p>La Asesora Especial sobre Derechos Internacionales de las Personas con Discapacidad, Sara Minkara, est\u00e1 al frente de nuestros esfuerzos para proteger los derechos de las personas con discapacidad en todo el mundo. Con los Estados Unidos como copresidente de la Red de Acci\u00f3n Global sobre Discapacidad (GLAD), el Asesor Especial Minkara encabeza nuestras contribuciones a este organismo de donantes bilaterales y multilaterales, organizaciones p\u00fablicas y fundaciones que buscan colectivamente un desarrollo internacional y una acci\u00f3n humanitaria que incluyan a las personas con discapacidad. . A lo largo del \u201cA\u00f1o de Acci\u00f3n\u201d de la Cumbre por la Democracia, la Asesora Especial Minkara y su equipo guiar\u00e1n a los Estados Unidos en el cumplimiento de los&nbsp;<a href=\"https:\/\/lnks.gd\/l\/eyJhbGciOiJIUzI1NiJ9.eyJidWxsZXRpbl9saW5rX2lkIjoxMDEsInVyaSI6ImJwMjpjbGljayIsImJ1bGxldGluX2lkIjoiMjAyMjA3MjYuNjEyOTQxMjEiLCJ1cmwiOiJodHRwczovL3d3dy53aGl0ZWhvdXNlLmdvdi9icmllZmluZy1yb29tL3N0YXRlbWVudHMtcmVsZWFzZXMvMjAyMS8xMi8wMy9mYWN0LXNoZWV0LWFkdmFuY2luZy1kaXNhYmlsaXR5LWluY2x1c2l2ZS1kZW1vY3JhY3ktaW4tdGhlLXVuaXRlZC1zdGF0ZXMtYW5kLWdsb2JhbGx5LyJ9.2VEF-785lXPqu8etNFlxvaMQrcNaLvP16p6xZYqpens\/s\/1375542893\/br\/141575707888-l\" rel=\"noreferrer noopener\" target=\"_blank\">compromisos de la Cumbre<\/a>&nbsp;.&nbsp;<a href=\"https:\/\/lnks.gd\/l\/eyJhbGciOiJIUzI1NiJ9.eyJidWxsZXRpbl9saW5rX2lkIjoxMDEsInVyaSI6ImJwMjpjbGljayIsImJ1bGxldGluX2lkIjoiMjAyMjA3MjYuNjEyOTQxMjEiLCJ1cmwiOiJodHRwczovL3d3dy53aGl0ZWhvdXNlLmdvdi9icmllZmluZy1yb29tL3N0YXRlbWVudHMtcmVsZWFzZXMvMjAyMS8xMi8wMy9mYWN0LXNoZWV0LWFkdmFuY2luZy1kaXNhYmlsaXR5LWluY2x1c2l2ZS1kZW1vY3JhY3ktaW4tdGhlLXVuaXRlZC1zdGF0ZXMtYW5kLWdsb2JhbGx5LyJ9.2VEF-785lXPqu8etNFlxvaMQrcNaLvP16p6xZYqpens\/s\/1375542893\/br\/141575707888-l\" rel=\"noreferrer noopener\" target=\"_blank\">&nbsp;<\/a>hacia una democracia inclusiva para las personas con discapacidad.<\/p>\n\n\n\n<p>En el Departamento de Estado de EE. UU., nos esforzamos por ser un lugar de trabajo modelo de diversidad, equidad, inclusi\u00f3n y accesibilidad, donde todos los empleados sean tratados con respeto y tengan igualdad de oportunidades. Esta Administraci\u00f3n enfatiza este compromiso a trav\u00e9s de la Orden Ejecutiva 14035, en la que la \u201caccesibilidad\u201d est\u00e1 incorporada como un pilar central para reflejar, respetar y promover nuestra diversidad. Como subray\u00f3 la Embajadora Gina Abercrombie-Winstanley, Oficial Principal de Diversidad e Inclusi\u00f3n del Secretario, no limitamos nuestro compromiso con la inclusi\u00f3n de la discapacidad o el reconocimiento del orgullo por la discapacidad a un d\u00eda o un mes; debemos esforzarnos por reconocer estos importantes problemas todos los d\u00edas.<\/p>\n\n\n\n<p>En el aniversario de hoy, volvemos a comprometernos a dar forma a un futuro en el que las personas con discapacidad disfruten de todos sus derechos humanos y libertades fundamentales. Y destacamos con orgullo c\u00f3mo la discapacidad est\u00e1 en el tejido de nuestras comunidades, pa\u00edses y el mundo. Instamos a todos a unirse a nosotros para reafirmar la promesa de dignidad y equidad debidas a las personas con discapacidad y reconocer el trabajo que queda para cumplir plenamente esa promesa.<\/p>\n\n\n\n<p> <a rel=\"noreferrer noopener\" href=\"https:\/\/lnks.gd\/l\/eyJhbGciOiJIUzI1NiJ9.eyJidWxsZXRpbl9saW5rX2lkIjoxMDAsInVyaSI6ImJwMjpjbGljayIsImJ1bGxldGluX2lkIjoiMjAyMjA3MjYuNjEyOTQxMjEiLCJ1cmwiOiJodHRwczovL3d3dy5zdGF0ZS5nb3YvdGhlLWFubml2ZXJzYXJ5LW9mLXRoZS1hbWVyaWNhbnMtd2l0aC1kaXNhYmlsaXRpZXMtYWN0LyJ9.nQdHQqvxkVon7CSHFSdasSnKyGvpqYIz-hwAbuDVvyg\/s\/1375542893\/br\/141575707888-l\" target=\"_blank\">El aniversario de la Ley de Estadounidenses con Discapacidades<\/a><\/p>\n\n\n\n<p>26\/07\/2022 08:12 a. m. EDT <\/p>\n","protected":false},"excerpt":{"rendered":"<p>Ned Price, portavoz del departamento Hoy celebramos el 32&nbsp;\u00b0&nbsp;aniversario de la Ley de Estadounidenses con Discapacidades (ADA), la primera ley integral de derechos civiles del mundo para personas con discapacidades. La ADA inspira al mundo a ver la discapacidad a trav\u00e9s de la lente de la equidad y ampl\u00eda las oportunidades para que las personas [&hellip;]<\/p>\n","protected":false},"author":28,"featured_media":371570,"comment_status":"closed","ping_status":"","sticky":true,"template":"","format":"standard","meta":{"footnotes":""},"categories":[36,23,27],"tags":[],"class_list":["post-371569","post","type-post","status-publish","format-standard","has-post-thumbnail","hentry","category-hombresmujeresycosas","category-internacional","category-portada"],"_links":{"self":[{"href":"https:\/\/diariodominicano.com\/index.php?rest_route=\/wp\/v2\/posts\/371569","targetHints":{"allow":["GET"]}}],"collection":[{"href":"https:\/\/diariodominicano.com\/index.php?rest_route=\/wp\/v2\/posts"}],"about":[{"href":"https:\/\/diariodominicano.com\/index.php?rest_route=\/wp\/v2\/types\/post"}],"author":[{"embeddable":true,"href":"https:\/\/diariodominicano.com\/index.php?rest_route=\/wp\/v2\/users\/28"}],"replies":[{"embeddable":true,"href":"https:\/\/diariodominicano.com\/index.php?rest_route=%2Fwp%2Fv2%2Fcomments&post=371569"}],"version-history":[{"count":1,"href":"https:\/\/diariodominicano.com\/index.php?rest_route=\/wp\/v2\/posts\/371569\/revisions"}],"predecessor-version":[{"id":371571,"href":"https:\/\/diariodominicano.com\/index.php?rest_route=\/wp\/v2\/posts\/371569\/revisions\/371571"}],"wp:featuredmedia":[{"embeddable":true,"href":"https:\/\/diariodominicano.com\/index.php?rest_route=\/wp\/v2\/media\/371570"}],"wp:attachment":[{"href":"https:\/\/diariodominicano.com\/index.php?rest_route=%2Fwp%2Fv2%2Fmedia&parent=371569"}],"wp:term":[{"taxonomy":"category","embeddable":true,"href":"https:\/\/diariodominicano.com\/index.php?rest_route=%2Fwp%2Fv2%2Fcategories&post=371569"},{"taxonomy":"post_tag","embeddable":true,"href":"https:\/\/diariodominicano.com\/index.php?rest_route=%2Fwp%2Fv2%2Ftags&post=371569"}],"curies":[{"name":"wp","href":"https:\/\/api.w.org\/{rel}","templated":true}]}}