{"id":371540,"date":"2022-07-26T09:10:20","date_gmt":"2022-07-26T13:10:20","guid":{"rendered":"http:\/\/diariodominicano.com\/?p=371540"},"modified":"2022-07-26T09:15:42","modified_gmt":"2022-07-26T13:15:42","slug":"honran-en-la-uasd-la-memoria-del-catedratico-roberto-duverge-mejia","status":"publish","type":"post","link":"https:\/\/diariodominicano.com\/?p=371540","title":{"rendered":"Honran en la UASD la memoria del catedr\u00e1tico Roberto Duverg\u00e9 Mej\u00eda"},"content":{"rendered":"\n<p> <strong>Ni\u00f1as y ni\u00f1os de la Iniciativa Popular Juvenil del Barrio Gualey colocan flores en el busto del extinto acad\u00e9mico y revolucionario Roberto Duverg\u00e9 Mej\u00eda, en la explanada del edificio de la Facultad de Humanidades de la UASD. <\/strong><\/p>\n\n\n\n<figure class=\"wp-block-image size-large\"><img loading=\"lazy\" decoding=\"async\" width=\"1024\" height=\"683\" src=\"https:\/\/diariodominicano.com\/wp-content\/uploads\/2022\/07\/TON_1306-1-1024x683.jpg\" alt=\"\" class=\"wp-image-371546\" srcset=\"https:\/\/diariodominicano.com\/wp-content\/uploads\/2022\/07\/TON_1306-1-1024x683.jpg 1024w, https:\/\/diariodominicano.com\/wp-content\/uploads\/2022\/07\/TON_1306-1-300x200.jpg 300w, https:\/\/diariodominicano.com\/wp-content\/uploads\/2022\/07\/TON_1306-1-768x512.jpg 768w, https:\/\/diariodominicano.com\/wp-content\/uploads\/2022\/07\/TON_1306-1-1536x1025.jpg 1536w, https:\/\/diariodominicano.com\/wp-content\/uploads\/2022\/07\/TON_1306-1-2048x1367.jpg 2048w, https:\/\/diariodominicano.com\/wp-content\/uploads\/2022\/07\/TON_1306-1-816x544.jpg 816w\" sizes=\"auto, (max-width: 1024px) 100vw, 1024px\" \/><\/figure>\n\n\n\n<p> <strong>El vicerrector de Extensi\u00f3n de la UASD, maestro Antonio Medina encabeza la ofrenda floral en el busto del maestro Roberto Duverg\u00e9 Mej\u00eda al cumplirse\u00a0 32 a\u00f1os de su fallecimiento. <\/strong><\/p>\n\n\n\n<p>La Universidad Aut\u00f3noma de Santo Domingo (UASD) rindi\u00f3 homenaje  a Roberto Duverg\u00e9 Mej\u00eda, en ocasi\u00f3n del 32 aniversario del fallecimiento del catedr\u00e1tico y dirigente revolucionario, luchador incansable por el logro de cambios profundos a favor de Rep\u00fablica Dominicana.<\/p>\n\n\n\n<figure class=\"wp-block-image size-large\"><img loading=\"lazy\" decoding=\"async\" width=\"1024\" height=\"683\" src=\"https:\/\/diariodominicano.com\/wp-content\/uploads\/2022\/07\/TON_1241-1024x683.jpg\" alt=\"\" class=\"wp-image-371547\" srcset=\"https:\/\/diariodominicano.com\/wp-content\/uploads\/2022\/07\/TON_1241-1024x683.jpg 1024w, https:\/\/diariodominicano.com\/wp-content\/uploads\/2022\/07\/TON_1241-300x200.jpg 300w, https:\/\/diariodominicano.com\/wp-content\/uploads\/2022\/07\/TON_1241-768x512.jpg 768w, https:\/\/diariodominicano.com\/wp-content\/uploads\/2022\/07\/TON_1241-1536x1025.jpg 1536w, https:\/\/diariodominicano.com\/wp-content\/uploads\/2022\/07\/TON_1241-2048x1367.jpg 2048w, https:\/\/diariodominicano.com\/wp-content\/uploads\/2022\/07\/TON_1241-816x544.jpg 816w\" sizes=\"auto, (max-width: 1024px) 100vw, 1024px\" \/><\/figure>\n\n\n\n<p>Los actos conmemorativos fueron encabezados por el vicerrector de Extensi\u00f3n, maestro Antonio Medina, en representaci\u00f3n de la rectora,&nbsp; doctora Emma Polanco Melo, junto al decano de la Facultad de Humanidades, maestro Augusto Bravo, as\u00ed como las profesoras Olga Mar\u00eda Duverg\u00e9 y Carolina Duverg\u00e9, en representaci\u00f3n de la familia del extinto maestro universitario.<\/p>\n\n\n\n<p>\u00abEn Roberto Duverg\u00e9 tenemos el mejor ejemplo de entrega, de amor por la patria, de un formador de generaciones y orientador de estudiantes. Este homenaje, m\u00e1s que merecido est\u00e1 en la l\u00ednea de nuestra universidad de mantener viva la memoria hist\u00f3rica de este luchador invencible para que las presentes y futuras generaciones <\/p>\n\n\n\n<p>lleven consigo sus ideales\u00bb, proclam\u00f3 Medina.<\/p>\n\n\n\n<p>De su lado, Olga Mar\u00eda Duverg\u00e9, agradeci\u00f3 a las autoridades universitarias por estar siempre dispuestas a rendir tributo a ese profesor uasdiano y l\u00edder revolucionario que nunca tuvo miedo al enfrentar la tiran\u00eda que encarn\u00f3 en su momento Rafael Le\u00f3nidas Trujillo Molina.<\/p>\n\n\n\n<p>La hija de Roberto Duverg\u00e9 concluy\u00f3 sus palabras de agradecimiento con una frase pronunciada en vida por su padre: \u00abSoy un pol\u00edtico revolucionario y por eso soy feliz en las clases de la UASD, porque me est\u00e1n pagando por hacer lo que me gusta y que yo lo har\u00eda como tarea revolucionaria y no como empleo\u00bb.<\/p>\n\n\n\n<p>En el acto participaron adem\u00e1s el diputado Fidelio Despradel, el combatiente constitucionalista Iv\u00e1n Rodr\u00edguez, el presidente de la Federaci\u00f3n de Asociaci\u00f3n de Profesores de la UASD (Faprouasd), maestro Pastor de la Rosa, ni\u00f1os de la Iniciativa Popular Juvenil del Barrio Gualey, entre otras autoridades.<\/p>\n\n\n\n<p>Las honras a la memoria de Duverg\u00e9 incluyeron el dep\u00f3sito de una ofrenda floral frente al busto del fallecido acad\u00e9mico y una visita a su tumba en el cementerio Cristo Redentor.<\/p>\n\n\n\n<p><strong><u>SOBRE ROBERTO DUVERGE&nbsp; MEJIA<\/u><\/strong><\/p>\n\n\n\n<p>Duverg\u00e9 Mej\u00eda fue un dirigente comunista, responsable en 1965 del Movimiento Revolucionario 14 de Junio (1J4) y quien comand\u00f3 las tropas constitucionalistas en la combativa zona Norte de Santo Domingo.<\/p>\n\n\n\n<p>Adem\u00e1s fue Profesor Merit\u00edsimo de la UASD, imparti\u00f3 docencia en la Escuela de Peritos Contadores y en la de Artes y Oficio,&nbsp; as\u00ed como en su ciudad natal, El Seibo. En la etapa final del r\u00e9gimen dictatorial de Rafael Le\u00f3nidas Trujillo Molina se integr\u00f3 al movimiento de resistencia clandestina en los planes conspirativos que se desarrollaron durante los a\u00f1os 1959 y 1960.<\/p>\n\n\n\n<p>El maestro Duverg\u00e9 Mej\u00eda, falleci\u00f3 el 22 de julio de 1989, no sin antes inculcar entre quienes lo conocieron el amor por la patria y por los valores \u00e9ticos y\u00a0 morales que debe llevar consigo todo ciudadano ejemplar.<\/p>\n\n\n\n<p>Relaciones P\u00fablicas<a target=\"_blank\" href=\"mailto:relacionespublicas@uasd.edu.do\" rel=\"noreferrer noopener\">relacionespublicas@uasd.edu.d<\/a><\/p>\n","protected":false},"excerpt":{"rendered":"<p>Ni\u00f1as y ni\u00f1os de la Iniciativa Popular Juvenil del Barrio Gualey colocan flores en el busto del extinto acad\u00e9mico y revolucionario Roberto Duverg\u00e9 Mej\u00eda, en la explanada del edificio de la Facultad de Humanidades de la UASD. El vicerrector de Extensi\u00f3n de la UASD, maestro Antonio Medina encabeza la ofrenda floral en el busto del [&hellip;]<\/p>\n","protected":false},"author":28,"featured_media":371542,"comment_status":"closed","ping_status":"","sticky":true,"template":"","format":"standard","meta":{"footnotes":""},"categories":[26,27],"tags":[],"class_list":["post-371540","post","type-post","status-publish","format-standard","has-post-thumbnail","hentry","category-efemerides","category-portada"],"_links":{"self":[{"href":"https:\/\/diariodominicano.com\/index.php?rest_route=\/wp\/v2\/posts\/371540","targetHints":{"allow":["GET"]}}],"collection":[{"href":"https:\/\/diariodominicano.com\/index.php?rest_route=\/wp\/v2\/posts"}],"about":[{"href":"https:\/\/diariodominicano.com\/index.php?rest_route=\/wp\/v2\/types\/post"}],"author":[{"embeddable":true,"href":"https:\/\/diariodominicano.com\/index.php?rest_route=\/wp\/v2\/users\/28"}],"replies":[{"embeddable":true,"href":"https:\/\/diariodominicano.com\/index.php?rest_route=%2Fwp%2Fv2%2Fcomments&post=371540"}],"version-history":[{"count":5,"href":"https:\/\/diariodominicano.com\/index.php?rest_route=\/wp\/v2\/posts\/371540\/revisions"}],"predecessor-version":[{"id":371549,"href":"https:\/\/diariodominicano.com\/index.php?rest_route=\/wp\/v2\/posts\/371540\/revisions\/371549"}],"wp:featuredmedia":[{"embeddable":true,"href":"https:\/\/diariodominicano.com\/index.php?rest_route=\/wp\/v2\/media\/371542"}],"wp:attachment":[{"href":"https:\/\/diariodominicano.com\/index.php?rest_route=%2Fwp%2Fv2%2Fmedia&parent=371540"}],"wp:term":[{"taxonomy":"category","embeddable":true,"href":"https:\/\/diariodominicano.com\/index.php?rest_route=%2Fwp%2Fv2%2Fcategories&post=371540"},{"taxonomy":"post_tag","embeddable":true,"href":"https:\/\/diariodominicano.com\/index.php?rest_route=%2Fwp%2Fv2%2Ftags&post=371540"}],"curies":[{"name":"wp","href":"https:\/\/api.w.org\/{rel}","templated":true}]}}