{"id":371272,"date":"2022-07-24T22:55:10","date_gmt":"2022-07-25T02:55:10","guid":{"rendered":"http:\/\/diariodominicano.com\/?p=371272"},"modified":"2022-07-24T23:13:52","modified_gmt":"2022-07-25T03:13:52","slug":"el-presidente-santana-rechaza-peticion-de-francia-para-que-republica-dominicana-ayude-a-pagar-la-deuda-externa-de-haiti","status":"publish","type":"post","link":"https:\/\/diariodominicano.com\/?p=371272","title":{"rendered":"El Presidente Santana rechaza petici\u00f3n de Francia para que Rep\u00fablica Dominicana ayude a pagar la deuda externa de Hait\u00ed"},"content":{"rendered":"\n<p>SANTO DOMINGO, el 25 de julio de 1845, el Presidente dominicano Pedro Santana comunic\u00f3 de manera formal al c\u00f3nsul franc\u00e9s Saint-Denis, el rechazo del Gobierno dominicano a una petici\u00f3n de Francia para que Rep\u00fablica Dominicana ayudara a pagar la deuda externa contra\u00edda por Hait\u00ed.<\/p>\n\n\n\n<p>&nbsp;&nbsp; El Gobierno de Francia, a trav\u00e9s de su c\u00f3nsul en Santo Domingo, hab\u00eda sugerido al Gobierno dominicano que ayudara a pagar la deuda externa que hab\u00eda contra\u00eddo Hait\u00ed con Francia.<\/p>\n\n\n\n<p>&nbsp;&nbsp;&nbsp; En el momento que se hizo la petici\u00f3n,&nbsp; Hait\u00ed continuaba sus agresiones contra la Rep\u00fablica Dominicana, que hab\u00eda sido&nbsp; proclamada el 27 de febrero de 1844, con lo que termin\u00f3 el dominio haitiano en&nbsp; la parte oriental de la Isla de Santo Domingo.<\/p>\n\n\n\n<p>&nbsp;&nbsp;&nbsp; El 24 de julio de 1845, tropas haitianas tomaron el Fuerte de Cachim\u00e1n, y Las Matas de Farf\u00e1n.<\/p>\n\n\n\n<p>&nbsp;Como consecuencia de ese hecho, el general Antonio Duverg\u00e9 Duval, estableci\u00f3 su cuartel en San Juan de la Maguana.<\/p>\n","protected":false},"excerpt":{"rendered":"<p>SANTO DOMINGO, el 25 de julio de 1845, el Presidente dominicano Pedro Santana comunic\u00f3 de manera formal al c\u00f3nsul franc\u00e9s Saint-Denis, el rechazo del Gobierno dominicano a una petici\u00f3n de Francia para que Rep\u00fablica Dominicana ayudara a pagar la deuda externa contra\u00edda por Hait\u00ed. &nbsp;&nbsp; El Gobierno de Francia, a trav\u00e9s de su c\u00f3nsul en [&hellip;]<\/p>\n","protected":false},"author":28,"featured_media":274138,"comment_status":"closed","ping_status":"","sticky":true,"template":"","format":"standard","meta":{"footnotes":""},"categories":[26,27],"tags":[],"class_list":["post-371272","post","type-post","status-publish","format-standard","has-post-thumbnail","hentry","category-efemerides","category-portada"],"_links":{"self":[{"href":"https:\/\/diariodominicano.com\/index.php?rest_route=\/wp\/v2\/posts\/371272","targetHints":{"allow":["GET"]}}],"collection":[{"href":"https:\/\/diariodominicano.com\/index.php?rest_route=\/wp\/v2\/posts"}],"about":[{"href":"https:\/\/diariodominicano.com\/index.php?rest_route=\/wp\/v2\/types\/post"}],"author":[{"embeddable":true,"href":"https:\/\/diariodominicano.com\/index.php?rest_route=\/wp\/v2\/users\/28"}],"replies":[{"embeddable":true,"href":"https:\/\/diariodominicano.com\/index.php?rest_route=%2Fwp%2Fv2%2Fcomments&post=371272"}],"version-history":[{"count":1,"href":"https:\/\/diariodominicano.com\/index.php?rest_route=\/wp\/v2\/posts\/371272\/revisions"}],"predecessor-version":[{"id":371273,"href":"https:\/\/diariodominicano.com\/index.php?rest_route=\/wp\/v2\/posts\/371272\/revisions\/371273"}],"wp:featuredmedia":[{"embeddable":true,"href":"https:\/\/diariodominicano.com\/index.php?rest_route=\/wp\/v2\/media\/274138"}],"wp:attachment":[{"href":"https:\/\/diariodominicano.com\/index.php?rest_route=%2Fwp%2Fv2%2Fmedia&parent=371272"}],"wp:term":[{"taxonomy":"category","embeddable":true,"href":"https:\/\/diariodominicano.com\/index.php?rest_route=%2Fwp%2Fv2%2Fcategories&post=371272"},{"taxonomy":"post_tag","embeddable":true,"href":"https:\/\/diariodominicano.com\/index.php?rest_route=%2Fwp%2Fv2%2Ftags&post=371272"}],"curies":[{"name":"wp","href":"https:\/\/api.w.org\/{rel}","templated":true}]}}