{"id":371266,"date":"2022-07-24T22:49:38","date_gmt":"2022-07-25T02:49:38","guid":{"rendered":"http:\/\/diariodominicano.com\/?p=371266"},"modified":"2022-07-24T23:14:35","modified_gmt":"2022-07-25T03:14:35","slug":"colon-funda-la-ciudad-santiago-de-los-caballeros","status":"publish","type":"post","link":"https:\/\/diariodominicano.com\/?p=371266","title":{"rendered":"Col\u00f3n funda la ciudad Santiago de los Caballeros"},"content":{"rendered":"\n<p>El monumento a Santiago Ap\u00f3stol en Ciudad Santiago de los Caballeros.<\/p>\n\n\n\n<figure class=\"wp-block-image size-full\"><img loading=\"lazy\" decoding=\"async\" width=\"259\" height=\"194\" src=\"https:\/\/diariodominicano.com\/wp-content\/uploads\/2022\/07\/monumento00.jpg.jpg\" alt=\"\" class=\"wp-image-371270\"\/><\/figure>\n\n\n\n<p>El monumento a los h\u00e9roes de la Restauraci\u00f3n.<\/p>\n\n\n\n<p><strong>Por H\u00e9ctor Tineo Nolasco<\/strong><\/p>\n\n\n\n<p><strong>Diariodominicano.com<\/strong><\/p>\n\n\n\n<p>&nbsp;&nbsp;&nbsp;&nbsp; SANTIAGO DE LOS CABALLEROS, el&nbsp; 25 de julio de 1495, Crist\u00f3bal Col\u00f3n fund\u00f3 la ciudad de Santiago de los Caballeros. El historiador&nbsp; Julio Genaro Campillo P\u00e9rez,&nbsp; comparte la versi\u00f3n de&nbsp; que el primer fuerte de Santiago, fue construido por Crist\u00f3bal Col\u00f3n a orillas del r\u00edo Yaque del Norte.<\/p>\n\n\n\n<p>&nbsp;&nbsp;&nbsp;&nbsp; Otra versi\u00f3n hist\u00f3rica da cuenta de que el primer asentamiento de la ciudad fue hecho por los colonizadores espa\u00f1oles en la comunidad de Jacagua, que fue destruida por un terremoto el 2 de diciembre de 1562, hundi\u00e9ndose porciones de terreno y levant\u00e1ndose otros, lo que infundi\u00f3 gran confusi\u00f3n y terror entre los moradores.<\/p>\n\n\n\n<p>&nbsp;&nbsp; El historiador santiaguense Jos\u00e9 Ulises Franco, en el primer tomo de su obra \u201cPerfiles y Cosas Dominicanas\u201d, publicado en 1974, cita la leyenda que da cuenta de que el terremoto fue pronosticado por un sacerdote que advirti\u00f3 que sobrevendr\u00eda un gran castigo si continuaban los abusos que comet\u00edan los colonizadores espa\u00f1oles contra los abor\u00edgenes.&nbsp; Refiere que en el momento los primeros 30 colonizadores espa\u00f1oles reaccionaron sorprendidos, porque&nbsp; el religioso visitaba por primera vez el lugar.<\/p>\n\n\n\n<p>&nbsp;&nbsp;&nbsp; En el a\u00f1o 1650 otro terremoto afect\u00f3 a la ciudad Santiago en Jacagua, lo que oblig\u00f3 a sus 200 moradores a trasladarse a orillas del r\u00edo Yaque del Norte.&nbsp; En el a\u00f1o 1842, durante la ocupaci\u00f3n haitiana, la ciudad de Santiago fue afectada por otro terremoto.<\/p>\n\n\n\n<p>&nbsp;&nbsp;&nbsp; Jos\u00e9 Ulises Franco apunta: \u201cPara esa \u00e9poca, ya Santiago contaba con una casa Parroquial construida de piedra; un cura y un sacrist\u00e1n; el Convento Nuestra Se\u00f1ora de Las Mercedes, denominado Redenci\u00f3n de los Cautivos, ubicado en el antiguo Callej\u00f3n del Exconvento, hoy calle General Jos\u00e9 Cabrera, las iglesias de Santa Ana y San Antonio, y un hospital dedicado a San Sebasti\u00e1n, por estar en la calle del mismo nombre, actualmente calle 30 de marzo\u201d.<\/p>\n\n\n\n<p>&nbsp;&nbsp;&nbsp; Santiago de los Caballeros es una de las ciudades dominicanas que se distingue por la laboriosidad y esp\u00edritu creativo de sus hombres y mujeres.<\/p>\n\n\n\n<p>&nbsp;&nbsp;&nbsp; Cuando de defender la soberan\u00eda nacional se ha requerido, los santiagueros han estado en primera fila.&nbsp; El 30 de Marzo de 1844,&nbsp; derrotaron a los haitianos en la Batalla de Santiago, lo que fue determinante para consolidar la creaci\u00f3n del Estado dominicano.<\/p>\n\n\n\n<p>&nbsp;&nbsp;&nbsp; Durante la Guerra de la&nbsp; Restauraci\u00f3n&nbsp; (1863-1865) los hombres de Santiago no vacilaron&nbsp; en unirse a la lucha que hizo posible la Restauraci\u00f3n de la Rep\u00fablica.&nbsp;<\/p>\n\n\n\n<p>&nbsp;&nbsp; El 7 de julio de 1857, en Santiago naci\u00f3 el movimiento que culmin\u00f3 con la Revoluci\u00f3n Liberal, que estableci\u00f3 el Gobierno Provisional del general Desiderio Valverde, que le dio al pa\u00eds la Constituci\u00f3n Liberal de Moca, que garantizaba el estado de derecho.<\/p>\n\n\n\n<p>&nbsp;&nbsp;&nbsp; Durante la ocupaci\u00f3n militar de Estados Unidos (1916-1924)&nbsp; los santiaguenses&nbsp; lucharon por la restauraci\u00f3n&nbsp; de la soberan\u00eda nacional.<\/p>\n\n\n\n<p>&nbsp;&nbsp; &nbsp;&nbsp;Santiago de los Caballeros es la segunda Capital de la Rep\u00fablica Dominicana.<\/p>\n","protected":false},"excerpt":{"rendered":"<p>El monumento a Santiago Ap\u00f3stol en Ciudad Santiago de los Caballeros. El monumento a los h\u00e9roes de la Restauraci\u00f3n. Por H\u00e9ctor Tineo Nolasco Diariodominicano.com &nbsp;&nbsp;&nbsp;&nbsp; SANTIAGO DE LOS CABALLEROS, el&nbsp; 25 de julio de 1495, Crist\u00f3bal Col\u00f3n fund\u00f3 la ciudad de Santiago de los Caballeros. El historiador&nbsp; Julio Genaro Campillo P\u00e9rez,&nbsp; comparte la versi\u00f3n de&nbsp; [&hellip;]<\/p>\n","protected":false},"author":28,"featured_media":371267,"comment_status":"closed","ping_status":"","sticky":true,"template":"","format":"standard","meta":{"footnotes":""},"categories":[26,27],"tags":[],"class_list":["post-371266","post","type-post","status-publish","format-standard","has-post-thumbnail","hentry","category-efemerides","category-portada"],"_links":{"self":[{"href":"https:\/\/diariodominicano.com\/index.php?rest_route=\/wp\/v2\/posts\/371266","targetHints":{"allow":["GET"]}}],"collection":[{"href":"https:\/\/diariodominicano.com\/index.php?rest_route=\/wp\/v2\/posts"}],"about":[{"href":"https:\/\/diariodominicano.com\/index.php?rest_route=\/wp\/v2\/types\/post"}],"author":[{"embeddable":true,"href":"https:\/\/diariodominicano.com\/index.php?rest_route=\/wp\/v2\/users\/28"}],"replies":[{"embeddable":true,"href":"https:\/\/diariodominicano.com\/index.php?rest_route=%2Fwp%2Fv2%2Fcomments&post=371266"}],"version-history":[{"count":2,"href":"https:\/\/diariodominicano.com\/index.php?rest_route=\/wp\/v2\/posts\/371266\/revisions"}],"predecessor-version":[{"id":371271,"href":"https:\/\/diariodominicano.com\/index.php?rest_route=\/wp\/v2\/posts\/371266\/revisions\/371271"}],"wp:featuredmedia":[{"embeddable":true,"href":"https:\/\/diariodominicano.com\/index.php?rest_route=\/wp\/v2\/media\/371267"}],"wp:attachment":[{"href":"https:\/\/diariodominicano.com\/index.php?rest_route=%2Fwp%2Fv2%2Fmedia&parent=371266"}],"wp:term":[{"taxonomy":"category","embeddable":true,"href":"https:\/\/diariodominicano.com\/index.php?rest_route=%2Fwp%2Fv2%2Fcategories&post=371266"},{"taxonomy":"post_tag","embeddable":true,"href":"https:\/\/diariodominicano.com\/index.php?rest_route=%2Fwp%2Fv2%2Ftags&post=371266"}],"curies":[{"name":"wp","href":"https:\/\/api.w.org\/{rel}","templated":true}]}}