{"id":371169,"date":"2022-07-24T20:46:20","date_gmt":"2022-07-25T00:46:20","guid":{"rendered":"http:\/\/diariodominicano.com\/?p=371169"},"modified":"2022-07-24T20:46:20","modified_gmt":"2022-07-25T00:46:20","slug":"este-lunes-25-de-julio-es-dia-festivo-y-no-laborable-en-el-municipio-san-cristobal-por-celebracion-del-patron-san-cristobal","status":"publish","type":"post","link":"https:\/\/diariodominicano.com\/?p=371169","title":{"rendered":"Este lunes 25 de julio es d\u00eda festivo y no laborable en el municipio San Crist\u00f3bal por celebraci\u00f3n del patr\u00f3n San Crist\u00f3bal"},"content":{"rendered":"\n<p><strong>Vista a\u00e9rea de Ciudad San Crist\u00f3bal.<\/strong><\/p>\n\n\n\n<p>SAN CRIST\u00d3BA, RD.- Por la conmemoraci\u00f3n del d\u00eda del  patr\u00f3n San Crist\u00f3bal, este lunes 25 de julio es d\u00eda feriado y no laborable en este municipio.<\/p>\n\n\n\n<figure class=\"wp-block-image size-large\"><img loading=\"lazy\" decoding=\"async\" width=\"1024\" height=\"731\" src=\"https:\/\/diariodominicano.com\/wp-content\/uploads\/2022\/07\/PlanEstrategico_1-8427-final-3-1024x731.jpg\" alt=\"\" class=\"wp-image-371191\" srcset=\"https:\/\/diariodominicano.com\/wp-content\/uploads\/2022\/07\/PlanEstrategico_1-8427-final-3-1024x731.jpg 1024w, https:\/\/diariodominicano.com\/wp-content\/uploads\/2022\/07\/PlanEstrategico_1-8427-final-3-300x214.jpg 300w, https:\/\/diariodominicano.com\/wp-content\/uploads\/2022\/07\/PlanEstrategico_1-8427-final-3-768x548.jpg 768w, https:\/\/diariodominicano.com\/wp-content\/uploads\/2022\/07\/PlanEstrategico_1-8427-final-3-1536x1097.jpg 1536w, https:\/\/diariodominicano.com\/wp-content\/uploads\/2022\/07\/PlanEstrategico_1-8427-final-3-2048x1463.jpg 2048w, https:\/\/diariodominicano.com\/wp-content\/uploads\/2022\/07\/PlanEstrategico_1-8427-final-3-816x583.jpg 816w\" sizes=\"auto, (max-width: 1024px) 100vw, 1024px\" \/><figcaption>Palacio municipal <\/figcaption><\/figure>\n\n\n\n<p>El Ayuntamiento Municipal de San Crist\u00f3bal (AMSC) tiene programadas varias actividades que inician a las seis de la ma\u00f1ana con una alborada musical que recorrer\u00e1 varios sectores.<\/p>\n\n\n\n<p>A las ocho de la ma\u00f1ana ser\u00e1n izadas simult\u00e1neamente las banderas nacional dominicana y la del Ayuntamiento en la explanada de la sede del Gobierno municipal.<\/p>\n\n\n\n<p>Una hora m\u00e1s tarde ser\u00e1 el Tedeum solemne en la Iglesia Nuestra Se\u00f1ora de la Consolaci\u00f3n.<\/p>\n\n\n\n<p>Este lunes finalizan las Fiestas Patronales San Crist\u00f3bal 2022 que exitosamente se han desarrollado.<\/p>\n\n\n\n<p>A las ocho de la noche es la presentaci\u00f3n de cierre con orquestas y fuegos artificiales en la avenida Constituci\u00f3n.-<\/p>\n\n\n\n<p>Alcald\u00eda San Crist\u00f3bal RD<br>alcaldiascrd@gmail.com<\/p>\n\n\n\n<p><br>\u00a0DIRECCI\u00d3N DE COMUNICACIONES<br>Ayuntamiento de San Crist\u00f3bal<\/p>\n","protected":false},"excerpt":{"rendered":"<p>Vista a\u00e9rea de Ciudad San Crist\u00f3bal. SAN CRIST\u00d3BA, RD.- Por la conmemoraci\u00f3n del d\u00eda del patr\u00f3n San Crist\u00f3bal, este lunes 25 de julio es d\u00eda feriado y no laborable en este municipio. El Ayuntamiento Municipal de San Crist\u00f3bal (AMSC) tiene programadas varias actividades que inician a las seis de la ma\u00f1ana con una alborada musical [&hellip;]<\/p>\n","protected":false},"author":28,"featured_media":371185,"comment_status":"closed","ping_status":"","sticky":true,"template":"","format":"standard","meta":{"footnotes":""},"categories":[20,26,27],"tags":[],"class_list":["post-371169","post","type-post","status-publish","format-standard","has-post-thumbnail","hentry","category-dominicana-hoy","category-efemerides","category-portada"],"_links":{"self":[{"href":"https:\/\/diariodominicano.com\/index.php?rest_route=\/wp\/v2\/posts\/371169","targetHints":{"allow":["GET"]}}],"collection":[{"href":"https:\/\/diariodominicano.com\/index.php?rest_route=\/wp\/v2\/posts"}],"about":[{"href":"https:\/\/diariodominicano.com\/index.php?rest_route=\/wp\/v2\/types\/post"}],"author":[{"embeddable":true,"href":"https:\/\/diariodominicano.com\/index.php?rest_route=\/wp\/v2\/users\/28"}],"replies":[{"embeddable":true,"href":"https:\/\/diariodominicano.com\/index.php?rest_route=%2Fwp%2Fv2%2Fcomments&post=371169"}],"version-history":[{"count":1,"href":"https:\/\/diariodominicano.com\/index.php?rest_route=\/wp\/v2\/posts\/371169\/revisions"}],"predecessor-version":[{"id":371192,"href":"https:\/\/diariodominicano.com\/index.php?rest_route=\/wp\/v2\/posts\/371169\/revisions\/371192"}],"wp:featuredmedia":[{"embeddable":true,"href":"https:\/\/diariodominicano.com\/index.php?rest_route=\/wp\/v2\/media\/371185"}],"wp:attachment":[{"href":"https:\/\/diariodominicano.com\/index.php?rest_route=%2Fwp%2Fv2%2Fmedia&parent=371169"}],"wp:term":[{"taxonomy":"category","embeddable":true,"href":"https:\/\/diariodominicano.com\/index.php?rest_route=%2Fwp%2Fv2%2Fcategories&post=371169"},{"taxonomy":"post_tag","embeddable":true,"href":"https:\/\/diariodominicano.com\/index.php?rest_route=%2Fwp%2Fv2%2Ftags&post=371169"}],"curies":[{"name":"wp","href":"https:\/\/api.w.org\/{rel}","templated":true}]}}