{"id":371116,"date":"2022-07-24T16:01:25","date_gmt":"2022-07-24T20:01:25","guid":{"rendered":"http:\/\/diariodominicano.com\/?p=371116"},"modified":"2022-07-24T16:01:25","modified_gmt":"2022-07-24T20:01:25","slug":"presidente-venezolano-afirma-que-el-pueblo-cumple-suenos-de-bolivar","status":"publish","type":"post","link":"https:\/\/diariodominicano.com\/?p=371116","title":{"rendered":"Presidente venezolano afirma que el pueblo cumple sue\u00f1os de Bol\u00edvar"},"content":{"rendered":"\n<p>Caracas, 24 jul (Prensa Latina) El presidente venezolano, Nicol\u00e1s Maduro, expres\u00f3 su profundo orgullo porque el pueblo cumple \u201clos sue\u00f1os libertarios y de uni\u00f3n\u201d del pr\u00f3cer latinoamericano Sim\u00f3n Bol\u00edvar, al conmemorarse hoy su 239 aniversario.&nbsp;&nbsp;&nbsp;&nbsp;<\/p>\n\n\n\n<ul class=\"wp-block-list\"><li>julio 24, 2022<\/li><li>CDT12:46 (GMT) -0400<\/li><\/ul>\n\n\n\n<p>\u201cSuenan los tambores, el arpa y el tricolor brillan en cada barrio y comunidad para celebrar el natalicio de nuestro Libertador. \u00a1No araste en el mar!\u201d, expres\u00f3 el efe de Estado en su cuenta en Twitter sobre el gestor de la independencia regional.<\/p>\n\n\n\n<p>El presidente acompa\u00f1\u00f3 el mensaje de un v\u00eddeo con la voz del l\u00edder hist\u00f3rico del actual proceso bolivariano Hugo Ch\u00e1vez, quien se\u00f1al\u00f3 a Bol\u00edvar como ejemplo de sacrificio, y elogi\u00f3 su camino de soledad \u201cpara ver a su Patria libre del imperio espa\u00f1ol\u201d.<\/p>\n\n\n\n<p>Maduro, por su parte, subray\u00f3 la visi\u00f3n geopol\u00edtica del genio militar en la creaci\u00f3n de la Gran Colombia, junto a su empe\u00f1o de dar libertad e independencia a la regi\u00f3n.<\/p>\n\n\n\n<p>Sim\u00f3n Bol\u00edvar Palacios (Caracas, 24 de julio de 1783) lider\u00f3 las campa\u00f1as que independizaron a Venezuela, Colombia, Ecuador, Panam\u00e1, Per\u00fa y Bolivia, fund\u00f3 la Gran Colombia y Bolivia e impuls\u00f3 la emancipaci\u00f3n hispanoamericana frente al imperio espa\u00f1ol.<\/p>\n\n\n\n<p>mgt\/apb<\/p>\n","protected":false},"excerpt":{"rendered":"<p>Caracas, 24 jul (Prensa Latina) El presidente venezolano, Nicol\u00e1s Maduro, expres\u00f3 su profundo orgullo porque el pueblo cumple \u201clos sue\u00f1os libertarios y de uni\u00f3n\u201d del pr\u00f3cer latinoamericano Sim\u00f3n Bol\u00edvar, al conmemorarse hoy su 239 aniversario.&nbsp;&nbsp;&nbsp;&nbsp; julio 24, 2022 CDT12:46 (GMT) -0400 \u201cSuenan los tambores, el arpa y el tricolor brillan en cada barrio y comunidad [&hellip;]<\/p>\n","protected":false},"author":28,"featured_media":371117,"comment_status":"closed","ping_status":"","sticky":false,"template":"","format":"standard","meta":{"footnotes":""},"categories":[26],"tags":[],"class_list":["post-371116","post","type-post","status-publish","format-standard","has-post-thumbnail","hentry","category-efemerides"],"_links":{"self":[{"href":"https:\/\/diariodominicano.com\/index.php?rest_route=\/wp\/v2\/posts\/371116","targetHints":{"allow":["GET"]}}],"collection":[{"href":"https:\/\/diariodominicano.com\/index.php?rest_route=\/wp\/v2\/posts"}],"about":[{"href":"https:\/\/diariodominicano.com\/index.php?rest_route=\/wp\/v2\/types\/post"}],"author":[{"embeddable":true,"href":"https:\/\/diariodominicano.com\/index.php?rest_route=\/wp\/v2\/users\/28"}],"replies":[{"embeddable":true,"href":"https:\/\/diariodominicano.com\/index.php?rest_route=%2Fwp%2Fv2%2Fcomments&post=371116"}],"version-history":[{"count":1,"href":"https:\/\/diariodominicano.com\/index.php?rest_route=\/wp\/v2\/posts\/371116\/revisions"}],"predecessor-version":[{"id":371118,"href":"https:\/\/diariodominicano.com\/index.php?rest_route=\/wp\/v2\/posts\/371116\/revisions\/371118"}],"wp:featuredmedia":[{"embeddable":true,"href":"https:\/\/diariodominicano.com\/index.php?rest_route=\/wp\/v2\/media\/371117"}],"wp:attachment":[{"href":"https:\/\/diariodominicano.com\/index.php?rest_route=%2Fwp%2Fv2%2Fmedia&parent=371116"}],"wp:term":[{"taxonomy":"category","embeddable":true,"href":"https:\/\/diariodominicano.com\/index.php?rest_route=%2Fwp%2Fv2%2Fcategories&post=371116"},{"taxonomy":"post_tag","embeddable":true,"href":"https:\/\/diariodominicano.com\/index.php?rest_route=%2Fwp%2Fv2%2Ftags&post=371116"}],"curies":[{"name":"wp","href":"https:\/\/api.w.org\/{rel}","templated":true}]}}