{"id":37102,"date":"2020-07-29T19:34:38","date_gmt":"2020-07-29T19:34:38","guid":{"rendered":"http:\/\/diariodominicano.ddns.net\/?p=37102"},"modified":"2020-07-29T19:34:38","modified_gmt":"2020-07-29T19:34:38","slug":"participar-el-buen-animo","status":"publish","type":"post","link":"https:\/\/diariodominicano.com\/?p=37102","title":{"rendered":"&#13;PARTICIPAR EL BUEN \u00c1NIMO"},"content":{"rendered":"<p><body><\/p>\n<p><strong>Diariodominicano.com<\/strong><\/p>\n<p><strong>ALGO M\u00c1S QUE PALABRAS<\/strong><\/p>\n<p><strong> <\/strong><\/p>\n<p><strong>PARTICIPAR EL BUEN \u00c1NIMO <\/strong><\/p>\n<p><strong> \u00abNunca es tarde para tejer una red de apoyos sociales\u00bb <\/strong><\/p>\n<p><strong> <\/strong><\/p>\n<p>=============================<\/p>\n<p>V\u00edctor CORCOBA HERRERO\/ Escritor<\/p>\n<p>corcoba@telefonica.net\t<\/p>\n<p>============================= <\/p>\n<\/p>\n<p>\tFrente a multitud de desconsuelos y fuerzas divisorias, nos queda participar el buen talante a trav\u00e9s de la amistad, cultivando lazos y fortaleciendo la confianza entre todos. Nunca es tarde para tejer una red de apoyos sociales que nos protejan y lograr, de este modo, un mundo m\u00e1s habitable; donde todos podamos dar lo mejor de nosotros mismos, para que fructifique el bien colectivo. Sin duda, uno de los mayores gozos pasa por saber en qui\u00e9n confiar, pues no hay sentimiento m\u00e1s noble y valioso en la vida, que contar con un hombro donde poder dividir angustias y con mil palmas para multiplicar alegr\u00edas; m\u00e1xime en una \u00e9poca en la que todos los pueblos de la tierra, con sus moradores al frente, han de responder a la pandemia atacando la desigualdad e impulsando el desarrollo. <\/p>\n<\/p>\n<p>Una vez m\u00e1s, para desgracia de toda la humanidad, hay hambruna en el horizonte, escalada de conflictos, devastaci\u00f3n econ\u00f3mica y falta de fondos para las agencias humanitarias.  Esto tiene que movilizarnos el alma, para que entremos en aut\u00e9ntico di\u00e1logo, pues si importante es la entrega de las culturas a las actividades comunitarias, m\u00e1s trascendente quiz\u00e1s sea el respeto y la reconciliaci\u00f3n con el an\u00e1logo. Sin duda, estamos llamados a entendernos. Por si solos nada somos. Necesitamos la comprensi\u00f3n mutua y la generosidad de todos. Cada cual debe compartir ese esp\u00edritu humano de buen hacer por los dem\u00e1s. Con esta pr\u00e1ctica no tendr\u00edamos necesidad de justicia. Por eso, hay que salvar como sea ese v\u00ednculo de afecto desinteresado, levantar fronteras y alzar visiones que nos ensanchen el coraz\u00f3n.<\/p>\n<\/p>\n<p>Sabemos que esto no es f\u00e1cil, cuando adem\u00e1s nos mueven tantos intereses mundanos de aguante; no en vano hace tiempo que nos hemos ya propuesto un conjunto de valores, actitudes y conductas que rechazan la violencia  y procuran prevenir los conflictos, pero nos falta abordar con coraje las causas profundas con el objetivo de resolverlos. Indudablemente, hemos de apostar por otro empuje m\u00e1s aut\u00e9ntico. M\u00e1s all\u00e1 de las meras palabras deben estar los hechos. La realidad es que ese mundo arm\u00f3nico no llega, por nuestra irresponsabilidad y esp\u00edritu corrupto. Algo tan real como la indiferencia con el pr\u00f3jimo nos distancia. As\u00ed, somos incapaces de ponernos en el lugar del otro, de comprenderlo y de salir de nuestra comodidad y aislamiento, de sentirnos familia; y, por ende, de concebirnos cercanos en los sue\u00f1os existenciales, que hemos de compartir, porque todos nos requerimos en presente y en presencia viva.  <\/p>\n<\/p>\n<p>Precisamente, la pandemia de COVID-19 nos ha demostrado la naturaleza interconectada de nuestro mundo y que nadie est\u00e1 a salvo si no lo estamos todos. \u00danicamente actuando con adhesi\u00f3n de coraz\u00f3n podr\u00e1n nuestras comunidades tener otro temple m\u00e1s esperanzador. De momento, nos hab\u00edamos propuesto promover una cultura de paz mediante la educaci\u00f3n, un desarrollo econ\u00f3mico y social sostenible, el acatamiento de todos los derechos humanos, la comprensi\u00f3n, la tolerancia y la solidaridad, sin ser capaces de persistir en el arranque de los mismos. Fallan los planes educativos en todo el astro. Tambi\u00e9n fracasan las recuperaciones econ\u00f3micas, que no suelen ser respetuosas con el medio ambiente ni tampoco inclusivas. Se frustran y se violan derechos humanos como si nada. Y, adem\u00e1s, solemos dejar en la estacada ese esp\u00edritu de lealtad, que no suele ser tal, sino m\u00e1s bien de escaparate.<\/p>\n<\/p>\n<p>Ojal\u00e1 aprendamos a estar siempre dispuestos a mejorar, a perdonar los peque\u00f1os defectos de nuestros semejantes, a vencer los embates de la vida en uni\u00f3n siempre, a convencernos de que la verdadera fuerza humana es un latido de muchos corazones que habitan en diversos cuerpos, todos necesarios e imprescindibles, con su propia identidad de sentimiento, pero en conjunci\u00f3n perennemente, que es lo que da valor a nuestra supervivencia como linaje. Por cierto, el inolvidable fil\u00f3sofo griego Plat\u00f3n (427 AC-347 AC), ya advert\u00eda en su tiempo tres facultades en el hombre: \u00abla raz\u00f3n que esclarece y domina; el coraje o \u00e1nimo que act\u00faa y los sentidos que obedecen\u00bb. Desde luego, si en verdad queremos resurgir a una vida nueva, lo primero es tenerlo claro, despu\u00e9s tener el entusiasmo de llevarlo a buen t\u00e9rmino, y observar el cumplimiento de lo trazado para no salirse del buen camino, que no ha de ser otro que el cultivado por un est\u00e9tico estado de moral, que es lo que nos realza por fuera y por dentro. <\/p>\n<\/p>\n<\/p>\n<p> V\u00edctor CORCOBA HERRERO \/ Escritor<\/p>\n<p>corcoba@telefonica.net<\/p>\n<p>29 de julio de 2020.-<\/p>\n<h6> 2020-07-29 19:34:38 <\/h6>\n<p><!--\n<link rel=\"stylesheet\" href=\"css\/bootstrap.min.css\">\n\n\n<ul class=\"pagination\">\n\t    \n\t\n\n<li >\n\t<a href='?page_no=128'>Previous<\/a>\n\t<\/li>\n\n\n       \n    \n\n<li><a href='?page_no=1'>1<\/a><\/li>\n\n\n\n<li><a href='?page_no=2'>2<\/a><\/li>\n\n\n\n<li><a>...<\/a><\/li>\n\n\n\n<li><a href='?page_no=127'>127<\/a><\/li>\n\n\n\n<li><a href='?page_no=128'>128<\/a><\/li>\n\n\n\n<li class='active'><a>129<\/a><\/li>\n\n\n\n<li><a href='?page_no=130'>130<\/a><\/li>\n\n\n\n<li><a href='?page_no=131'>131<\/a><\/li>\n\n\n\n<li><a>...<\/a><\/li>\n\n\n\n<li><a href='?page_no=13611'>13611<\/a><\/li>\n\n\n\n<li><a href='?page_no=13612'>13612<\/a><\/li>\n\n    \n\t\n\n<li >\n\t<a href='?page_no=130'>Next<\/a>\n\t<\/li>\n\n\n    \n\n<li><a href='?page_no=13612'>Last &rsaquo;&rsaquo;<\/a><\/li>\n\n<\/ul>\n\n\n--><br \/>\n<\/body><\/p>\n","protected":false},"excerpt":{"rendered":"<p>Diariodominicano.com ALGO M\u00c1S QUE PALABRAS PARTICIPAR EL BUEN \u00c1NIMO \u00abNunca es tarde para tejer una red de apoyos sociales\u00bb ============================= V\u00edctor CORCOBA HERRERO\/ Escritor corcoba@telefonica.net ============================= Frente a multitud de desconsuelos y fuerzas divisorias, nos queda participar el buen talante a trav\u00e9s de la amistad, cultivando lazos y fortaleciendo la confianza entre todos. Nunca es [&hellip;]<\/p>\n","protected":false},"author":3,"featured_media":0,"comment_status":"open","ping_status":"open","sticky":false,"template":"","format":"standard","meta":{"footnotes":""},"categories":[16],"tags":[],"class_list":["post-37102","post","type-post","status-publish","format-standard","hentry","category-opiniones"],"_links":{"self":[{"href":"https:\/\/diariodominicano.com\/index.php?rest_route=\/wp\/v2\/posts\/37102","targetHints":{"allow":["GET"]}}],"collection":[{"href":"https:\/\/diariodominicano.com\/index.php?rest_route=\/wp\/v2\/posts"}],"about":[{"href":"https:\/\/diariodominicano.com\/index.php?rest_route=\/wp\/v2\/types\/post"}],"author":[{"embeddable":true,"href":"https:\/\/diariodominicano.com\/index.php?rest_route=\/wp\/v2\/users\/3"}],"replies":[{"embeddable":true,"href":"https:\/\/diariodominicano.com\/index.php?rest_route=%2Fwp%2Fv2%2Fcomments&post=37102"}],"version-history":[{"count":0,"href":"https:\/\/diariodominicano.com\/index.php?rest_route=\/wp\/v2\/posts\/37102\/revisions"}],"wp:attachment":[{"href":"https:\/\/diariodominicano.com\/index.php?rest_route=%2Fwp%2Fv2%2Fmedia&parent=37102"}],"wp:term":[{"taxonomy":"category","embeddable":true,"href":"https:\/\/diariodominicano.com\/index.php?rest_route=%2Fwp%2Fv2%2Fcategories&post=37102"},{"taxonomy":"post_tag","embeddable":true,"href":"https:\/\/diariodominicano.com\/index.php?rest_route=%2Fwp%2Fv2%2Ftags&post=37102"}],"curies":[{"name":"wp","href":"https:\/\/api.w.org\/{rel}","templated":true}]}}