{"id":370976,"date":"2022-07-24T00:12:13","date_gmt":"2022-07-24T04:12:13","guid":{"rendered":"http:\/\/diariodominicano.com\/?p=370976"},"modified":"2022-07-24T00:12:13","modified_gmt":"2022-07-24T04:12:13","slug":"celebran-en-costa-rica-aniversario-69-de-gesta-del-moncada-en-cuba-fotos","status":"publish","type":"post","link":"https:\/\/diariodominicano.com\/?p=370976","title":{"rendered":"Celebran en Costa Rica aniversario 69 de gesta del Moncada en Cuba (+Fotos)"},"content":{"rendered":"\n<p>San Jos\u00e9, 23 jul (Prensa Latina) Integrantes de grupos de solidaridad con Cuba en Costa Rica celebraron hoy el aniversario 69 de los asaltos a los cuarteles Moncada y Carlos Manuel de C\u00e9spedes, que impulsaron el inicio de la Revoluci\u00f3n en la isla.&nbsp;&nbsp;&nbsp;&nbsp;<\/p>\n\n\n\n<ul class=\"wp-block-list\"><li>julio 23, 2022<\/li><li>CDT21:30 (GMT) -0400<\/li><\/ul>\n\n\n\n<ul class=\"wp-block-list\"><li><a href=\"https:\/\/www.prensa-latina.cu\/author\/ale\">Por:&nbsp;Alejandro G\u00f3mez<\/a><\/li><\/ul>\n\n\n\n<ul class=\"wp-block-list\"><li>Fotos: FotosPL: Alejandro G\u00f3mez<\/li><\/ul>\n\n\n\n<p>El 26 de julio de 1953 y dirigidos por el l\u00edder hist\u00f3rico de la Revoluci\u00f3n cubana, Fidel Castro, un grupo de j\u00f3venes asaltaron esos cuarteles y pese a que la acci\u00f3n constituy\u00f3 una derrota militar, signific\u00f3 el comienzo de la lucha armada contra la dictadura de Fulgencio Batista, culminada con el triunfo de la Revoluci\u00f3n el 1 de enero de 1959.<\/p>\n\n\n\n<figure class=\"wp-block-image\"><img decoding=\"async\" src=\"https:\/\/www.prensa-latina.cu\/wp-content\/uploads\/2022\/07\/Costa-Rica-Moncada2.jpg\" alt=\"\" class=\"wp-image-288855\"\/><\/figure>\n\n\n\n<p>En la emotiva y combativa actividad pol\u00edtico-cultural efectuada en la capitalina Casa Cultural Sim\u00f3n Bol\u00edvar, el secretario general del Frente Amplio, Luis Arce, afirm\u00f3 que la gesta heroica de hace 69 a\u00f1os marc\u00f3 un parteaguas en la regi\u00f3n y el mundo, al tiempo que reiter\u00f3 el respaldo de su partido a la Revoluci\u00f3n cubana y asegur\u00f3 que Cuba no est\u00e1 sola.<\/p>\n\n\n\n<p>Milagros Sol\u00eds, del C\u00edrculo Bolivariano Yamilet L\u00f3pez, se\u00f1al\u00f3 que en todas las ocasiones que celebran la gloria del Asalto a los Cuarteles Moncada y Carlos Manuel de C\u00e9spedes escalan al Olimpo donde ondean las banderas de la Generaci\u00f3n del Centenario, las luces de libertad, dignidad y un programa de transformaci\u00f3n social, en la sangre y el alma de un Movimiento liderado por Fidel Castro.<\/p>\n\n\n\n<p>Por el Comit\u00e9 Costarricense de Solidaridad con Cuba, Magda Sol\u00eds envi\u00f3 un mensaje fraternal al pueblo y gobierno cubanos, mientras Margarita Lor\u00eda, de la Organizaci\u00f3n Pol\u00edtica Carmen Lyra, el d\u00eda de hoy constituye un festejo para toda Latinoam\u00e9rica y el mundo, y destac\u00f3 el ejemplo internacionalista de Cuba.<\/p>\n\n\n\n<p>El presidente del Partido Vanguardia Popular (comunista), Trino Barrantes, resalt\u00f3 que rememorar al Movimiento 26 de Julio es estar frente a una de las grandes \u00e9picas del siglo XX, am\u00e9n de rendirle a nuestra hermana Rep\u00fablica de Cuba el calor solidario que merece.<\/p>\n\n\n\n<p>A nombre de la Juventud Vanguardista Costarricense (comunista), Roberto Zelaya sostuvo que su organizaci\u00f3n se nutre, entre otras cosas, de las experiencias de lucha de otros pueblos en diferentes momentos hist\u00f3ricos y el asalto a esos cuarteles cubanos es uno de esos ejemplos que les ense\u00f1an e inspiran.<\/p>\n\n\n\n<p>Mar\u00eda Jos\u00e9 Monterroso, de la Organizaci\u00f3n de Mujeres Luisa Gonz\u00e1lez, rindi\u00f3 un homenaje especial a todas las mujeres que dieron su apoyo a esta primera acci\u00f3n, semilla de lo que fue y sigue siendo el triunfo de la Revoluci\u00f3n cubana, y precis\u00f3 que \u00abno podemos jam\u00e1s olvidar a Melba Hern\u00e1ndez y Hayde\u00e9 Santamar\u00eda presentes en el asalto\u00bb.<\/p>\n\n\n\n<p>El secretario general de la Uni\u00f3n Nacional de Empleados de la Caja y la Seguridad Social, Luis Chavarr\u00eda ratific\u00f3 el apoyo a la Revoluci\u00f3n cubana de su sindicato y del Federaci\u00f3n Sindical Mundial que el tambi\u00e9n representa en Mesoam\u00e9rica.<\/p>\n\n\n\n<p>Juan Mesa, presidente de la Asociaci\u00f3n Cultural de Cubanos Residentes en Costa Rica Antonio Maceo, asever\u00f3 que el bloqueo econ\u00f3mico, comercial y financiero que desde hace m\u00e1s de seis d\u00e9cadas mantiene de manera unilateral Estados Unidos contra Cuba es el principal obst\u00e1culo para el desarrollo de su pa\u00eds.<\/p>\n\n\n\n<p>Pero, subray\u00f3, esa pol\u00edtica hostil, recrudecida a\u00fan m\u00e1s por las 243 medidas del expresidente estadounidense Donald Trump y mantenida por el actual mandatario Joe Biden, se estrella contra la f\u00e9rrea voluntad del pueblo cubano de defender su proceso revolucionario.<\/p>\n\n\n\n<p>Por su parte, el embajador de Cuba en Costa Rica, Jorge Rodr\u00edguez, agradeci\u00f3 la solidaridad de los amigos costarricenses.<\/p>\n\n\n\n<p>Destac\u00f3 que \u00abla Revoluci\u00f3n cubana ha resistido 63 a\u00f1os de criminal bloqueo, y que nuestro pueblo no se ha rendido, sino que contin\u00faa batallando por alcanzar un socialismo pr\u00f3spero y sostenible, una nueva sociedad m\u00e1s inclusiva, m\u00e1s democr\u00e1tica, m\u00e1s desarrollada\u00bb.<\/p>\n\n\n\n<p>De esa misma manera, puntualiz\u00f3, \u00abestamos seguros que los pueblos de Am\u00e9rica tambi\u00e9n resistir\u00e1n la ofensiva imperialista, que los pueblos de Am\u00e9rica se levantar\u00e1n como un pu\u00f1o para derrotar al imperialismo y alcanzar nuevas victorias\u00bb.<\/p>\n\n\n\n<figure class=\"wp-block-image\"><img decoding=\"async\" src=\"https:\/\/www.prensa-latina.cu\/wp-content\/uploads\/2022\/07\/Costa-Rica-Moncada1.jpg\" alt=\"\" class=\"wp-image-288854\"\/><\/figure>\n\n\n\n<p>La parte cultural estuvo a cargo de los cantautores ticos \u00d3scar Espinoza y Roberto Zelaya y la int\u00e9rprete salvadore\u00f1a Tatiana Flores, as\u00ed como por Magdalena Cano, quien declam\u00f3 el poema Ya estamos en combate, de Ra\u00fal G\u00f3mez Garc\u00eda, uno de los asaltantes al Cuartel Moncada, asesinado por esbirros de la dictadura batistiana.<\/p>\n\n\n\n<p>jha\/ale<\/p>\n","protected":false},"excerpt":{"rendered":"<p>San Jos\u00e9, 23 jul (Prensa Latina) Integrantes de grupos de solidaridad con Cuba en Costa Rica celebraron hoy el aniversario 69 de los asaltos a los cuarteles Moncada y Carlos Manuel de C\u00e9spedes, que impulsaron el inicio de la Revoluci\u00f3n en la isla.&nbsp;&nbsp;&nbsp;&nbsp; julio 23, 2022 CDT21:30 (GMT) -0400 Por:&nbsp;Alejandro G\u00f3mez Fotos: FotosPL: Alejandro G\u00f3mez [&hellip;]<\/p>\n","protected":false},"author":28,"featured_media":370977,"comment_status":"closed","ping_status":"","sticky":false,"template":"","format":"standard","meta":{"footnotes":""},"categories":[26,23],"tags":[],"class_list":["post-370976","post","type-post","status-publish","format-standard","has-post-thumbnail","hentry","category-efemerides","category-internacional"],"_links":{"self":[{"href":"https:\/\/diariodominicano.com\/index.php?rest_route=\/wp\/v2\/posts\/370976","targetHints":{"allow":["GET"]}}],"collection":[{"href":"https:\/\/diariodominicano.com\/index.php?rest_route=\/wp\/v2\/posts"}],"about":[{"href":"https:\/\/diariodominicano.com\/index.php?rest_route=\/wp\/v2\/types\/post"}],"author":[{"embeddable":true,"href":"https:\/\/diariodominicano.com\/index.php?rest_route=\/wp\/v2\/users\/28"}],"replies":[{"embeddable":true,"href":"https:\/\/diariodominicano.com\/index.php?rest_route=%2Fwp%2Fv2%2Fcomments&post=370976"}],"version-history":[{"count":1,"href":"https:\/\/diariodominicano.com\/index.php?rest_route=\/wp\/v2\/posts\/370976\/revisions"}],"predecessor-version":[{"id":370978,"href":"https:\/\/diariodominicano.com\/index.php?rest_route=\/wp\/v2\/posts\/370976\/revisions\/370978"}],"wp:featuredmedia":[{"embeddable":true,"href":"https:\/\/diariodominicano.com\/index.php?rest_route=\/wp\/v2\/media\/370977"}],"wp:attachment":[{"href":"https:\/\/diariodominicano.com\/index.php?rest_route=%2Fwp%2Fv2%2Fmedia&parent=370976"}],"wp:term":[{"taxonomy":"category","embeddable":true,"href":"https:\/\/diariodominicano.com\/index.php?rest_route=%2Fwp%2Fv2%2Fcategories&post=370976"},{"taxonomy":"post_tag","embeddable":true,"href":"https:\/\/diariodominicano.com\/index.php?rest_route=%2Fwp%2Fv2%2Ftags&post=370976"}],"curies":[{"name":"wp","href":"https:\/\/api.w.org\/{rel}","templated":true}]}}