{"id":370958,"date":"2022-07-24T00:01:42","date_gmt":"2022-07-24T04:01:42","guid":{"rendered":"http:\/\/diariodominicano.com\/?p=370958"},"modified":"2022-07-24T00:01:42","modified_gmt":"2022-07-24T04:01:42","slug":"escogeran-a-los-constituyentes-que-redactaran-la-primera-constitucion-de-republica-dominicana","status":"publish","type":"post","link":"https:\/\/diariodominicano.com\/?p=370958","title":{"rendered":"Escoger\u00e1n a los constituyentes que redactar\u00e1n la primera Constituci\u00f3n de Rep\u00fablica Dominicana"},"content":{"rendered":"\n<p>&nbsp;&nbsp;&nbsp; &nbsp;SANTO DOMINGO, el 24 de julio de 1844, la Junta Central Gubernativa emiti\u00f3 un decreto en virtud del cual convoc\u00f3 a las asambleas electorales para que se reunieran del 20 al 30 de agosto, y procedieran al nombramiento de los miembros que deb\u00edan componer el soberano congreso constituyente, cuya reuni\u00f3n qued\u00f3 fijada para el 20 de septiembre en San Crist\u00f3bal.<\/p>\n\n\n\n<p>&nbsp;&nbsp;&nbsp;&nbsp; Los delegados fueron escogidos tomando en cuenta la importancia de Santo Domingo y las dem\u00e1s jurisdicciones.<\/p>\n\n\n\n<p>&nbsp;&nbsp; Por la Capital ser\u00edan cuatro, El Seibo tres, Santiago tres, Azua dos,&nbsp; La Vega dos, y uno por las comunes de San Crist\u00f3bal, Ban\u00ed, Los Llanos, Bayaguana, Monte Plata y Boy\u00e1.<\/p>\n\n\n\n<p>&nbsp;&nbsp;&nbsp; Tambi\u00e9n ten\u00edan un delegado Hig\u00fcey, Hato Mayor, Saman\u00e1, San Juan, Las Matas de Farf\u00e1n, Neyba, Las Caobas, Hincha, B\u00e1nica, San Miguel,&nbsp; San Rafael, Macor\u00eds,&nbsp; Cotu\u00ed, Moca, san Jos\u00e9 de las Matas, Puerto Plata, Montecristi y Dajab\u00f3n.<\/p>\n\n\n\n<p><strong>&nbsp;&nbsp; El historiador Jos\u00e9 Gabriel Garc\u00eda, en el segundo tomo de su obra Compendio de la Historia de Santo Domingo, edici\u00f3n de 1978, refiere que el decreto que convoc\u00f3 el Congreso Constituyente fue robustecido por otro del 27 de julio de 1844, \u201cen el cual, al hacer efectiva la promesa de aliviar la suerte de los pueblos disminuyendo los impuestos, mand\u00f3 \u00e1 pagar los derechos de importaci\u00f3n y exportaci\u00f3n en moneda nacional, sujetando \u00e1 las aduanas a la ley del 26 de mayo de 1827\u2026\u201d. (sic)<\/strong><\/p>\n\n\n\n<p>&nbsp;&nbsp; La legislaci\u00f3n establec\u00eda en 16 por ciento el valor estimativo fijo, designado por la tarifa de la misma fecha.<\/p>\n","protected":false},"excerpt":{"rendered":"<p>&nbsp;&nbsp;&nbsp; &nbsp;SANTO DOMINGO, el 24 de julio de 1844, la Junta Central Gubernativa emiti\u00f3 un decreto en virtud del cual convoc\u00f3 a las asambleas electorales para que se reunieran del 20 al 30 de agosto, y procedieran al nombramiento de los miembros que deb\u00edan componer el soberano congreso constituyente, cuya reuni\u00f3n qued\u00f3 fijada para el [&hellip;]<\/p>\n","protected":false},"author":28,"featured_media":323764,"comment_status":"closed","ping_status":"","sticky":true,"template":"","format":"standard","meta":{"footnotes":""},"categories":[26,27],"tags":[],"class_list":["post-370958","post","type-post","status-publish","format-standard","has-post-thumbnail","hentry","category-efemerides","category-portada"],"_links":{"self":[{"href":"https:\/\/diariodominicano.com\/index.php?rest_route=\/wp\/v2\/posts\/370958","targetHints":{"allow":["GET"]}}],"collection":[{"href":"https:\/\/diariodominicano.com\/index.php?rest_route=\/wp\/v2\/posts"}],"about":[{"href":"https:\/\/diariodominicano.com\/index.php?rest_route=\/wp\/v2\/types\/post"}],"author":[{"embeddable":true,"href":"https:\/\/diariodominicano.com\/index.php?rest_route=\/wp\/v2\/users\/28"}],"replies":[{"embeddable":true,"href":"https:\/\/diariodominicano.com\/index.php?rest_route=%2Fwp%2Fv2%2Fcomments&post=370958"}],"version-history":[{"count":1,"href":"https:\/\/diariodominicano.com\/index.php?rest_route=\/wp\/v2\/posts\/370958\/revisions"}],"predecessor-version":[{"id":370959,"href":"https:\/\/diariodominicano.com\/index.php?rest_route=\/wp\/v2\/posts\/370958\/revisions\/370959"}],"wp:featuredmedia":[{"embeddable":true,"href":"https:\/\/diariodominicano.com\/index.php?rest_route=\/wp\/v2\/media\/323764"}],"wp:attachment":[{"href":"https:\/\/diariodominicano.com\/index.php?rest_route=%2Fwp%2Fv2%2Fmedia&parent=370958"}],"wp:term":[{"taxonomy":"category","embeddable":true,"href":"https:\/\/diariodominicano.com\/index.php?rest_route=%2Fwp%2Fv2%2Fcategories&post=370958"},{"taxonomy":"post_tag","embeddable":true,"href":"https:\/\/diariodominicano.com\/index.php?rest_route=%2Fwp%2Fv2%2Ftags&post=370958"}],"curies":[{"name":"wp","href":"https:\/\/api.w.org\/{rel}","templated":true}]}}