{"id":370909,"date":"2022-07-23T18:12:04","date_gmt":"2022-07-23T22:12:04","guid":{"rendered":"http:\/\/diariodominicano.com\/?p=370909"},"modified":"2022-07-23T18:12:04","modified_gmt":"2022-07-23T22:12:04","slug":"destacan-en-costa-rica-participacion-femenina-en-gesta-del-moncada","status":"publish","type":"post","link":"https:\/\/diariodominicano.com\/?p=370909","title":{"rendered":"Destacan en Costa Rica participaci\u00f3n femenina en gesta del Moncada"},"content":{"rendered":"\n<p>San Jos\u00e9, 23 jul (Prensa Latina) La Organizaci\u00f3n de Mujeres Luisa Gonz\u00e1lez de Costa Rica destac\u00f3 hoy la participaci\u00f3n femenina en los Asaltos a los cuarteles Moncada y Carlos Manuel de C\u00e9spedes en Cuba, hace 69 a\u00f1os.&nbsp;&nbsp;&nbsp;&nbsp;<\/p>\n\n\n\n<ul class=\"wp-block-list\"><li>julio 23, 2022<\/li><li>CDT14:56 (GMT) -0400<\/li><\/ul>\n\n\n\n<p>El grupo solidario costarricense resalta el valor de 135 hombres y mujeres, liderados por el Comandante en Jefe Fidel Castro, quienes el 26 de julio de 1953 participaron en la gesta con que comenz\u00f3 la lucha armada contra la dictadura de Fulgencio Batista, culminada con el triunfo de la Revoluci\u00f3n cubana el 1 de enero de 1959.<\/p>\n\n\n\n<p>\u00abQueremos hacer un homenaje en especial a todas las mujeres que dieron su apoyo a esta primera acci\u00f3n, semilla de lo que fue y sigue siendo el triunfo de la Revoluci\u00f3n cubana\u00bb, asegura y exalta que \u00abno podemos jam\u00e1s olvidar Melba Hern\u00e1ndez y Hayde\u00e9 Santamar\u00eda presentes en el asalto\u00bb.<\/p>\n\n\n\n<p>Otras mujeres respaldaron esas acciones desde diferentes trincheras, y muchas m\u00e1s que luego se incorporaron con valent\u00eda y patriotismo al movimiento 26 de julio y despu\u00e9s del triunfo de la Revoluci\u00f3n asumieron tareas indispensables para el proceso.<\/p>\n\n\n\n<p>Este legado de lucha, amor y dignidad es lo que lo que hoy 69 a\u00f1os despu\u00e9s vemos en ojos de las mujeres y en el pueblo cubano que cada d\u00eda lucha contra el odio, contra el bloqueo de Estados Unidos y contra el imperio yanqui.<\/p>\n\n\n\n<p>Desde Costa Rica, recordamos a la compa\u00f1era Luisa Gonz\u00e1lez, quien estuvo y celebr\u00f3 muchos 26 de julio, y por ello continuamos su legado de lucha y solidaridad con las causas justas.<\/p>\n\n\n\n<p>\u00abNosotras, nuevas generaciones que creemos que el socialismo es el \u00fanico camino para el cumplimiento efectivo de los derechos de las mujeres, manifestamos nuestro compromiso con Cuba Revolucionaria\u00bb, concluye el mensaje del grupo costarricense.<\/p>\n\n\n\n<p>ocs\/ale<\/p>\n","protected":false},"excerpt":{"rendered":"<p>San Jos\u00e9, 23 jul (Prensa Latina) La Organizaci\u00f3n de Mujeres Luisa Gonz\u00e1lez de Costa Rica destac\u00f3 hoy la participaci\u00f3n femenina en los Asaltos a los cuarteles Moncada y Carlos Manuel de C\u00e9spedes en Cuba, hace 69 a\u00f1os.&nbsp;&nbsp;&nbsp;&nbsp; julio 23, 2022 CDT14:56 (GMT) -0400 El grupo solidario costarricense resalta el valor de 135 hombres y mujeres, [&hellip;]<\/p>\n","protected":false},"author":28,"featured_media":370910,"comment_status":"closed","ping_status":"","sticky":true,"template":"","format":"standard","meta":{"footnotes":""},"categories":[26,27],"tags":[],"class_list":["post-370909","post","type-post","status-publish","format-standard","has-post-thumbnail","hentry","category-efemerides","category-portada"],"_links":{"self":[{"href":"https:\/\/diariodominicano.com\/index.php?rest_route=\/wp\/v2\/posts\/370909","targetHints":{"allow":["GET"]}}],"collection":[{"href":"https:\/\/diariodominicano.com\/index.php?rest_route=\/wp\/v2\/posts"}],"about":[{"href":"https:\/\/diariodominicano.com\/index.php?rest_route=\/wp\/v2\/types\/post"}],"author":[{"embeddable":true,"href":"https:\/\/diariodominicano.com\/index.php?rest_route=\/wp\/v2\/users\/28"}],"replies":[{"embeddable":true,"href":"https:\/\/diariodominicano.com\/index.php?rest_route=%2Fwp%2Fv2%2Fcomments&post=370909"}],"version-history":[{"count":2,"href":"https:\/\/diariodominicano.com\/index.php?rest_route=\/wp\/v2\/posts\/370909\/revisions"}],"predecessor-version":[{"id":370913,"href":"https:\/\/diariodominicano.com\/index.php?rest_route=\/wp\/v2\/posts\/370909\/revisions\/370913"}],"wp:featuredmedia":[{"embeddable":true,"href":"https:\/\/diariodominicano.com\/index.php?rest_route=\/wp\/v2\/media\/370910"}],"wp:attachment":[{"href":"https:\/\/diariodominicano.com\/index.php?rest_route=%2Fwp%2Fv2%2Fmedia&parent=370909"}],"wp:term":[{"taxonomy":"category","embeddable":true,"href":"https:\/\/diariodominicano.com\/index.php?rest_route=%2Fwp%2Fv2%2Fcategories&post=370909"},{"taxonomy":"post_tag","embeddable":true,"href":"https:\/\/diariodominicano.com\/index.php?rest_route=%2Fwp%2Fv2%2Ftags&post=370909"}],"curies":[{"name":"wp","href":"https:\/\/api.w.org\/{rel}","templated":true}]}}