{"id":370894,"date":"2022-07-23T13:45:46","date_gmt":"2022-07-23T17:45:46","guid":{"rendered":"http:\/\/diariodominicano.com\/?p=370894"},"modified":"2022-07-23T13:45:46","modified_gmt":"2022-07-23T17:45:46","slug":"mexico-festeja-por-lo-alto-aniversario-de-rebeldia-nacional-de-cuba-fotos","status":"publish","type":"post","link":"https:\/\/diariodominicano.com\/?p=370894","title":{"rendered":"M\u00e9xico festeja por lo alto aniversario de Rebeld\u00eda Nacional de Cuba (+Fotos)"},"content":{"rendered":"\n<p>Ciudad de M\u00e9xico, 23 jul (Prensa Latina) M\u00e9xico celebra hoy el D\u00eda de la Rebeld\u00eda Nacional de Cuba con actos por el asalto a los cuarteles Moncada y Carlos Manuel de C\u00e9spedes encabezado por Fidel Castro, el 26 de julio de 1953.&nbsp;&nbsp;&nbsp;&nbsp;<\/p>\n\n\n\n<ul class=\"wp-block-list\"><li>julio 23, 2022<\/li><li>CDT12:14 (GMT) -0400<\/li><\/ul>\n\n\n\n<ul class=\"wp-block-list\"><li><a href=\"https:\/\/www.prensa-latina.cu\/author\/lma\">Por:&nbsp;Luis Manuel Arce Isaac<\/a><\/li><\/ul>\n\n\n\n<p>Hoy es la culminaci\u00f3n de un amplio programa iniciado desde semanas atr\u00e1s cuyo colof\u00f3n fue la gran fiesta bailable tradicional en el emblem\u00e1tico Sal\u00f3n \u00c1ngeles organizada por el Movimiento Mexicano de Solidaridad, principal eco de la m\u00fasica cubana desde 1937.<\/p>\n\n\n\n<figure class=\"wp-block-image\"><img decoding=\"async\" src=\"https:\/\/www.prensa-latina.cu\/wp-content\/uploads\/2022\/07\/26-de-julio-en-Mexico-III.jpg\" alt=\"26-de-julio-en-Mexico-III\" class=\"wp-image-288696\"\/><\/figure>\n\n\n\n<p>All\u00ed mexicanos y cubanos disfrutaron los ritmos criollos con orquestas mexicanas de gran renombre y de la isla radicadas aqu\u00ed, que tocan rumba, son, guaguanc\u00f3, chachach\u00e1 y otras expresiones del pentagrama popular.<\/p>\n\n\n\n<figure class=\"wp-block-image\"><img decoding=\"async\" src=\"https:\/\/www.prensa-latina.cu\/wp-content\/uploads\/2022\/07\/26-de-julio-en-Mexico-II.jpg\" alt=\"26-de-julio-en-Mexico-II\" class=\"wp-image-288697\"\/><\/figure>\n\n\n\n<p>En alcald\u00edas capitalinas y en estados como Veracruz y otros, desde hace m\u00e1s de una semana se realizan tambi\u00e9n actividades, lo cual da la raz\u00f3n al movimiento cuando se\u00f1ala que M\u00e9xico est\u00e1 en 26 de Julio como si se tratara de una fiesta propia.<\/p>\n\n\n\n<figure class=\"wp-block-image\"><img decoding=\"async\" src=\"https:\/\/www.prensa-latina.cu\/wp-content\/uploads\/2022\/07\/26-de-julio-en-Mexico-IV.jpg\" alt=\"26-de-julio-en-Mexico-IV\" class=\"wp-image-288700\"\/><\/figure>\n\n\n\n<p>Este s\u00e1bado 23 es apote\u00f3sico, pues desde muy temprano en la ma\u00f1ana el Movimiento de Solidaridad y otras organizaciones amigas, concentran a sus integrantes en el hemiciclo a Ju\u00e1rez en la Alameda Central.<\/p>\n\n\n\n<p>Desde all\u00ed marchar\u00e1n hacia la embajada de Estados Unidos en la avenida Paseo de la Reforma para exigir el levantamiento inmediato y sin condiciones del bloqueo econ\u00f3mico, comercial y financiero, a Cuba.<\/p>\n\n\n\n<p>Tambi\u00e9n para apoyar todas las medidas econ\u00f3micas y sanitarias que acaba de aprobar la Asamblea Nacional de Cuba para enfrentar y resistir las agresiones del gobierno de Estados Unidos las cuales no han cedido con la presidencia de Joe Biden.<\/p>\n\n\n\n<p>Despu\u00e9s de la marcha, la antigua casa presidencial mexicana Los Pinos, en Chapultepec, convertida en un complejo cultural, ser\u00e1 escenario hasta la noche de diversas actividades art\u00edsticas auspiciadas por la Secretar\u00eda de Cultura, el Movimiento de Solidaridad y otras instituciones.<\/p>\n\n\n\n<p>Destacan entre esas actividades el homenaje a Perfecto Romero, fot\u00f3grafo de la Revoluci\u00f3n Cubana que inaugurar\u00e1 una exposici\u00f3n de su obra y conversar\u00e1 con el p\u00fablico asistente a la Galer\u00eda Hist\u00f3rica y en la sala de Cine de la Casa Miguel Alem\u00e1n donde se proyectar\u00e1 un documental.<\/p>\n\n\n\n<p>En el Helipuerto el cantautor cubano Amaury P\u00e9rez brindar\u00e1 un concierto despu\u00e9s de ocho a\u00f1os de ausencia de este pa\u00eds donde actu\u00f3 durante tiempo con gran \u00e9xito, y es apoyado y auspiciado por la Secretar\u00eda de Cultura.<\/p>\n\n\n\n<p>De esa manera, los mexicanos solidarios se suman al homenaje de la Rebeld\u00eda Nacional cubana que sigue comandando Fidel Castro, quien precisamente organiz\u00f3 en M\u00e9xico la expedici\u00f3n del Granma para iniciar la guerra necesaria en la Sierra Maestra y su triunfo el 1 de enero de 1959.<\/p>\n\n\n\n<p>oda\/lma<\/p>\n","protected":false},"excerpt":{"rendered":"<p>Ciudad de M\u00e9xico, 23 jul (Prensa Latina) M\u00e9xico celebra hoy el D\u00eda de la Rebeld\u00eda Nacional de Cuba con actos por el asalto a los cuarteles Moncada y Carlos Manuel de C\u00e9spedes encabezado por Fidel Castro, el 26 de julio de 1953.&nbsp;&nbsp;&nbsp;&nbsp; julio 23, 2022 CDT12:14 (GMT) -0400 Por:&nbsp;Luis Manuel Arce Isaac Hoy es la [&hellip;]<\/p>\n","protected":false},"author":28,"featured_media":370895,"comment_status":"closed","ping_status":"","sticky":false,"template":"","format":"standard","meta":{"footnotes":""},"categories":[26,23],"tags":[],"class_list":["post-370894","post","type-post","status-publish","format-standard","has-post-thumbnail","hentry","category-efemerides","category-internacional"],"_links":{"self":[{"href":"https:\/\/diariodominicano.com\/index.php?rest_route=\/wp\/v2\/posts\/370894","targetHints":{"allow":["GET"]}}],"collection":[{"href":"https:\/\/diariodominicano.com\/index.php?rest_route=\/wp\/v2\/posts"}],"about":[{"href":"https:\/\/diariodominicano.com\/index.php?rest_route=\/wp\/v2\/types\/post"}],"author":[{"embeddable":true,"href":"https:\/\/diariodominicano.com\/index.php?rest_route=\/wp\/v2\/users\/28"}],"replies":[{"embeddable":true,"href":"https:\/\/diariodominicano.com\/index.php?rest_route=%2Fwp%2Fv2%2Fcomments&post=370894"}],"version-history":[{"count":1,"href":"https:\/\/diariodominicano.com\/index.php?rest_route=\/wp\/v2\/posts\/370894\/revisions"}],"predecessor-version":[{"id":370896,"href":"https:\/\/diariodominicano.com\/index.php?rest_route=\/wp\/v2\/posts\/370894\/revisions\/370896"}],"wp:featuredmedia":[{"embeddable":true,"href":"https:\/\/diariodominicano.com\/index.php?rest_route=\/wp\/v2\/media\/370895"}],"wp:attachment":[{"href":"https:\/\/diariodominicano.com\/index.php?rest_route=%2Fwp%2Fv2%2Fmedia&parent=370894"}],"wp:term":[{"taxonomy":"category","embeddable":true,"href":"https:\/\/diariodominicano.com\/index.php?rest_route=%2Fwp%2Fv2%2Fcategories&post=370894"},{"taxonomy":"post_tag","embeddable":true,"href":"https:\/\/diariodominicano.com\/index.php?rest_route=%2Fwp%2Fv2%2Ftags&post=370894"}],"curies":[{"name":"wp","href":"https:\/\/api.w.org\/{rel}","templated":true}]}}