{"id":370879,"date":"2022-07-23T10:32:29","date_gmt":"2022-07-23T14:32:29","guid":{"rendered":"http:\/\/diariodominicano.com\/?p=370879"},"modified":"2022-07-23T10:32:29","modified_gmt":"2022-07-23T14:32:29","slug":"afinan-detalles-organizativos-de-conmemoracion-revolucionaria-en-cuba","status":"publish","type":"post","link":"https:\/\/diariodominicano.com\/?p=370879","title":{"rendered":"Afinan detalles organizativos de conmemoraci\u00f3n revolucionaria en Cuba"},"content":{"rendered":"\n<p>Cienfuegos, Cuba, 23 jul (Prensa Latina) El acto central por el aniversario 69 del asalto al cuartel Moncada, hecho que dio inicio a la Revoluci\u00f3n cubana, tendr\u00e1 lugar en esta ciudad desde la 7:00 (hora local) del pr\u00f3ximo 26 de julio.&nbsp;&nbsp;&nbsp;&nbsp;<\/p>\n\n\n\n<ul class=\"wp-block-list\"><li>julio 23, 2022<\/li><li>CDT01:18 (GMT) -0400<\/li><\/ul>\n\n\n\n<p>As\u00ed lo dio a conocer el Comit\u00e9 Provincial del Partido Comunista a trav\u00e9s de su \u00f3rgano oficial, el semanario 5 de Septiembre.<\/p>\n\n\n\n<p>Como en las tres ocasiones anteriores que la llamada Perla del Sur fue escenario de la celebraci\u00f3n del D\u00eda de la Rebeld\u00eda Nacional (1984, 1992 y 1999), la principal conmemoraci\u00f3n pol\u00edtica de la Isla tendr\u00e1 lugar en la Plaza de Actos, contigua a la Avenida del Malec\u00f3n.<\/p>\n\n\n\n<p>Los organizadores dieron a conocer el plan de transportaci\u00f3n que desde tempranas horas de la madrugada del martes 26 trasladar\u00e1 hacia la plaza a los 10 mil cienfuegueros seleccionados para asistir al acto.<\/p>\n\n\n\n<p>La v\u00edspera de la efem\u00e9ride el teatro patrimonial Tom\u00e1s Terry acoger\u00e1 la gala pol\u00edtico-cultural en homenaje a la fecha, en la cual destaca la participaci\u00f3n de la mundialmente reconocida orquesta Arag\u00f3n, fundada en esta ciudad el 30 de septiembre de 1939.<\/p>\n\n\n\n<p>El 26 de julio de 1953 un grupo de j\u00f3venes liderados por Fidel Castro, y que luego la historia de Cuba identific\u00f3 como la Generaci\u00f3n del Centenario, atac\u00f3 los cuarteles Moncada (Santiago de Cuba) y Carlos Manuel de C\u00e9spedes (Bayamo), acciones que representaron el inicio de la lucha revolucionaria contra la dictadura de Fulgencio Batista (1952-1958).<\/p>\n\n\n\n<p>car\/fgn<\/p>\n","protected":false},"excerpt":{"rendered":"<p>Cienfuegos, Cuba, 23 jul (Prensa Latina) El acto central por el aniversario 69 del asalto al cuartel Moncada, hecho que dio inicio a la Revoluci\u00f3n cubana, tendr\u00e1 lugar en esta ciudad desde la 7:00 (hora local) del pr\u00f3ximo 26 de julio.&nbsp;&nbsp;&nbsp;&nbsp; julio 23, 2022 CDT01:18 (GMT) -0400 As\u00ed lo dio a conocer el Comit\u00e9 Provincial [&hellip;]<\/p>\n","protected":false},"author":28,"featured_media":370880,"comment_status":"closed","ping_status":"","sticky":false,"template":"","format":"standard","meta":{"footnotes":""},"categories":[26],"tags":[],"class_list":["post-370879","post","type-post","status-publish","format-standard","has-post-thumbnail","hentry","category-efemerides"],"_links":{"self":[{"href":"https:\/\/diariodominicano.com\/index.php?rest_route=\/wp\/v2\/posts\/370879","targetHints":{"allow":["GET"]}}],"collection":[{"href":"https:\/\/diariodominicano.com\/index.php?rest_route=\/wp\/v2\/posts"}],"about":[{"href":"https:\/\/diariodominicano.com\/index.php?rest_route=\/wp\/v2\/types\/post"}],"author":[{"embeddable":true,"href":"https:\/\/diariodominicano.com\/index.php?rest_route=\/wp\/v2\/users\/28"}],"replies":[{"embeddable":true,"href":"https:\/\/diariodominicano.com\/index.php?rest_route=%2Fwp%2Fv2%2Fcomments&post=370879"}],"version-history":[{"count":1,"href":"https:\/\/diariodominicano.com\/index.php?rest_route=\/wp\/v2\/posts\/370879\/revisions"}],"predecessor-version":[{"id":370881,"href":"https:\/\/diariodominicano.com\/index.php?rest_route=\/wp\/v2\/posts\/370879\/revisions\/370881"}],"wp:featuredmedia":[{"embeddable":true,"href":"https:\/\/diariodominicano.com\/index.php?rest_route=\/wp\/v2\/media\/370880"}],"wp:attachment":[{"href":"https:\/\/diariodominicano.com\/index.php?rest_route=%2Fwp%2Fv2%2Fmedia&parent=370879"}],"wp:term":[{"taxonomy":"category","embeddable":true,"href":"https:\/\/diariodominicano.com\/index.php?rest_route=%2Fwp%2Fv2%2Fcategories&post=370879"},{"taxonomy":"post_tag","embeddable":true,"href":"https:\/\/diariodominicano.com\/index.php?rest_route=%2Fwp%2Fv2%2Ftags&post=370879"}],"curies":[{"name":"wp","href":"https:\/\/api.w.org\/{rel}","templated":true}]}}