{"id":370812,"date":"2022-07-22T23:57:12","date_gmt":"2022-07-23T03:57:12","guid":{"rendered":"http:\/\/diariodominicano.com\/?p=370812"},"modified":"2022-07-22T23:57:45","modified_gmt":"2022-07-23T03:57:45","slug":"fernando-arturo-de-merino-gana-la-presidencia-de-la-republica-dominicana","status":"publish","type":"post","link":"https:\/\/diariodominicano.com\/?p=370812","title":{"rendered":"El sacerdote Fernando Arturo de Meri\u00f1o gana la presidencia de la Rep\u00fablica Dominicana"},"content":{"rendered":"\n<p>&nbsp;&nbsp;&nbsp; SANTO DOMINGO,&nbsp; el&nbsp; 23 de julio de 1880,&nbsp; el sacerdote&nbsp; Fernando Arturo de Meri\u00f1o, fue electo Presidente de la Rep\u00fablica. Gan\u00f3, con el apoyo del l\u00edder del Partido Azul y&nbsp; Presidente Provisional,&nbsp; Gregorio Luper\u00f3n, quien de esa manera dio un paso para mantener a la organizaci\u00f3n&nbsp; en el poder&nbsp; y garantizar la continuidad de su obra.<\/p>\n\n\n\n<p>&nbsp; &nbsp;&nbsp;&nbsp;Luper\u00f3n,&nbsp; hab\u00eda asumido&nbsp; el Gobierno Provisional, con asiento en Puerto Plata, el 6 de octubre de 1879, luego de encabezar un movimiento armado que derroc\u00f3 al&nbsp; Presidente Ces\u00e1reo Guillermo. Su gesti\u00f3n se caracteriz\u00f3 por un proceso de reorganizaci\u00f3n del Estado&nbsp; y patrocin\u00f3 una reforma constitucional liberal que fue promulgada el 28 de mayo de 1880.<\/p>\n\n\n\n<p>&nbsp;&nbsp;&nbsp;&nbsp; La Carta Magna fij\u00f3 el per\u00edodo presidencial en dos a\u00f1os para dar oportunidad a otros dirigentes del Partido Azul, que aspiraban a la Presidencia.<\/p>\n\n\n\n<p>&nbsp;&nbsp; Para apoyar al sacerdote Fernando Arturo de Meri\u00f1o,&nbsp; Luper\u00f3n hizo una consulta previa a los principales dirigentes del Partido Azul, quienes dieron su voto favorable en las votaciones del 23 de julio de 1880.<\/p>\n\n\n\n<p>&nbsp;&nbsp; Monse\u00f1or Fernando Arturo de Meri\u00f1o, tom\u00f3 posesi\u00f3n de la Presidencia de la Rep\u00fablica, el 1 de septiembre de 1880.<\/p>\n\n\n\n<p>&nbsp;&nbsp;&nbsp;&nbsp;&nbsp; El religioso y pol\u00edtico continu\u00f3 la obra&nbsp; gubernamental&nbsp; que hab\u00eda iniciado el Presidente&nbsp; Luper\u00f3n, durante el Gobierno provisional&nbsp; (1879-1880)<\/p>\n\n\n\n<p>&nbsp;&nbsp;&nbsp;&nbsp;&nbsp;&nbsp;&nbsp;&nbsp; Al tratar&nbsp; la gesti\u00f3n de Meri\u00f1o, el historiador Frank Moya Pons, refiere que en el Gobierno del religioso y pol\u00edtico, el Partido Azul actuaba como un verdadero equipo y sus hombres m\u00e1s prominentes trabajaban de mutuo acuerdo poniendo lo mejor de sus conocimientos al servicio de la consolidaci\u00f3n de la paz y en la obra de reconstrucci\u00f3n nacional.&nbsp; \u201cLas Fuerzas Armadas quedaron bajo la influencia del lugar teniente de Luper\u00f3n, general Ulises Heureaux, quien fue nombrado Ministro de lo Interior, con influencia en el Ministro de Guerra y Marina, Francisco Gregorio Billini, al trasladarse la sede del Gobierno de Puerto Plata a Santo Domingo.<\/p>\n\n\n\n<p>&nbsp;&nbsp;&nbsp; Los dem\u00e1s l\u00edderes ejerc\u00edan las diversas gobernaciones&nbsp; y comandancias de armas, adem\u00e1s de los ministerios y otros puestos de confianza.<\/p>\n\n\n\n<p>&nbsp;&nbsp; &nbsp;&nbsp;&nbsp;&nbsp;&nbsp;El Presidente Meri\u00f1o&nbsp; tuvo que afrontar&nbsp; momentos muy dif\u00edciles, pues&nbsp; se vio obligado a suspender la administraci\u00f3n liberal y dar paso a un Gobierno dictatorial, como reacci\u00f3n a las conspiraciones que enfrentaron&nbsp; a los baecistas del Partido Rojo y el Presidente del Partido Azul.<\/p>\n\n\n\n<p>&nbsp;&nbsp;&nbsp;&nbsp;&nbsp;&nbsp; El 30 de mayo de 1881, el Presidente Fernando Arturo de Meri\u00f1o,&nbsp; dispuso por decreto que todo aquel que fuera apresado&nbsp; con&nbsp; las armas en las manos contra el Gobierno ser\u00eda&nbsp; castigado con la pena de muerte. La medida se conoce en la historia dominicana como el&nbsp; \u201cDecreto de San Fernando\u201d, porque fue emitido el d\u00eda de ese santo.<\/p>\n\n\n\n<p>&nbsp;&nbsp;&nbsp; Luego de la disposici\u00f3n, enfrent\u00f3 un movimiento armado que encabez\u00f3&nbsp; en la comunidad El Algodonal, en San Crist\u00f3bal, el general Braulio Alvarez. Asimismo, aplast\u00f3 una expedici\u00f3n armada que organiz\u00f3 en Puerto Rico, el ex Presidente Ces\u00e1reo Guillermo, quien recibi\u00f3 el apoyo del Gobierno colonial.<\/p>\n\n\n\n<p>&nbsp;&nbsp; Guillermo desembarc\u00f3 con sus hombres por la zona de Hig\u00fcey.&nbsp; Su movimiento fue aplastado por las tropas comandadas por el general Ulises Heureaux. &nbsp;Y el&nbsp; Presidente Meri\u00f1o se puso al frente de las tropas del Ej\u00e9rcito en Azua, para evitar que se levantaran all\u00ed los partidarios del ex Presidente Buenaventura B\u00e1ez, quien era nativo de esa comunidad.<\/p>\n\n\n\n<p>&nbsp;&nbsp; Las fuerzas militares gubernamentales aplastaron los movimientos armados durante una lucha de dos meses.<\/p>\n\n\n\n<p>&nbsp;&nbsp; Una versi\u00f3n hist\u00f3rica da cuenta&nbsp; que Meri\u00f1o y el general Lil\u00eds Heureaux, fusilaron a los enemigos que cayeron en sus manos.<\/p>\n\n\n\n<p>&nbsp;&nbsp;&nbsp; El 1 de julio de 1882, cuando termin\u00f3 su gesti\u00f3n, asumi\u00f3 el poder el general Ulises \u2013Lil\u00eds- Heureaux, uno de los l\u00edderes militares del Partido Azul. Y Meri\u00f1o inici\u00f3 un proceso que lo obligar\u00eda a dedicarse de lleno a sus labores eclesi\u00e1sticas.<\/p>\n\n\n\n<p>&nbsp;&nbsp;&nbsp; El&nbsp; d\u00eda 16 de julio de 1885, fue consagrado como Arzobispo de Santo Domingo, al recibir la orden episcopal en Roma. El acontecimiento fue motivo de regocijo en Rep\u00fablica Dominicana.<\/p>\n\n\n\n<p>&nbsp;&nbsp;&nbsp; La decisi\u00f3n de la Iglesia Cat\u00f3lica se produjo en un momento en&nbsp; que en el pa\u00eds hab\u00eda un movimiento de peticiones para que se escogiera a un dominicano Arzobispo de Santo Domingo.<\/p>\n\n\n\n<p>&nbsp;&nbsp;&nbsp; Entre las personalidades que pidieron que Monse\u00f1or Meri\u00f1o, fuera consagrado como arzobispo figuran el obispo Rocco Cocch\u00eda, los generales Gregorio Luper\u00f3n y Ulises Heureaux; as\u00ed como el educador Eugenio Mar\u00eda de Hostos.<\/p>\n\n\n\n<p>&nbsp;&nbsp; El nombre de Monse\u00f1or Fernando Arturo de Meri\u00f1o encabez\u00f3 la terna que envi\u00f3&nbsp; a Roma, el Congreso dominicano, y el presidente de la Rep\u00fablica, Alejandro Woss y Gil, coste\u00f3 los gastos de bulas y consagraci\u00f3n.<\/p>\n\n\n\n<p>&nbsp;&nbsp; De Meri\u00f1o,&nbsp; fue&nbsp; Arzobispo de Santo Domingo desde 1885 hasta su muerte en el a\u00f1o 1906.<\/p>\n","protected":false},"excerpt":{"rendered":"<p>&nbsp;&nbsp;&nbsp; SANTO DOMINGO,&nbsp; el&nbsp; 23 de julio de 1880,&nbsp; el sacerdote&nbsp; Fernando Arturo de Meri\u00f1o, fue electo Presidente de la Rep\u00fablica. Gan\u00f3, con el apoyo del l\u00edder del Partido Azul y&nbsp; Presidente Provisional,&nbsp; Gregorio Luper\u00f3n, quien de esa manera dio un paso para mantener a la organizaci\u00f3n&nbsp; en el poder&nbsp; y garantizar la continuidad de [&hellip;]<\/p>\n","protected":false},"author":28,"featured_media":314921,"comment_status":"closed","ping_status":"","sticky":true,"template":"","format":"standard","meta":{"footnotes":""},"categories":[26,27],"tags":[],"class_list":["post-370812","post","type-post","status-publish","format-standard","has-post-thumbnail","hentry","category-efemerides","category-portada"],"_links":{"self":[{"href":"https:\/\/diariodominicano.com\/index.php?rest_route=\/wp\/v2\/posts\/370812","targetHints":{"allow":["GET"]}}],"collection":[{"href":"https:\/\/diariodominicano.com\/index.php?rest_route=\/wp\/v2\/posts"}],"about":[{"href":"https:\/\/diariodominicano.com\/index.php?rest_route=\/wp\/v2\/types\/post"}],"author":[{"embeddable":true,"href":"https:\/\/diariodominicano.com\/index.php?rest_route=\/wp\/v2\/users\/28"}],"replies":[{"embeddable":true,"href":"https:\/\/diariodominicano.com\/index.php?rest_route=%2Fwp%2Fv2%2Fcomments&post=370812"}],"version-history":[{"count":2,"href":"https:\/\/diariodominicano.com\/index.php?rest_route=\/wp\/v2\/posts\/370812\/revisions"}],"predecessor-version":[{"id":370816,"href":"https:\/\/diariodominicano.com\/index.php?rest_route=\/wp\/v2\/posts\/370812\/revisions\/370816"}],"wp:featuredmedia":[{"embeddable":true,"href":"https:\/\/diariodominicano.com\/index.php?rest_route=\/wp\/v2\/media\/314921"}],"wp:attachment":[{"href":"https:\/\/diariodominicano.com\/index.php?rest_route=%2Fwp%2Fv2%2Fmedia&parent=370812"}],"wp:term":[{"taxonomy":"category","embeddable":true,"href":"https:\/\/diariodominicano.com\/index.php?rest_route=%2Fwp%2Fv2%2Fcategories&post=370812"},{"taxonomy":"post_tag","embeddable":true,"href":"https:\/\/diariodominicano.com\/index.php?rest_route=%2Fwp%2Fv2%2Ftags&post=370812"}],"curies":[{"name":"wp","href":"https:\/\/api.w.org\/{rel}","templated":true}]}}