{"id":370806,"date":"2022-07-22T23:42:55","date_gmt":"2022-07-23T03:42:55","guid":{"rendered":"http:\/\/diariodominicano.com\/?p=370806"},"modified":"2022-07-23T08:50:14","modified_gmt":"2022-07-23T12:50:14","slug":"anecdotas-politicas-de-aqui-y-de-alla-y-6","status":"publish","type":"post","link":"https:\/\/diariodominicano.com\/?p=370806","title":{"rendered":"AN\u00c9CDOTAS POL\u00cdTICAS DE AQU\u00cd Y DE ALL\u00c1 (y 6)"},"content":{"rendered":"\n<p><strong>POR TE\u00d3FILO LAPPOT ROBLES<\/strong><\/p>\n\n\n\n<p><strong>Sobre los restos de Crist\u00f3bal Col\u00f3n<\/strong><\/p>\n\n\n\n<p>A trav\u00e9s del tiempo se han creado una y mil pol\u00e9micas sobre el lugar donde est\u00e1n los restos del Almirante Crist\u00f3bal Col\u00f3n. En ocasiones el asunto ha tenido aspectos anecd\u00f3ticos de dimensiones hist\u00f3ricas y pol\u00edticas.<\/p>\n\n\n\n<figure class=\"wp-block-image size-large\"><img loading=\"lazy\" decoding=\"async\" width=\"1024\" height=\"526\" src=\"https:\/\/diariodominicano.com\/wp-content\/uploads\/2021\/04\/Catedral-de-Santo-Domingo-1024x526.jpg\" alt=\"\" class=\"wp-image-272710\" srcset=\"https:\/\/diariodominicano.com\/wp-content\/uploads\/2021\/04\/Catedral-de-Santo-Domingo-1024x526.jpg 1024w, https:\/\/diariodominicano.com\/wp-content\/uploads\/2021\/04\/Catedral-de-Santo-Domingo-300x154.jpg 300w, https:\/\/diariodominicano.com\/wp-content\/uploads\/2021\/04\/Catedral-de-Santo-Domingo-768x395.jpg 768w, https:\/\/diariodominicano.com\/wp-content\/uploads\/2021\/04\/Catedral-de-Santo-Domingo-1536x789.jpg 1536w, https:\/\/diariodominicano.com\/wp-content\/uploads\/2021\/04\/Catedral-de-Santo-Domingo-2048x1052.jpg 2048w, https:\/\/diariodominicano.com\/wp-content\/uploads\/2021\/04\/Catedral-de-Santo-Domingo-816x419.jpg 816w\" sizes=\"auto, (max-width: 1024px) 100vw, 1024px\" \/><figcaption> Catedral Primada de Am\u00e9rica, <\/figcaption><\/figure>\n\n\n\n<p><strong>Unos opinantes persisten en rechazar que sean de ese personaje las cenizas encontradas el 10 de septiembre &nbsp;del 1877 en la Catedral Primada de Am\u00e9rica, ubicada en la ciudad de Santo Domingo.<\/strong><\/p>\n\n\n\n<p>Dicen los que as\u00ed piensan, usando divagaciones y sandeces, que los restos del primer Crist\u00f3bal Col\u00f3n est\u00e1n en Sevilla, Espa\u00f1a.<\/p>\n\n\n\n<p>Hay muchas an\u00e9cdotas, tal vez por haberse mantenido flotando durante siglos la pol\u00e9mica sobre ese tema.<\/p>\n\n\n\n<p>Algunos, con no poco ingenio y s\u00ed mucha picard\u00eda, han tratado de zanjar de manera anecd\u00f3tica esa controversia sobre el destino de los residuos corporales de Col\u00f3n, sin entrar en los detalles de aquello que hace m\u00e1s de 2,250 a\u00f1os resumi\u00f3 el fil\u00f3sofo griego Arist\u00f3teles al reflexionar sobre el ser humano con su materia y su alma.<\/p>\n\n\n\n<p>Dicen los bromistas aludidos que los restos que los turistas curiosean en Sevilla (si es que son tales) corresponden al Col\u00f3n ni\u00f1o, y que el polvo que reposa en la Rep\u00fablica Dominicana es lo \u00fanico que queda de la verdadera arquitectura \u00f3sea del almirante genov\u00e9s Crist\u00f3bal Col\u00f3n cuando muri\u00f3 en la ciudad espa\u00f1ola de Valladolid, el 20 de mayo de 1506, a los 54 a\u00f1os de edad.<\/p>\n\n\n\n<p>Un informe farragoso preparado por el historiador y jurista Manuel Colmeiro Penido, publicado en el 1879, a petici\u00f3n de la Real Academia de la Historia de Espa\u00f1a, compendia el prejuicio de ciertos sectores de ese pa\u00eds al se\u00f1alar, sin ninguna prueba m\u00ednimamente aceptable, que lo divulgado en el siglo 19 desde la Rep\u00fablica Dominicana sobre los dichos despojos mortales colombinos no es m\u00e1s que \u201cuna mara\u00f1a\u201d y a\u00f1ade con tinta venenosa que eso es \u201cun fraude piadoso.\u201d<\/p>\n\n\n\n<p>Esas conclusiones ama\u00f1adas del se\u00f1or Colmeiro fueron avaladas por el Reino de Espa\u00f1a, abriendo as\u00ed un conflicto con la Rep\u00fablica Dominicana que a\u00fan se mantiene sin se\u00f1ales de cerrarse.<\/p>\n\n\n\n<figure class=\"wp-block-image size-full\"><img loading=\"lazy\" decoding=\"async\" width=\"297\" height=\"170\" src=\"https:\/\/diariodominicano.com\/wp-content\/uploads\/2022\/07\/Faro-a-Colon-00.jpg\" alt=\"\" class=\"wp-image-370820\"\/><figcaption>Faro a Col\u00f3n en Santo Domingo Este, Rep\u00fablica Dominicana. <\/figcaption><\/figure>\n\n\n\n<p>Contrario a lo anterior, muchos de&nbsp; los que han estudiado bien el tema sostienen que dichas cenizas est\u00e1n en la Rep\u00fablica Dominicana, siendo esa versi\u00f3n la que con m\u00e1s probabilidad encaja con la verdad de los hechos, pues se sustenta en pruebas documentales de raigambre hist\u00f3rica.<\/p>\n\n\n\n<p>Los historiadores de la regi\u00f3n de Liguria, en el noroeste de Italia, tierra natal de Col\u00f3n, as\u00ed como diversas academias de Historia, como las de Washington y New Jersey, dan por v\u00e1lido que es aqu\u00ed que est\u00e1 lo que queda del cuerpo del cart\u00f3grafo y navegante que fue gobernador general de las Indias Occidentales.<\/p>\n\n\n\n<figure class=\"wp-block-image size-full\"><img loading=\"lazy\" decoding=\"async\" width=\"193\" height=\"261\" src=\"https:\/\/diariodominicano.com\/wp-content\/uploads\/2022\/07\/Diego-Colon000.jpg\" alt=\"\" class=\"wp-image-367680\"\/><figcaption>Diego Col\u00f3n<\/figcaption><\/figure>\n\n\n\n<p>Su hijo Diego Col\u00f3n, en su testamento redactado el 23 de septiembre de 1523, consign\u00f3 lo siguiente: \u201cLa segunda traslaci\u00f3n de las cenizas del Descubridor tuvo por objeto dar a sus mortales despojos sepultura perpetua en la Isla Espa\u00f1ola y ciudad de Santo Domingo. Tal fue su voluntad y as\u00ed lo encarg\u00f3.\u201d<\/p>\n\n\n\n<p>En los infolios amarillos del Monasterio sevillano de Santa Mar\u00eda de las Cuevas hay (tal y como public\u00f3 hace m\u00e1s de cien a\u00f1os el eminente dominicano Alejandro Llenas) una nota que dice as\u00ed:<\/p>\n\n\n\n<p><strong>\u201cEn este a\u00f1o 1536 los restos de Don Crist\u00f3bal Col\u00f3n fueron entregados para ser llevados a la isla de Santo Domingo.\u201d<\/strong><\/p>\n\n\n\n<p>Es pertinente se\u00f1alar que el 5 de noviembre del 1683, en un texto del S\u00ednodo Diocesano del Arzobispado de Santo Domingo, el Arzobispo y te\u00f3logo fray Domingo Fern\u00e1ndez Navarrete afirm\u00f3 que los huesos del llamado descubridor de Am\u00e9rica \u201cyacen en una caja de plomo en el presbiterio al lado de la peana del Altar Mayor de nuestra Catedral.\u201d<\/p>\n\n\n\n<p>Hay que agregar que desde el 1992 esa reliquia est\u00e1 en el mastod\u00f3ntico monumento Faro a Col\u00f3n, situado al este de la desembocadura del r\u00edo Ozama en el mar Caribe.<\/p>\n\n\n\n<p><strong>\u00bfLa Casa Blanca pintada de negro?<\/strong><\/p>\n\n\n\n<p>Cuando el 7 de diciembre de 1941 la aviaci\u00f3n japonesa atac\u00f3 la base militar estadounidense de Pearl Harbor, en la isla Oahu, en el archipi\u00e9lago de Haw\u00e1i, el gobierno de los EE.UU. consider\u00f3 la posibilidad de proteger con medidas extremas edificios importantes dentro del mismo territorio continental de ese gran pa\u00eds.<\/p>\n\n\n\n<p>Fue as\u00ed como se produjo una propuesta anecd\u00f3tica de pintar de negro la sede del gobierno m\u00e1s poderoso del mundo, la Casa Blanca.<\/p>\n\n\n\n<figure class=\"wp-block-image size-full\"><img loading=\"lazy\" decoding=\"async\" width=\"370\" height=\"247\" src=\"https:\/\/diariodominicano.com\/wp-content\/uploads\/2021\/01\/Casablanca28-1-21.jpg\" alt=\"\" class=\"wp-image-262023\" srcset=\"https:\/\/diariodominicano.com\/wp-content\/uploads\/2021\/01\/Casablanca28-1-21.jpg 370w, https:\/\/diariodominicano.com\/wp-content\/uploads\/2021\/01\/Casablanca28-1-21-300x200.jpg 300w\" sizes=\"auto, (max-width: 370px) 100vw, 370px\" \/><figcaption>La Casa Blanca en Washington<\/figcaption><\/figure>\n\n\n\n<p>Se pens\u00f3 que eso la proteger\u00eda de eventuales ataques a\u00e9reos, al menos de noche. El poderoso Ej\u00e9rcito estadounidense aprob\u00f3 esa extra\u00f1a propuesta.<\/p>\n\n\n\n<p>De haber prosperado aquello hubiera sido como una regresi\u00f3n a las divinidades del antiguo Egipto, que por m\u00e1s de tres mil a\u00f1os tuvieron los colores como parte de su protecci\u00f3n frente a enemigos imaginarios:<\/p>\n\n\n\n<p>Los dioses mitol\u00f3gicos Amm\u00f3n y Shu fueron vestidos de azul; el atuendo de Tot era verde con azul claro, mientras que Osiris era representado con el verde y con el negro.<\/p>\n\n\n\n<figure class=\"wp-block-image size-full\"><img loading=\"lazy\" decoding=\"async\" width=\"273\" height=\"185\" src=\"https:\/\/diariodominicano.com\/wp-content\/uploads\/2022\/07\/Dios-Osiris-egipcio-arch.jpg\" alt=\"\" class=\"wp-image-370830\"\/><figcaption>Imagen del  Dios egipcio Osiris<\/figcaption><\/figure>\n\n\n\n<p>El rey m\u00edtico Osiris era el m\u00e1s importante personaje del pante\u00f3n egipcio. En la civilizaci\u00f3n fara\u00f3nica era el dios de la agricultura, la fertilidad, la resurrecci\u00f3n y la regeneraci\u00f3n del r\u00edo Nilo, a cuya agua fue lanzado en trozos luego de ser asesinado por su hermano Seth.<\/p>\n\n\n\n<p>Los dioses Osiris y Tot terminaron con indumentaria oliv\u00e1cea, al decir del periodista y escritor italiano especializado en civilizaciones antiguas Peter Kolosimo, en su obra titulada Tierra sin tiempo.<\/p>\n\n\n\n<p>Finalmente la idea de pintar de negro la mansi\u00f3n presidencial situada en la avenida Pensilvania 1600, de la ciudad de Washington, no pas\u00f3 de ser un proyecto anecd\u00f3tico, pues el presidente Franklin Delano Roosevelt rechaz\u00f3 esa idea. Fue un acierto de \u00e9l, pues ning\u00fan ataque extranjero lleg\u00f3 para esa \u00e9poca a dicha ciudad.<\/p>\n\n\n\n<figure class=\"wp-block-image size-full\"><img loading=\"lazy\" decoding=\"async\" width=\"194\" height=\"259\" src=\"https:\/\/diariodominicano.com\/wp-content\/uploads\/2022\/07\/B-Baez000.jpg.jpg\" alt=\"\" class=\"wp-image-366684\"\/><figcaption>Buenaventura B\u00e1ez<\/figcaption><\/figure>\n\n\n\n<p><strong>Buenaventura B\u00e1ez<\/strong><\/p>\n\n\n\n<p>El cuarto gobierno de Buenaventura B\u00e1ez, llamado de los Seis A\u00f1os, tuvo un final con sabor anecd\u00f3tico, pues quienes dieron al traste con el mismo no fueron sus enemigos del Partido Azul.<\/p>\n\n\n\n<p>En ese sangriento per\u00edodo de la pol\u00edtica criolla se acu\u00f1aron las expresiones \u201chombres de orden\u201d, para calificar a los que consideraban al caudillo B\u00e1ez como imprescindible para gobernar, y tildaban como \u201chombres de desorden\u201d a los que le adversaban.<\/p>\n\n\n\n<p>El primero de mayo de 1869 el pa\u00eds fue v\u00edctima de una gran estafa de parte del representante de Buenaventura B\u00e1ez en Inglaterra, un extranjero de nombre Edward&nbsp; H. Hartmont, quien comprometi\u00f3&nbsp; por d\u00e9cadas las finanzas dominicanas y se alz\u00f3 con una fortuna.<\/p>\n\n\n\n<figure class=\"wp-block-image size-full\"><img loading=\"lazy\" decoding=\"async\" width=\"194\" height=\"259\" src=\"https:\/\/diariodominicano.com\/wp-content\/uploads\/2022\/07\/Ulysses-S.-Grant.jpg\" alt=\"\" class=\"wp-image-370832\"\/><figcaption> Ulysses S. Grant <\/figcaption><\/figure>\n\n\n\n<p>Buenaventura B\u00e1ez, en contubernio con el presidente estadounidense Ulysses S. Grant y los truhanes Joseph Fabens y William Cazneau, hac\u00edan todo lo posible para que la Rep\u00fablica Dominicana fuera anexionada a los EE.UU., lo que afortunadamente no ocurri\u00f3 porque en el 1871 el Senado de ese \u00faltimo pa\u00eds rechaz\u00f3 eso.<\/p>\n\n\n\n<p>En esa \u00e9poca la crisis econ\u00f3mica iba en crecimiento, as\u00ed como el malestar social entre la poblaci\u00f3n dominicana que cada vez m\u00e1s repudiaba a dicho gobernante.<\/p>\n\n\n\n<p>En cambio, a B\u00e1ez lo apoyaban los caudillos comarcanos, una parte importante de los comerciantes y principalmente los productores de tabaco del Cibao que se beneficiaban de los altos precios internacionales de ese producto agr\u00edcola que exportaban hacia Europa, especialmente por los puertos alemanes de Hamburgo y Bremen.<\/p>\n\n\n\n<p>La tirantez pol\u00edtica y econ\u00f3mica desat\u00f3 enfrentamientos sangrientos en los cuales los del Partido Rojo (conservadores) en el gobierno aplastaban a los opositores del Partido Azul (liberales).<\/p>\n\n\n\n<p>En la regi\u00f3n oriental del pa\u00eds la \u00faltima rebeli\u00f3n opositora contra B\u00e1ez fue encabezada por el h\u00e9roe restaurador nativo de Yamas\u00e1 Eusebio Manzueta, quien fue &nbsp;capturado y fusilado el 12 de noviembre de 1873 por \u00f3rdenes del general Jos\u00e9 Caminero, el jefe pol\u00edtico y militar del baecismo en esa zona.<\/p>\n\n\n\n<p>En el suroeste el dictador Buenaventura B\u00e1ez form\u00f3 bandas de asesinos dirigidos por unos tales Llinito, Mand\u00e9, Solito, Musi\u00e9 y Ba\u00fal. Esos sujetos y sus secuaces masacraron a cientos de opositores.<\/p>\n\n\n\n<p>Ni el general Jos\u00e9 Mar\u00eda Cabral ni los dem\u00e1s l\u00edderes del Partido Azul lograron articular las fuerzas necesarias para vencer al caudillo rojo.<\/p>\n\n\n\n<p>Por eso tiene categor\u00eda de an\u00e9cdota pol\u00edtica que el desplome del cuarto gobierno de B\u00e1ez comenz\u00f3 cuando el 25 de noviembre de 1873 se rebelaron sus partidarios Ignacio Mar\u00eda Gonz\u00e1lez (entonces gobernador de Puerto Plata) y Manuel Altagracia C\u00e1ceres, quien era el pol\u00edtico baecista m\u00e1s prominente en el Cibao.<\/p>\n\n\n\n<p><strong>Enrique IV, una misa y un trono<\/strong><\/p>\n\n\n\n<p>Enrique III, de la dinast\u00eda de los Valois, fue asesinado el 2 de agosto de 1589 cuando s\u00f3lo ten\u00eda 37 a\u00f1os de edad. Le correspondi\u00f3 sucederlo como rey de Francia el que hasta entonces era el monarca de Navarra, que era de la estirpe Borb\u00f3n.<\/p>\n\n\n\n<figure class=\"wp-block-image size-full\"><img loading=\"lazy\" decoding=\"async\" width=\"198\" height=\"254\" src=\"https:\/\/diariodominicano.com\/wp-content\/uploads\/2022\/07\/EnriqueII.jpg\" alt=\"\" class=\"wp-image-370834\"\/><figcaption>Enrique III<\/figcaption><\/figure>\n\n\n\n<p>Hab\u00eda un problema religioso porque el sucesor era protestante y no pod\u00eda reinar sobre una sociedad cat\u00f3lica.<\/p>\n\n\n\n<p>Esa situaci\u00f3n desat\u00f3 una guerra, con r\u00edos de sangre en &nbsp;gran parte de la geograf\u00eda francesa. Hubo proclamas de prominentes l\u00edderes cat\u00f3licos que dec\u00edan preferir la muerte antes que coronar como rey de Francia a un protestante.<\/p>\n\n\n\n<p>Frente al empantanamiento de la situaci\u00f3n militar se escogi\u00f3 la v\u00eda diplom\u00e1tica, pues todos ten\u00edan presente \u201cla matanza de San Bartolom\u00e9\u201d, comenzada bajo la capa de la noche del 23 de agosto de 1572 contra miles de protestantes que viv\u00edan en Francia.<\/p>\n\n\n\n<p>El 1589 la capital francesa estaba sitiada por los hugonotes, como se les llamaba a los seguidores de la doctrina del te\u00f3logo protestante Jean Calvino.<\/p>\n\n\n\n<p>El jefe de las tropas francesas que defend\u00edan a la gran ciudad del r\u00edo Sena, Charles de Lorraine (Carlos de Lorena), tambi\u00e9n llamado el duque de Mayenne, proclam\u00f3 que el pretendiente a la Corona ten\u00eda dos opciones: o mataba, si pod\u00eda, a todos los rebeldes o se convert\u00eda al catolicismo.<\/p>\n\n\n\n<p>Poco despu\u00e9s Enrique IV abjur\u00f3 del protestantismo. Se declar\u00f3 cat\u00f3lico y comenzaron los preparativos para su instalaci\u00f3n como monarca franc\u00e9s.<\/p>\n\n\n\n<p>Fue en ese momento que Enrique IV produjo una an\u00e9cdota que ha perdurado hasta el presente, con m\u00faltiples aplicaciones en el quehacer humano:<\/p>\n\n\n\n<p><strong>-\u201cPar\u00eds bien vale una misa.\u201d<\/strong><\/p>\n\n\n\n<p>Mediante el Edito de Nantes de 1598 el &nbsp;referido rey fij\u00f3 el catolicismo como la religi\u00f3n del Estado franc\u00e9s, con tolerancia abierta al protestantismo.<\/p>\n\n\n\n<p>Los registros hist\u00f3ricos consignan que fue un soberano querido por la mayor\u00eda de los franceses. Ten\u00eda como uno de sus lemas populares: \u201c\u201d Un pollo en las ollas de todos los campesinos, todos los domingos.\u201d<\/p>\n\n\n\n<p>Su final fue tr\u00e1gico.Un fan\u00e1tico cat\u00f3lico lo asesin\u00f3 de dos pu\u00f1aladas el 14 de mayo de 1610.<\/p>\n\n\n\n<p>Te\u00f3filo Lappot<a target=\"_blank\" href=\"mailto:teofilolappot@hotmail.com\" rel=\"noreferrer noopener\">teofilolappot@hotmail.com<\/a><\/p>\n","protected":false},"excerpt":{"rendered":"<p>POR TE\u00d3FILO LAPPOT ROBLES Sobre los restos de Crist\u00f3bal Col\u00f3n A trav\u00e9s del tiempo se han creado una y mil pol\u00e9micas sobre el lugar donde est\u00e1n los restos del Almirante Crist\u00f3bal Col\u00f3n. En ocasiones el asunto ha tenido aspectos anecd\u00f3ticos de dimensiones hist\u00f3ricas y pol\u00edticas. Unos opinantes persisten en rechazar que sean de ese personaje [&hellip;]<\/p>\n","protected":false},"author":28,"featured_media":288809,"comment_status":"closed","ping_status":"","sticky":true,"template":"","format":"standard","meta":{"footnotes":""},"categories":[21,26],"tags":[],"class_list":["post-370806","post","type-post","status-publish","format-standard","has-post-thumbnail","hentry","category-cultura","category-efemerides"],"_links":{"self":[{"href":"https:\/\/diariodominicano.com\/index.php?rest_route=\/wp\/v2\/posts\/370806","targetHints":{"allow":["GET"]}}],"collection":[{"href":"https:\/\/diariodominicano.com\/index.php?rest_route=\/wp\/v2\/posts"}],"about":[{"href":"https:\/\/diariodominicano.com\/index.php?rest_route=\/wp\/v2\/types\/post"}],"author":[{"embeddable":true,"href":"https:\/\/diariodominicano.com\/index.php?rest_route=\/wp\/v2\/users\/28"}],"replies":[{"embeddable":true,"href":"https:\/\/diariodominicano.com\/index.php?rest_route=%2Fwp%2Fv2%2Fcomments&post=370806"}],"version-history":[{"count":11,"href":"https:\/\/diariodominicano.com\/index.php?rest_route=\/wp\/v2\/posts\/370806\/revisions"}],"predecessor-version":[{"id":370837,"href":"https:\/\/diariodominicano.com\/index.php?rest_route=\/wp\/v2\/posts\/370806\/revisions\/370837"}],"wp:featuredmedia":[{"embeddable":true,"href":"https:\/\/diariodominicano.com\/index.php?rest_route=\/wp\/v2\/media\/288809"}],"wp:attachment":[{"href":"https:\/\/diariodominicano.com\/index.php?rest_route=%2Fwp%2Fv2%2Fmedia&parent=370806"}],"wp:term":[{"taxonomy":"category","embeddable":true,"href":"https:\/\/diariodominicano.com\/index.php?rest_route=%2Fwp%2Fv2%2Fcategories&post=370806"},{"taxonomy":"post_tag","embeddable":true,"href":"https:\/\/diariodominicano.com\/index.php?rest_route=%2Fwp%2Fv2%2Ftags&post=370806"}],"curies":[{"name":"wp","href":"https:\/\/api.w.org\/{rel}","templated":true}]}}