{"id":370573,"date":"2022-07-22T00:21:00","date_gmt":"2022-07-22T04:21:00","guid":{"rendered":"http:\/\/diariodominicano.com\/?p=370573"},"modified":"2022-07-22T00:21:37","modified_gmt":"2022-07-22T04:21:37","slug":"fallece-el-periodista-poeta-y-abogado-freddy-gaton-arce","status":"publish","type":"post","link":"https:\/\/diariodominicano.com\/?p=370573","title":{"rendered":"Fallece el periodista, poeta y abogado  Freddy Gat\u00f3n Arce"},"content":{"rendered":"\n<p>Por HTN<\/p>\n\n\n\n<p>Diariodominicano.com<\/p>\n\n\n\n<p><strong>SANTO DOMINGO, el 22 de julio de 1994,<\/strong> falleci\u00f3 en ciudad Santo Domingo, el doctor Freddy Gat\u00f3n Arce.\u00a0 Se destac\u00f3 como abogado, periodista, poeta. Narrador y educador.<\/p>\n\n\n\n<p>&nbsp;&nbsp;&nbsp;&nbsp;&nbsp; Freddy Gat\u00f3n Arce fue el director fundador del peri\u00f3dico El Nacional de ahora. Al morir le sobreviven su esposa Luz y sus hijos Ivelisse y Julio.<\/p>\n\n\n\n<p>Naci\u00f3&nbsp; en San Pedro de Macor\u00eds el 22 marzo de 1920, hijo de Manuel Ascensi\u00f3n Gat\u00f3n Richiez y de Mar\u00eda Teresa Arce Arenas.<\/p>\n\n\n\n<p>&nbsp;De su vida, \u201cEscritores Dominicanos\u201d,&nbsp; destaca que fue Narrador, poeta, educador y abogado. Curs\u00f3 su educaci\u00f3n primaria y secundaria en su pueblo natal y se doctor\u00f3 en Derecho en la Universidad de Santo Domingo&nbsp; en 1946, donde luego fue profesor de la escuela de Derecho, director de la Escuela de Ciencias de la Informaci\u00f3n P\u00fablica, 1962,&nbsp; y vicedecano de la Facultad de Humanidades, 1966.<\/p>\n\n\n\n<p>De igual modo, imparti\u00f3 docencia&nbsp; en la Facultad de Ciencias Jur\u00eddicas de la Universidad Central del Este.<\/p>\n\n\n\n<p>Ejerci\u00f3 periodismo en&nbsp; el matutino El Caribe en 1949 y dirigi\u00f3 el peri\u00f3dico El Nacional de Ahora de 1966 a 1974. Como escritor perteneci\u00f3 al movimiento de&nbsp; la Poes\u00eda Sorprendida, llegando a dirigir la revista del mismo nombre auspiciada por&nbsp; el&nbsp; grupo entre e1994 y 1947.<\/p>\n\n\n\n<p>\u201cSu poema Vl\u00eda,&nbsp; lo sit\u00faa entre los mejores cultivadores de la prosa po\u00e9tica dominicana. El resto de su poes\u00eda, profundamente filos\u00f3fica y religiosa, trasciende la materialidad del ser humano para develar sus zonas existenciales m\u00e1s profundas.<\/p>\n\n\n\n<p>En 1980&nbsp; Freddy&nbsp; obtuvo el Premio Nacional de Poes\u00eda con Son guerras y amores. En 1994 fue admitido como miembro de la Academia Dominicana de la Lengua. Falleci\u00f3&nbsp; antes de pronunciar el discurso de ingreso.&nbsp;&nbsp;<\/p>\n\n\n\n<p><strong>&nbsp;De Freddy Cat\u00f3n<\/strong><\/p>\n\n\n\n<p>La enciclopedia de Historia y Cultura del Caribe&nbsp; \u201cEncaribe\u201d,&nbsp; destaca que en&nbsp; 1974&nbsp;y 1988 dirigi\u00f3 a iniciativa suya las reediciones de la colecci\u00f3n La Poes\u00eda Sorprendida.&nbsp; \u201cFue colaborador en el suplemento&nbsp;sabatino A suerte y verdad de El Caribe. Form\u00f3 parte&nbsp;de la Comisi\u00f3n Editorial de la Universidad Central del Este, que le&nbsp;otorg\u00f3 en 1984 el t\u00edtulo de Catedr\u00e1tico Honorario de la Facultad de Ciencias Jur\u00eddicas. En 1980 obtuvo el Premio Nacional de Poes\u00eda con Son guerras y amores. Fue miembro permanente de los Premios Siboney de Literatura para el g\u00e9nero de poes\u00eda. Desde el peri\u00f3dico El Nacional, fue un editorialista que combati\u00f3 la violaci\u00f3n de los derechos humanos. Dio cabida a los j\u00f3venes escritores en el suplemento cultural de ese diario, donde permiti\u00f3 espacios de orden grupal a los nacientes movimientos intelectuales encabezados por los grupos El Pu\u00f1o, La Antorcha y La M\u00e1scara\u201d.<\/p>\n\n\n\n<p>Anota que en 1991 la Universidad Nacional Pedro Henr\u00edquez Ure\u00f1a le otorg\u00f3 el t\u00edtulo de Profesor Honor\u00edfico de la&nbsp;Facultad de Humanidades y Educaci\u00f3n. En el mismo&nbsp; a\u00f1o, recibi\u00f3 una placa de reconocimiento&nbsp;de la Asociaci\u00f3n de Periodistas Profesionales, y en 1992 le otorgaron el Premio&nbsp;Caonabo de Oro de la Asociaci\u00f3n Dominicana de Periodistas y Escritores. Particip\u00f3 en reuniones culturales y&nbsp;period\u00edsticas celebradas en Colombia, Costa Rica, Ecuador, M\u00e9xico y Venezuela.<\/p>\n\n\n\n<p>Fraddy Gat\u00f3n fue&nbsp; miembro fundador de la Comunidad Latinoamericana&nbsp;de Escritores, con sede en Ciudad de M\u00e9xico. Su obra, que abri\u00f3 el camino hacia el surrealismo, pas\u00f3 a una visi\u00f3n social con su poema Adem\u00e1s son, en el cual desarroll\u00f3 la tem\u00e1tica iniciada muchos a\u00f1os antes por el poeta Federico Berm\u00fadez. Tambi\u00e9n escribi\u00f3 relatos en la l\u00ednea de tem\u00e1tica social. La Feria Internacional del libro de 2010 fue dedicada a su personalidad.<\/p>\n\n\n\n<p>\u00a0<strong>Obras de\u00a0 Freddy Gat\u00f3n<\/strong><\/p>\n\n\n\n<p><br><strong>Entre las\u00a0 obras de Freddy Gast\u00f3n Arce se destacan<\/strong> en poes\u00eda: \u00a0<em>Vl\u00eda, publicada en \u00a0<\/em>Santo Domingo: Ediciones Poes\u00eda Sorprendida, 1944;\u00a0<em>La leyenda de la muchacha<\/em>. Santo Domingo: Editora del Caribe, 1962.\u00a0<em>Poblana<\/em>. Santo Domingo: Editora de la Universidad Aut\u00f3noma de Santo Domingo, 1965;\u00a0<em>Magino Quezada<\/em>. Santo Domingo: Ediciones Emir, 1966;\u00a0<em>Retirohacia la luz<\/em>. Santo Domingo: Editora Taller, 1980,\u00a0 y <em>Son de guerra y amores.<\/em>\u00a0Santo Domingo: Editora Taller, 1980.\u00a0<\/p>\n\n\n\n<p>&nbsp;Tambi\u00e9n en la Editora Taller&nbsp; public\u00f3&nbsp; \u201c<em>Y con ayer tanto tiempo<\/em>. Santo Domingo,&nbsp; 1981;&nbsp;<em>El poniente<\/em>. Santo Domingo, 1982;&nbsp;<em>Cantos comunes<\/em>. Santo Domingo, 1983;&nbsp;<em>Estos d\u00edas de Tibar<\/em>. Santo Domingo, 1983.&nbsp;<em>De paso y otros poemas<\/em>. Santo Domingo, 1984;&nbsp;<em>Mirando el lagarto verde.<\/em>&nbsp;Santo Domingo, 1985 y&nbsp; <em>Los r\u00edos hacen boca-tengo sed<\/em>. Santo Domingo. Editora 1986.<\/p>\n\n\n\n<p>En Editora Taller tambi\u00e9n&nbsp; public\u00f3: <em>Celebraciones de cuatro vientos.&nbsp;<\/em>Santo Domingo, 1987, &nbsp;<em>Eras como entonces<\/em>. Santo Domingo, 1988;&nbsp;<em>Andanzas y memorias<\/em>. Santo Domingo, 1990;&nbsp;<em>La guerrillera Sila Cu\u00e1sar<\/em>, 1991;&nbsp;<em>La canci\u00f3n de la hetera.<\/em>&nbsp;Santo Domingo, 1992;&nbsp;y en&nbsp; 1993,&nbsp; <em>La Moneda del Pr\u00edncipe<\/em>.<br><br><br><\/p>\n","protected":false},"excerpt":{"rendered":"<p>Por HTN Diariodominicano.com SANTO DOMINGO, el 22 de julio de 1994, falleci\u00f3 en ciudad Santo Domingo, el doctor Freddy Gat\u00f3n Arce.\u00a0 Se destac\u00f3 como abogado, periodista, poeta. Narrador y educador. &nbsp;&nbsp;&nbsp;&nbsp;&nbsp; Freddy Gat\u00f3n Arce fue el director fundador del peri\u00f3dico El Nacional de ahora. Al morir le sobreviven su esposa Luz y sus hijos Ivelisse [&hellip;]<\/p>\n","protected":false},"author":28,"featured_media":370574,"comment_status":"closed","ping_status":"","sticky":true,"template":"","format":"standard","meta":{"footnotes":""},"categories":[26,27],"tags":[],"class_list":["post-370573","post","type-post","status-publish","format-standard","has-post-thumbnail","hentry","category-efemerides","category-portada"],"_links":{"self":[{"href":"https:\/\/diariodominicano.com\/index.php?rest_route=\/wp\/v2\/posts\/370573","targetHints":{"allow":["GET"]}}],"collection":[{"href":"https:\/\/diariodominicano.com\/index.php?rest_route=\/wp\/v2\/posts"}],"about":[{"href":"https:\/\/diariodominicano.com\/index.php?rest_route=\/wp\/v2\/types\/post"}],"author":[{"embeddable":true,"href":"https:\/\/diariodominicano.com\/index.php?rest_route=\/wp\/v2\/users\/28"}],"replies":[{"embeddable":true,"href":"https:\/\/diariodominicano.com\/index.php?rest_route=%2Fwp%2Fv2%2Fcomments&post=370573"}],"version-history":[{"count":3,"href":"https:\/\/diariodominicano.com\/index.php?rest_route=\/wp\/v2\/posts\/370573\/revisions"}],"predecessor-version":[{"id":370577,"href":"https:\/\/diariodominicano.com\/index.php?rest_route=\/wp\/v2\/posts\/370573\/revisions\/370577"}],"wp:featuredmedia":[{"embeddable":true,"href":"https:\/\/diariodominicano.com\/index.php?rest_route=\/wp\/v2\/media\/370574"}],"wp:attachment":[{"href":"https:\/\/diariodominicano.com\/index.php?rest_route=%2Fwp%2Fv2%2Fmedia&parent=370573"}],"wp:term":[{"taxonomy":"category","embeddable":true,"href":"https:\/\/diariodominicano.com\/index.php?rest_route=%2Fwp%2Fv2%2Fcategories&post=370573"},{"taxonomy":"post_tag","embeddable":true,"href":"https:\/\/diariodominicano.com\/index.php?rest_route=%2Fwp%2Fv2%2Ftags&post=370573"}],"curies":[{"name":"wp","href":"https:\/\/api.w.org\/{rel}","templated":true}]}}