{"id":370456,"date":"2022-07-21T18:58:57","date_gmt":"2022-07-21T22:58:57","guid":{"rendered":"http:\/\/diariodominicano.com\/?p=370456"},"modified":"2025-03-31T21:58:27","modified_gmt":"2025-04-01T01:58:27","slug":"rafael-mendez-leonel-se-proyecta-ganador-en-segunda-vuelta-y-podria-ganar-en-primera","status":"publish","type":"post","link":"https:\/\/diariodominicano.com\/?p=370456","title":{"rendered":"Rafael M\u00e9ndez: \u00abLeonel se proyecta ganador en segunda vuelta, y podr\u00eda ganar en primera\u00bb"},"content":{"rendered":"\n<p><\/p>\n\n\n\n<p>SANTO DOMINGO, RD.-  El escenario pol\u00edtico nacional proyecta que Leonel<br>Fern\u00e1ndez, l\u00edder de Fuerza del Pueblo, se proyecta como el candidato<br>que disputar\u00e1 el poder al presidente Luis Abinader en las elecciones<br>de 2024 en la segunda vuelta electoral.<\/p>\n\n\n\n<p>Rafael M\u00e9ndez, quien abandon\u00f3 el Partido de la Liberaci\u00f3n Dominicana<br>(PLD) para integrarse a Fuerza del Pueblo, argument\u00f3 que la \u00fanica<br>oportunidad que tiene el presidente Luis Abinader de ganar las<br>elecciones de 2024 es en primera vuelta, pero en una eventual segunda<br>vuelta la ventaja la tendr\u00eda el expresidente Fern\u00e1ndez.<\/p>\n\n\n\n<p>\u00abNosotros hicimos dos buenos gobiernos, con Leonel y con Danilo, el<br>pecado nuestro fue la corrupci\u00f3n. El PLD degener\u00f3, que convirti\u00f3 en<br>una masa amorfa en el cual todo el que ten\u00eda posibilidades de<br>busc\u00e1rselas se la busc\u00f3\u00bb, precis\u00f3.<\/p>\n\n\n\n<p>Dijo que Leonel Fern\u00e1ndez ha cambiado, y en el nuevo gobierno dejar\u00e1<br>atr\u00e1s las pol\u00edticas \u00abneoliberales\u00bb, ahora est\u00e1 en la onda progresista.<\/p>\n\n\n\n<p>A su parecer, Leonel Fern\u00e1ndez es el l\u00edder que cada d\u00eda gana m\u00e1s<br>apoyo, con su partido Fuerza del Pueblo, organizaci\u00f3n a la que se<br>est\u00e1n uniendo personas de todos los sectores sociales.<\/p>\n\n\n\n<p>\u00abHasta hoy, hasta hoy, no parece que haya un escenario de victoria en<br>primera vuelta&#8230; y en segunda vuelta Leonel Fern\u00e1ndez ser\u00e1 quien<br>compita con Luis Abinader\u00bb, expres\u00f3.<\/p>\n\n\n\n<p>Para Rafael M\u00e9ndez, en caso de una segunda vuelta electoral, la gran<br>mayor\u00eda de los pelede\u00edstas apoyar\u00e1 a Leonel Fern\u00e1ndez, lo que<br>reforzar\u00eda su posibilidad de derrotar al presidente Abinader.<\/p>\n\n\n\n<p>M\u00e9ndez, quien fue diputado del PLD por la provincia Bahoruco, dijo que<br>ese partido perdi\u00f3 el poder por la divisi\u00f3n, adem\u00e1s de que dej\u00f3 de<br>atender a los reclamos de la poblaci\u00f3n.<\/p>\n\n\n\n<p>Rafael M\u00e9ndez habl\u00f3 en el programa A PARTIR DE AHORA, de ACENTO TV.<\/p>\n","protected":false},"excerpt":{"rendered":"<p>SANTO DOMINGO, RD.- El escenario pol\u00edtico nacional proyecta que LeonelFern\u00e1ndez, l\u00edder de Fuerza del Pueblo, se proyecta como el candidatoque disputar\u00e1 el poder al presidente Luis Abinader en las eleccionesde 2024 en la segunda vuelta electoral. Rafael M\u00e9ndez, quien abandon\u00f3 el Partido de la Liberaci\u00f3n Dominicana(PLD) para integrarse a Fuerza del Pueblo, argument\u00f3 que la [&hellip;]<\/p>\n","protected":false},"author":28,"featured_media":370457,"comment_status":"closed","ping_status":"closed","sticky":false,"template":"","format":"standard","meta":{"footnotes":""},"categories":[22],"tags":[178],"class_list":["post-370456","post","type-post","status-publish","format-standard","has-post-thumbnail","hentry","category-politica","tag-rafael-mendez"],"_links":{"self":[{"href":"https:\/\/diariodominicano.com\/index.php?rest_route=\/wp\/v2\/posts\/370456","targetHints":{"allow":["GET"]}}],"collection":[{"href":"https:\/\/diariodominicano.com\/index.php?rest_route=\/wp\/v2\/posts"}],"about":[{"href":"https:\/\/diariodominicano.com\/index.php?rest_route=\/wp\/v2\/types\/post"}],"author":[{"embeddable":true,"href":"https:\/\/diariodominicano.com\/index.php?rest_route=\/wp\/v2\/users\/28"}],"replies":[{"embeddable":true,"href":"https:\/\/diariodominicano.com\/index.php?rest_route=%2Fwp%2Fv2%2Fcomments&post=370456"}],"version-history":[{"count":1,"href":"https:\/\/diariodominicano.com\/index.php?rest_route=\/wp\/v2\/posts\/370456\/revisions"}],"predecessor-version":[{"id":370458,"href":"https:\/\/diariodominicano.com\/index.php?rest_route=\/wp\/v2\/posts\/370456\/revisions\/370458"}],"wp:featuredmedia":[{"embeddable":true,"href":"https:\/\/diariodominicano.com\/index.php?rest_route=\/wp\/v2\/media\/370457"}],"wp:attachment":[{"href":"https:\/\/diariodominicano.com\/index.php?rest_route=%2Fwp%2Fv2%2Fmedia&parent=370456"}],"wp:term":[{"taxonomy":"category","embeddable":true,"href":"https:\/\/diariodominicano.com\/index.php?rest_route=%2Fwp%2Fv2%2Fcategories&post=370456"},{"taxonomy":"post_tag","embeddable":true,"href":"https:\/\/diariodominicano.com\/index.php?rest_route=%2Fwp%2Fv2%2Ftags&post=370456"}],"curies":[{"name":"wp","href":"https:\/\/api.w.org\/{rel}","templated":true}]}}