{"id":370048,"date":"2022-07-19T23:22:51","date_gmt":"2022-07-20T03:22:51","guid":{"rendered":"http:\/\/diariodominicano.com\/?p=370048"},"modified":"2022-07-19T23:23:20","modified_gmt":"2022-07-20T03:23:20","slug":"en-puerto-plata-tambien-proclaman-a-duarte-presidente-de-la-republica","status":"publish","type":"post","link":"https:\/\/diariodominicano.com\/?p=370048","title":{"rendered":"En Puerto Plata tambi\u00e9n proclaman a Duarte presidente de la Rep\u00fablica"},"content":{"rendered":"\n<p>PUERTO PLATA, el 20 de julio de 1844, ciudadanos de Puerto Plata proclamaron a Juan Pablo Duarte, Presidente de la Rep\u00fablica.<\/p>\n\n\n\n<p>&nbsp; Duarte agradeci\u00f3 la manifestaci\u00f3n de la comunidad puertoplate\u00f1a: \u201cMe hab\u00e9is dado una prueba inequ\u00edvoca de vuestro amor, y mi coraz\u00f3n agradecido debe d\u00e1rosla de gratitud. Ella es ardiente como los votos que formo por vuestra felicidad. Sed felices hijos de Puerto Plata, y mi coraz\u00f3n estar\u00e1 satisfecho aun exonerado del mundo que quer\u00e9is que obtenga\u201d. (sic)<\/p>\n\n\n\n<p>&nbsp;&nbsp;&nbsp; Duarte se encontraba en el Cibao desde el d\u00eda 20 de Junio cuando inici\u00f3 un viaje por&nbsp; la regi\u00f3n del Cibao, con la misi\u00f3n de orientar a sus ciudadanos sobre la realidad que viv\u00eda la nueva Rep\u00fablica.<\/p>\n\n\n\n<p>Los&nbsp; conservadores promov\u00edan un proyecto para convertir&nbsp; la Rep\u00fablica Dominicana&nbsp; en un protectorado de Francia, lo que hab\u00eda creado mucha confusi\u00f3n en el Cibao.<\/p>\n\n\n\n<p>&nbsp;&nbsp; La proclamaci\u00f3n de Duarte, en Puerto Plata,&nbsp; se produjo en un momento que los conservadores retomaron en la ciudad de Santo Domingo,&nbsp; el control de la Junta Central Gubernativa, pero la informaci\u00f3n no se conoc\u00eda en Puerto Plata, porque en ese momento la reci\u00e9n fundada Rep\u00fablica Dominicana, s\u00f3lo ten\u00eda comunicaci\u00f3n por la v\u00eda terrestre.<\/p>\n\n\n\n<p>&nbsp;&nbsp;&nbsp;&nbsp;&nbsp;&nbsp; Duarte y Mella se enteraron de la noticia varios d\u00edas despu\u00e9s.<\/p>\n\n\n\n<p>&nbsp;&nbsp; El 16 de julio de 1844, Pedro Santana entr\u00f3 a la ciudad de Santo Domingo, con su Ej\u00e9rcito de 12 mil hombres y dio un golpe a&nbsp; la Junta Central Gubernativa, presidida por Francisco del Rosario S\u00e1nchez.<\/p>\n\n\n\n<p>&nbsp;&nbsp;&nbsp; El 9 de junio de 1844, los trinitarios liderados por&nbsp; Duarte, dieron un golpe contra la Junta presidida por Tom\u00e1s Bobadilla, quien fue reemplazado por el general Francisco del Rosario S\u00e1nchez.<\/p>\n\n\n\n<p>&nbsp;&nbsp;&nbsp; Tambi\u00e9n fueron sacados del organismo de Gobierno, Jos\u00e9 Mar\u00eda Caminero, Francisco Javier Abreu y Francisco Ruiz.<\/p>\n\n\n\n<p>&nbsp;&nbsp;&nbsp; En su lugar fueron designados los trinitarios Pedro Alejandrino Pina, Manuel Mar\u00eda Valverde y Juan Isidro P\u00e9rez.<\/p>\n","protected":false},"excerpt":{"rendered":"<p>PUERTO PLATA, el 20 de julio de 1844, ciudadanos de Puerto Plata proclamaron a Juan Pablo Duarte, Presidente de la Rep\u00fablica. &nbsp; Duarte agradeci\u00f3 la manifestaci\u00f3n de la comunidad puertoplate\u00f1a: \u201cMe hab\u00e9is dado una prueba inequ\u00edvoca de vuestro amor, y mi coraz\u00f3n agradecido debe d\u00e1rosla de gratitud. Ella es ardiente como los votos que formo [&hellip;]<\/p>\n","protected":false},"author":28,"featured_media":369260,"comment_status":"closed","ping_status":"","sticky":true,"template":"","format":"standard","meta":{"footnotes":""},"categories":[26,27],"tags":[],"class_list":["post-370048","post","type-post","status-publish","format-standard","has-post-thumbnail","hentry","category-efemerides","category-portada"],"_links":{"self":[{"href":"https:\/\/diariodominicano.com\/index.php?rest_route=\/wp\/v2\/posts\/370048","targetHints":{"allow":["GET"]}}],"collection":[{"href":"https:\/\/diariodominicano.com\/index.php?rest_route=\/wp\/v2\/posts"}],"about":[{"href":"https:\/\/diariodominicano.com\/index.php?rest_route=\/wp\/v2\/types\/post"}],"author":[{"embeddable":true,"href":"https:\/\/diariodominicano.com\/index.php?rest_route=\/wp\/v2\/users\/28"}],"replies":[{"embeddable":true,"href":"https:\/\/diariodominicano.com\/index.php?rest_route=%2Fwp%2Fv2%2Fcomments&post=370048"}],"version-history":[{"count":1,"href":"https:\/\/diariodominicano.com\/index.php?rest_route=\/wp\/v2\/posts\/370048\/revisions"}],"predecessor-version":[{"id":370049,"href":"https:\/\/diariodominicano.com\/index.php?rest_route=\/wp\/v2\/posts\/370048\/revisions\/370049"}],"wp:featuredmedia":[{"embeddable":true,"href":"https:\/\/diariodominicano.com\/index.php?rest_route=\/wp\/v2\/media\/369260"}],"wp:attachment":[{"href":"https:\/\/diariodominicano.com\/index.php?rest_route=%2Fwp%2Fv2%2Fmedia&parent=370048"}],"wp:term":[{"taxonomy":"category","embeddable":true,"href":"https:\/\/diariodominicano.com\/index.php?rest_route=%2Fwp%2Fv2%2Fcategories&post=370048"},{"taxonomy":"post_tag","embeddable":true,"href":"https:\/\/diariodominicano.com\/index.php?rest_route=%2Fwp%2Fv2%2Ftags&post=370048"}],"curies":[{"name":"wp","href":"https:\/\/api.w.org\/{rel}","templated":true}]}}