{"id":370046,"date":"2022-07-19T23:20:30","date_gmt":"2022-07-20T03:20:30","guid":{"rendered":"http:\/\/diariodominicano.com\/?p=370046"},"modified":"2022-07-20T23:23:06","modified_gmt":"2022-07-21T03:23:06","slug":"juan-duarte-y-companeros-en-clandestinidad-para-evadir-persecucion-del-gobierno-de-haiti","status":"publish","type":"post","link":"https:\/\/diariodominicano.com\/?p=370046","title":{"rendered":"Juan Duarte y compa\u00f1eros en clandestinidad para evadir persecuci\u00f3n del Gobierno de Hait\u00ed"},"content":{"rendered":"\n<p><strong>Por H\u00e9ctor Tineo Nolasco<\/strong><\/p>\n\n\n\n<p><strong>Diariodominicano.com<\/strong><\/p>\n\n\n\n<p>&nbsp;SANTO DOMINGO, el 20 de julio de 1843, Juan Pablo Duarte y los principales miembros de la Trinitaria, permanecieron ocultos en la ciudad de Santo Domingo, para evitar ser detenidos por los militares del Gobierno de Hait\u00ed.<\/p>\n\n\n\n<p>&nbsp;&nbsp;&nbsp; Duarte se encontraba escondido desde el d\u00eda 16 de julio de 1843 en la residencia del ciudadano Eusebio Puello. El mismo d\u00eda 20 de julio, Pedro Alejandrino Pina sali\u00f3 de su refugi\u00f3 y se traslad\u00f3 a su hogar, pero tuvo que buscar otra residencia para evadir la represi\u00f3n de los militares haitianos.<\/p>\n\n\n\n<p>&nbsp; <strong>Juan Isidro P\u00e9rez se aloj\u00f3 en la residencia de don Jos\u00e9 Arias.<\/strong><strong> <\/strong><strong>En \u201cApuntes para la Historia de la isla de Santo Domingo\u201d,&nbsp; Rosa Duarte, hermana del patricio Juan Pablo Duarte&nbsp; afirma que el Gobierno haitiano aument\u00f3 la represi\u00f3n a partir del d\u00eda 18 de julio de 1843.<\/strong><strong><\/strong><\/p>\n\n\n\n<p>&nbsp;&nbsp;&nbsp;&nbsp;&nbsp; \u201cLas c\u00e1rceles se llenaban de patriotas; las prisiones no s\u00f3lo se hac\u00edan en Santo Domingo; en los dem\u00e1s pueblos se hac\u00edan la misma persecuci\u00f3n\u201d. (SIC)<\/p>\n\n\n\n<p>&nbsp;&nbsp;&nbsp;&nbsp; Los trinitarios liderados por Juan Pablo Duarte eran perseguidos porque el Gobierno haitiano recibi\u00f3 informes de que gestaban un movimiento para fundar una Rep\u00fablica libre y soberana.<\/p>\n","protected":false},"excerpt":{"rendered":"<p>Por H\u00e9ctor Tineo Nolasco Diariodominicano.com &nbsp;SANTO DOMINGO, el 20 de julio de 1843, Juan Pablo Duarte y los principales miembros de la Trinitaria, permanecieron ocultos en la ciudad de Santo Domingo, para evitar ser detenidos por los militares del Gobierno de Hait\u00ed. &nbsp;&nbsp;&nbsp; Duarte se encontraba escondido desde el d\u00eda 16 de julio de 1843 [&hellip;]<\/p>\n","protected":false},"author":28,"featured_media":327185,"comment_status":"closed","ping_status":"","sticky":true,"template":"","format":"standard","meta":{"footnotes":""},"categories":[26,27],"tags":[],"class_list":["post-370046","post","type-post","status-publish","format-standard","has-post-thumbnail","hentry","category-efemerides","category-portada"],"_links":{"self":[{"href":"https:\/\/diariodominicano.com\/index.php?rest_route=\/wp\/v2\/posts\/370046","targetHints":{"allow":["GET"]}}],"collection":[{"href":"https:\/\/diariodominicano.com\/index.php?rest_route=\/wp\/v2\/posts"}],"about":[{"href":"https:\/\/diariodominicano.com\/index.php?rest_route=\/wp\/v2\/types\/post"}],"author":[{"embeddable":true,"href":"https:\/\/diariodominicano.com\/index.php?rest_route=\/wp\/v2\/users\/28"}],"replies":[{"embeddable":true,"href":"https:\/\/diariodominicano.com\/index.php?rest_route=%2Fwp%2Fv2%2Fcomments&post=370046"}],"version-history":[{"count":1,"href":"https:\/\/diariodominicano.com\/index.php?rest_route=\/wp\/v2\/posts\/370046\/revisions"}],"predecessor-version":[{"id":370047,"href":"https:\/\/diariodominicano.com\/index.php?rest_route=\/wp\/v2\/posts\/370046\/revisions\/370047"}],"wp:featuredmedia":[{"embeddable":true,"href":"https:\/\/diariodominicano.com\/index.php?rest_route=\/wp\/v2\/media\/327185"}],"wp:attachment":[{"href":"https:\/\/diariodominicano.com\/index.php?rest_route=%2Fwp%2Fv2%2Fmedia&parent=370046"}],"wp:term":[{"taxonomy":"category","embeddable":true,"href":"https:\/\/diariodominicano.com\/index.php?rest_route=%2Fwp%2Fv2%2Fcategories&post=370046"},{"taxonomy":"post_tag","embeddable":true,"href":"https:\/\/diariodominicano.com\/index.php?rest_route=%2Fwp%2Fv2%2Ftags&post=370046"}],"curies":[{"name":"wp","href":"https:\/\/api.w.org\/{rel}","templated":true}]}}