{"id":36991,"date":"2020-07-29T23:09:58","date_gmt":"2020-07-29T23:09:58","guid":{"rendered":"http:\/\/diariodominicano.ddns.net\/?p=36991"},"modified":"2020-07-29T23:09:58","modified_gmt":"2020-07-29T23:09:58","slug":"dificil-transicion","status":"publish","type":"post","link":"https:\/\/diariodominicano.com\/?p=36991","title":{"rendered":"Dif\u00edcil transici\u00f3n"},"content":{"rendered":"<p><body><\/p>\n<p><strong>Diariodominicano.com<\/strong><\/p>\n<p><strong>A Pleno Sol<\/strong><\/p>\n<p><strong>Dif\u00edcil transici\u00f3n<\/strong><\/p>\n<p><strong>Por Manuel Hern\u00e1ndez Villeta<\/strong><\/p>\n<\/p>\n<\/p>\n<p>En  una democracia que no pasa de ser un espejismo, como la dominicana, no hay fundamentos institucionales y por consiguiente la \u00e9tica y la moral se interpretan de acuerdo al temperamento del ejecutante. Hay que estructurar bases s\u00f3lidas para que esa democracia nazca.<\/p>\n<\/p>\n<p>Si se va a hablar de avances democr\u00e1ticos en el pa\u00eds, obligatoriamente se tiene que pasar la vista  en el siglo 21. El todav\u00eda cercano siglo 20 fue el de los gobiernos dictatoriales,  los s\u00e1trapas ilustrados y el populismo dirigiendo la vida p\u00fablica.<\/p>\n<\/p>\n<p>A todo lo largo del siglo 20, la democracia fue fulminada por la soberbia de los dictadores, o los que buscaron imponer tendencias dentro de sus partidos para alcanzar el poder.<\/p>\n<\/p>\n<p>De ah\u00ed  la vieja consigna que todav\u00eda sale a la palestra: el Estado ni agradece ni reconoce. Es una forma de hacer lo que le d\u00e9 la gana a cada cual, y los otros el dejar hacer y el dejar pasar. As\u00ed ning\u00fan pa\u00eds tendr\u00e1 la fuerza suficiente para lograr su institucionalizaci\u00f3n.<\/p>\n<\/p>\n<p>A pesar de que en todos los cambios de gobierno  se dan choques en el per\u00edodo de transici\u00f3n al legislador  no se le ha ocurrido normar ese per\u00edodo mediante amarres de leyes apegadas a la Constituci\u00f3n. Mientras eso no pase, un gobernante tiene todo el derecho de hacer lo que quiera, sin violar las leyes, hasta la hora en que expire su mandato.<\/p>\n<\/p>\n<p>Sin embargo, las pol\u00e9micas en torno a ese caso pecan de infantiles y meramente populistas. Los decretos de una administraci\u00f3n pueden ser revisados  y eliminados de un plumazo por los nuevos gobernantes.<\/p>\n<\/p>\n<p>Donde no se palpa una violaci\u00f3n constitucional,  todo queda al capricho, el deseo y las necesidades de una persona. Mientras un presidente est\u00e9 en el cargo, nadie  de forma personal y partidista le puede imponer l\u00edmites a su mandato. La \u00fanica que lo puede parar es la Constituci\u00f3n.<\/p>\n<\/p>\n<p>Ahora mismo, en medio de la mayor crisis econ\u00f3mica de nuestra historia reciente, y un problema de salud que amenaza a todos con ir a la tumba, el momento no es para pol\u00e9micas in\u00fatiles. Se debe dar una integraci\u00f3n de trabajo entre el presidente saliente y el entrante. Eso es lo ideal.<\/p>\n<\/p>\n<p>En vez de enfrentamientos f\u00fatiles, tiene que haber armon\u00eda para seguir adelante. Los estragos causados por la pandemia, en los renglones de salud y en la econom\u00eda, no se van a terminar el 16 de agosto, ni habr\u00e1 soluciones milagrosas.<\/p>\n<\/p>\n<p>Por el contrario, el trabajo ser\u00e1 arduo y dif\u00edcil. Lo que se necesita ahora es lograr mantener la armon\u00eda en la transici\u00f3n y luego del 16, si se cree necesario eliminar por decreto las acciones con las que no se est\u00e9 de acuerdo. Sin concertaci\u00f3n,. No podremos salir adelante. \u00a1Ay!, se me acab\u00f3 la tinta<\/p>\n<\/p>\n<h6> 2020-07-29 23:09:58 <\/h6>\n<p><!--\n<link rel=\"stylesheet\" href=\"css\/bootstrap.min.css\">\n\n\n<ul class=\"pagination\">\n\t    \n\t\n\n<li >\n\t<a href='?page_no=127'>Previous<\/a>\n\t<\/li>\n\n\n       \n    \n\n<li><a href='?page_no=1'>1<\/a><\/li>\n\n\n\n<li><a href='?page_no=2'>2<\/a><\/li>\n\n\n\n<li><a>...<\/a><\/li>\n\n\n\n<li><a href='?page_no=126'>126<\/a><\/li>\n\n\n\n<li><a href='?page_no=127'>127<\/a><\/li>\n\n\n\n<li class='active'><a>128<\/a><\/li>\n\n\n\n<li><a href='?page_no=129'>129<\/a><\/li>\n\n\n\n<li><a href='?page_no=130'>130<\/a><\/li>\n\n\n\n<li><a>...<\/a><\/li>\n\n\n\n<li><a href='?page_no=13611'>13611<\/a><\/li>\n\n\n\n<li><a href='?page_no=13612'>13612<\/a><\/li>\n\n    \n\t\n\n<li >\n\t<a href='?page_no=129'>Next<\/a>\n\t<\/li>\n\n\n    \n\n<li><a href='?page_no=13612'>Last &rsaquo;&rsaquo;<\/a><\/li>\n\n<\/ul>\n\n\n--><br \/>\n<\/body><\/p>\n","protected":false},"excerpt":{"rendered":"<p>Diariodominicano.com A Pleno Sol Dif\u00edcil transici\u00f3n Por Manuel Hern\u00e1ndez Villeta En una democracia que no pasa de ser un espejismo, como la dominicana, no hay fundamentos institucionales y por consiguiente la \u00e9tica y la moral se interpretan de acuerdo al temperamento del ejecutante. Hay que estructurar bases s\u00f3lidas para que esa democracia nazca. Si se [&hellip;]<\/p>\n","protected":false},"author":3,"featured_media":0,"comment_status":"open","ping_status":"open","sticky":false,"template":"","format":"standard","meta":{"footnotes":""},"categories":[16],"tags":[],"class_list":["post-36991","post","type-post","status-publish","format-standard","hentry","category-opiniones"],"_links":{"self":[{"href":"https:\/\/diariodominicano.com\/index.php?rest_route=\/wp\/v2\/posts\/36991","targetHints":{"allow":["GET"]}}],"collection":[{"href":"https:\/\/diariodominicano.com\/index.php?rest_route=\/wp\/v2\/posts"}],"about":[{"href":"https:\/\/diariodominicano.com\/index.php?rest_route=\/wp\/v2\/types\/post"}],"author":[{"embeddable":true,"href":"https:\/\/diariodominicano.com\/index.php?rest_route=\/wp\/v2\/users\/3"}],"replies":[{"embeddable":true,"href":"https:\/\/diariodominicano.com\/index.php?rest_route=%2Fwp%2Fv2%2Fcomments&post=36991"}],"version-history":[{"count":0,"href":"https:\/\/diariodominicano.com\/index.php?rest_route=\/wp\/v2\/posts\/36991\/revisions"}],"wp:attachment":[{"href":"https:\/\/diariodominicano.com\/index.php?rest_route=%2Fwp%2Fv2%2Fmedia&parent=36991"}],"wp:term":[{"taxonomy":"category","embeddable":true,"href":"https:\/\/diariodominicano.com\/index.php?rest_route=%2Fwp%2Fv2%2Fcategories&post=36991"},{"taxonomy":"post_tag","embeddable":true,"href":"https:\/\/diariodominicano.com\/index.php?rest_route=%2Fwp%2Fv2%2Ftags&post=36991"}],"curies":[{"name":"wp","href":"https:\/\/api.w.org\/{rel}","templated":true}]}}