{"id":369815,"date":"2022-07-19T08:20:51","date_gmt":"2022-07-19T12:20:51","guid":{"rendered":"http:\/\/diariodominicano.com\/?p=369815"},"modified":"2022-07-19T08:27:05","modified_gmt":"2022-07-19T12:27:05","slug":"uruguay-conmemora-192o-aniversario-de-jura-de-la-constitucion","status":"publish","type":"post","link":"https:\/\/diariodominicano.com\/?p=369815","title":{"rendered":"Uruguay conmemora 192\u00ba aniversario de Jura de la Constituci\u00f3n"},"content":{"rendered":"\n<p><em>spanish.news.cn<\/em>|<em>&nbsp;2022-07-19 04:53:26<\/em>|<\/p>\n\n\n\n<p>Elementos del Ej\u00e9rcito uruguayo, participan durante un acto para conmemorar el 192 aniversario de la Jura de la Constituci\u00f3n, en la plaza Constituci\u00f3n, en Montevideo, capital de Uruguay, el 18 de julio de 2022. El acto incluy\u00f3 un desfile c\u00edvico militar. (Xinhua\/Nicol\u00e1s Celaya)&nbsp;<\/p>\n\n\n\n<p>MONTEVIDEO, 18 jul (Xinhua) &#8212; El presidente de Uruguay, Luis Lacalle Pou, encabez\u00f3 hoy lunes en Montevideo la conmemoraci\u00f3n del 192\u00ba aniversario de la Jura de la Constituci\u00f3n.<\/p>\n\n\n\n<p>El acto y posterior desfile c\u00edvico-militar se desarrollaron hoy por la ma\u00f1ana en la plaza Constituci\u00f3n, en la Ciudad Vieja, frente al hist\u00f3rico edificio del Cabildo, en cuyos balcones se prest\u00f3 juramento a la primera Constituci\u00f3n.<\/p>\n\n\n\n<p>En un discurso que ofreci\u00f3 en nombre del Poder Ejecutivo, el ministro de Salud P\u00fablica, Daniel Salinas, resalt\u00f3 que el 18 de julio de 1830 fue un \u00abhito hist\u00f3rico\u00bb en el que naci\u00f3 la rep\u00fablica.<\/p>\n\n\n\n<p>Hace 192 a\u00f1os comenz\u00f3 la \u00abvida democr\u00e1tica del Estado\u00bb, se consagr\u00f3 la separaci\u00f3n de los poderes y se reconocieron los derechos individuales, destac\u00f3 Salinas.<\/p>\n\n\n\n<p>El ministro resalt\u00f3 el \u00abv\u00ednculo fraterno\u00bb generado en 2020 \u00abentre gobernantes, cient\u00edficos, acad\u00e9micos, sindicalistas, empresarios y ciudadan\u00eda\u00bb para enfrentar las consecuencias de la pandemia del nuevo coronavirus (COVID-19).<\/p>\n\n\n\n<p>\u00abUn d\u00eda tras otro fuimos tomando decisiones, solucionando problemas y mirando hacia adelante. Hoy sabemos que el pueblo uruguayo fue ejemplo para el mundo por su solidaridad en respuesta a la pandemia\u00bb, subray\u00f3.<\/p>\n\n\n\n<p>En la ceremonia participaron ministros del gabinete y funcionarios de las Fuerzas Armadas y otros poderes del Estado.&nbsp;<\/p>\n\n\n\n<figure class=\"wp-block-image size-full\"><img loading=\"lazy\" decoding=\"async\" width=\"1023\" height=\"682\" src=\"https:\/\/diariodominicano.com\/wp-content\/uploads\/2022\/07\/62982d1e145b4f2a85b454d21ff91b2a.png\" alt=\"\" class=\"wp-image-369817\" srcset=\"https:\/\/diariodominicano.com\/wp-content\/uploads\/2022\/07\/62982d1e145b4f2a85b454d21ff91b2a.png 1023w, https:\/\/diariodominicano.com\/wp-content\/uploads\/2022\/07\/62982d1e145b4f2a85b454d21ff91b2a-300x200.png 300w, https:\/\/diariodominicano.com\/wp-content\/uploads\/2022\/07\/62982d1e145b4f2a85b454d21ff91b2a-768x512.png 768w, https:\/\/diariodominicano.com\/wp-content\/uploads\/2022\/07\/62982d1e145b4f2a85b454d21ff91b2a-816x544.png 816w\" sizes=\"auto, (max-width: 1023px) 100vw, 1023px\" \/><\/figure>\n\n\n\n<p>MONTEVIDEO, 18 julio, 2022 (Xinhua) &#8212; El presidente uruguayo, Luis Lacalle Pou (i), participa durante un acto para conmemorar el 192 aniversario de la Jura de la Constituci\u00f3n, en la plaza Constituci\u00f3n, en Montevideo, capital de Uruguay, el 18 de julio de 2022. El acto incluy\u00f3 un desfile c\u00edvico militar. (Xinhua\/Nicol\u00e1s Celaya)\u00a0<\/p>\n\n\n\n<figure class=\"wp-block-image size-full\"><img loading=\"lazy\" decoding=\"async\" width=\"1023\" height=\"682\" src=\"https:\/\/diariodominicano.com\/wp-content\/uploads\/2022\/07\/2d95ce4c99d0424a8d6bce4853087a78.png\" alt=\"\" class=\"wp-image-369819\" srcset=\"https:\/\/diariodominicano.com\/wp-content\/uploads\/2022\/07\/2d95ce4c99d0424a8d6bce4853087a78.png 1023w, https:\/\/diariodominicano.com\/wp-content\/uploads\/2022\/07\/2d95ce4c99d0424a8d6bce4853087a78-300x200.png 300w, https:\/\/diariodominicano.com\/wp-content\/uploads\/2022\/07\/2d95ce4c99d0424a8d6bce4853087a78-768x512.png 768w, https:\/\/diariodominicano.com\/wp-content\/uploads\/2022\/07\/2d95ce4c99d0424a8d6bce4853087a78-816x544.png 816w\" sizes=\"auto, (max-width: 1023px) 100vw, 1023px\" \/><\/figure>\n\n\n\n<p>MONTEVIDEO, 18 julio, 2022 (Xinhua) &#8212; El presidente uruguayo, Luis Lacalle Pou (c), participa durante un acto para conmemorar el 192 aniversario de la Jura de la Constituci\u00f3n, en la plaza Constituci\u00f3n, en Montevideo, capital de Uruguay, el 18 de julio de 2022. El acto incluy\u00f3 un desfile c\u00edvico militar. (Xinhua\/Nicol\u00e1s Celaya)\u00a0<\/p>\n\n\n\n<figure class=\"wp-block-image size-full\"><img loading=\"lazy\" decoding=\"async\" width=\"1023\" height=\"682\" src=\"https:\/\/diariodominicano.com\/wp-content\/uploads\/2022\/07\/3ec287dbd87c41cd81548f57424fb235.png\" alt=\"\" class=\"wp-image-369821\" srcset=\"https:\/\/diariodominicano.com\/wp-content\/uploads\/2022\/07\/3ec287dbd87c41cd81548f57424fb235.png 1023w, https:\/\/diariodominicano.com\/wp-content\/uploads\/2022\/07\/3ec287dbd87c41cd81548f57424fb235-300x200.png 300w, https:\/\/diariodominicano.com\/wp-content\/uploads\/2022\/07\/3ec287dbd87c41cd81548f57424fb235-768x512.png 768w, https:\/\/diariodominicano.com\/wp-content\/uploads\/2022\/07\/3ec287dbd87c41cd81548f57424fb235-816x544.png 816w\" sizes=\"auto, (max-width: 1023px) 100vw, 1023px\" \/><\/figure>\n\n\n\n<p>MONTEVIDEO, 18 julio, 2022 (Xinhua) &#8212; El presidente uruguayo, Luis Lacalle Pou, participa durante un acto para conmemorar el 192 aniversario de la Jura de la Constituci\u00f3n, en la plaza Constituci\u00f3n, en Montevideo, capital de Uruguay, el 18 de julio de 2022. El acto incluy\u00f3 un desfile c\u00edvico militar. (Xinhua\/Nicol\u00e1s Celaya)\u00a0<\/p>\n\n\n\n<figure class=\"wp-block-image size-full\"><img loading=\"lazy\" decoding=\"async\" width=\"1023\" height=\"682\" src=\"https:\/\/diariodominicano.com\/wp-content\/uploads\/2022\/07\/e1dd8f1736f84215abb1da81b9c836f5.png\" alt=\"\" class=\"wp-image-369823\" srcset=\"https:\/\/diariodominicano.com\/wp-content\/uploads\/2022\/07\/e1dd8f1736f84215abb1da81b9c836f5.png 1023w, https:\/\/diariodominicano.com\/wp-content\/uploads\/2022\/07\/e1dd8f1736f84215abb1da81b9c836f5-300x200.png 300w, https:\/\/diariodominicano.com\/wp-content\/uploads\/2022\/07\/e1dd8f1736f84215abb1da81b9c836f5-768x512.png 768w, https:\/\/diariodominicano.com\/wp-content\/uploads\/2022\/07\/e1dd8f1736f84215abb1da81b9c836f5-816x544.png 816w\" sizes=\"auto, (max-width: 1023px) 100vw, 1023px\" \/><\/figure>\n\n\n\n<p>MONTEVIDEO, 18 julio, 2022 (Xinhua) &#8212; Elementos del Ej\u00e9rcito uruguayo, participan durante un acto para conmemorar el 192 aniversario de la Jura de la Constituci\u00f3n, en la plaza Constituci\u00f3n, en Montevideo, capital de Uruguay, el 18 de julio de 2022. El acto incluy\u00f3 un desfile c\u00edvico militar. (Xinhua\/Nicol\u00e1s Celaya)<\/p>\n\n\n\n<figure class=\"wp-block-image size-full\"><img loading=\"lazy\" decoding=\"async\" width=\"1023\" height=\"682\" src=\"https:\/\/diariodominicano.com\/wp-content\/uploads\/2022\/07\/d5512151eea74bb1a6bf3be87fa6c8e5.png\" alt=\"\" class=\"wp-image-369824\" srcset=\"https:\/\/diariodominicano.com\/wp-content\/uploads\/2022\/07\/d5512151eea74bb1a6bf3be87fa6c8e5.png 1023w, https:\/\/diariodominicano.com\/wp-content\/uploads\/2022\/07\/d5512151eea74bb1a6bf3be87fa6c8e5-300x200.png 300w, https:\/\/diariodominicano.com\/wp-content\/uploads\/2022\/07\/d5512151eea74bb1a6bf3be87fa6c8e5-768x512.png 768w, https:\/\/diariodominicano.com\/wp-content\/uploads\/2022\/07\/d5512151eea74bb1a6bf3be87fa6c8e5-816x544.png 816w\" sizes=\"auto, (max-width: 1023px) 100vw, 1023px\" \/><\/figure>\n\n\n\n<p>MONTEVIDEO, 18 julio, 2022 (Xinhua) &#8212; Un gaucho y su hijo montan un caballo durante un acto para conmemorar el 192 aniversario de la Jura de la Constituci\u00f3n, en la plaza Constituci\u00f3n, en Montevideo, capital de Uruguay, el 18 de julio de 2022. El acto incluy\u00f3 un desfile c\u00edvico militar. (Xinhua\/Nicol\u00e1s Celaya)<\/p>\n","protected":false},"excerpt":{"rendered":"<p>spanish.news.cn|&nbsp;2022-07-19 04:53:26| Elementos del Ej\u00e9rcito uruguayo, participan durante un acto para conmemorar el 192 aniversario de la Jura de la Constituci\u00f3n, en la plaza Constituci\u00f3n, en Montevideo, capital de Uruguay, el 18 de julio de 2022. El acto incluy\u00f3 un desfile c\u00edvico militar. (Xinhua\/Nicol\u00e1s Celaya)&nbsp; MONTEVIDEO, 18 jul (Xinhua) &#8212; El presidente de Uruguay, Luis [&hellip;]<\/p>\n","protected":false},"author":28,"featured_media":369816,"comment_status":"closed","ping_status":"","sticky":false,"template":"","format":"standard","meta":{"footnotes":""},"categories":[26],"tags":[],"class_list":["post-369815","post","type-post","status-publish","format-standard","has-post-thumbnail","hentry","category-efemerides"],"_links":{"self":[{"href":"https:\/\/diariodominicano.com\/index.php?rest_route=\/wp\/v2\/posts\/369815","targetHints":{"allow":["GET"]}}],"collection":[{"href":"https:\/\/diariodominicano.com\/index.php?rest_route=\/wp\/v2\/posts"}],"about":[{"href":"https:\/\/diariodominicano.com\/index.php?rest_route=\/wp\/v2\/types\/post"}],"author":[{"embeddable":true,"href":"https:\/\/diariodominicano.com\/index.php?rest_route=\/wp\/v2\/users\/28"}],"replies":[{"embeddable":true,"href":"https:\/\/diariodominicano.com\/index.php?rest_route=%2Fwp%2Fv2%2Fcomments&post=369815"}],"version-history":[{"count":4,"href":"https:\/\/diariodominicano.com\/index.php?rest_route=\/wp\/v2\/posts\/369815\/revisions"}],"predecessor-version":[{"id":369825,"href":"https:\/\/diariodominicano.com\/index.php?rest_route=\/wp\/v2\/posts\/369815\/revisions\/369825"}],"wp:featuredmedia":[{"embeddable":true,"href":"https:\/\/diariodominicano.com\/index.php?rest_route=\/wp\/v2\/media\/369816"}],"wp:attachment":[{"href":"https:\/\/diariodominicano.com\/index.php?rest_route=%2Fwp%2Fv2%2Fmedia&parent=369815"}],"wp:term":[{"taxonomy":"category","embeddable":true,"href":"https:\/\/diariodominicano.com\/index.php?rest_route=%2Fwp%2Fv2%2Fcategories&post=369815"},{"taxonomy":"post_tag","embeddable":true,"href":"https:\/\/diariodominicano.com\/index.php?rest_route=%2Fwp%2Fv2%2Ftags&post=369815"}],"curies":[{"name":"wp","href":"https:\/\/api.w.org\/{rel}","templated":true}]}}