{"id":369791,"date":"2022-07-19T00:25:01","date_gmt":"2022-07-19T04:25:01","guid":{"rendered":"http:\/\/diariodominicano.com\/?p=369791"},"modified":"2022-07-19T00:25:01","modified_gmt":"2022-07-19T04:25:01","slug":"espana-pone-fin-al-mando-de-pedro-santana","status":"publish","type":"post","link":"https:\/\/diariodominicano.com\/?p=369791","title":{"rendered":"Espa\u00f1a pone fin al mando de Pedro Santana"},"content":{"rendered":"\n<p>\u00a0\u00a0 Por H\u00e9ctor Tineo Nolasco<\/p>\n\n\n\n<p>Diariodominicano.com<\/p>\n\n\n\n<p>SANTO DOMINGO, el\u00a0\u00a0 19 de julio de 1862, el general espa\u00f1ol Felipe Ribero Lemoine sustituy\u00f3 al general Pedro Santana, quien se desempe\u00f1aba como Capit\u00e1n General de Santo Domingo, como hab\u00eda sido declarado con la anexi\u00f3n provincia de Espa\u00f1a.<\/p>\n\n\n\n<p>&nbsp;&nbsp;&nbsp; Pedro Santana molesto con las autoridades espa\u00f1oles que poco a poco lo hab\u00edan dejado sin poder, renunci\u00f3&nbsp; a su cargo el 6 de enero de 1862. En ese momento puso aleg\u00f3 sufrir&nbsp; problemas de salud.<\/p>\n\n\n\n<p>&nbsp;&nbsp;&nbsp; Santana hab\u00eda hecho la proclama en virtud de la cual anex\u00f3 el pa\u00eds a Espa\u00f1a el d\u00eda 18 de marzo de 1861, como premio fue elevado a la categor\u00eda de&nbsp; Marqu\u00e9s de las Carreras, pero tan pronto comenz\u00f3 la nueva administraci\u00f3n inici\u00f3&nbsp; un plan para dejarlo sin&nbsp; poder.<\/p>\n\n\n\n<p>&nbsp;&nbsp;&nbsp; Muchos de los militares que segu\u00edan a&nbsp; Santana no fueron aceptados en el Ej\u00e9rcito Espa\u00f1ol, con lo que el ex Presidente dominicano qued\u00f3 sin poder.<\/p>\n\n\n\n<p>Espa\u00f1a design\u00f3 el 6 de agosto de 1861, una Junta Clasificadora, con la misi\u00f3n d estudiar las hojas de servicios de los militares santanistas, pero al final termin\u00f3 descalificando a la mayor\u00eda para ser aceptados en el Ej\u00e9rcito Espa\u00f1ol.<\/p>\n\n\n\n<p>&nbsp;&nbsp;&nbsp; La realidad disgust\u00f3 a Santana, y una versi\u00f3n de la \u00e9poca da cuenta de que la nueva situaci\u00f3n lo deprimi\u00f3 y fue el motivo de que presentara renuncia el 6 de enero de 1862, como Capit\u00e1n General de la Provincia de Santo Domingo.<\/p>\n\n\n\n<p>&nbsp;&nbsp;&nbsp; En su proclama del 18 de marzo de 1861, el general Pedro Santana justific\u00f3 la anexi\u00f3n a Espa\u00f1a y sostuvo:<\/p>\n\n\n\n<p>&nbsp;&nbsp; \u201cElla nos da la libertad natural y aleja para siempre la posibilidad de perderla; ella nos asegura&nbsp; nuestra propiedad, reconociendo v\u00e1lidos todos los actos de la Rep\u00fablica; ofrece atenci\u00f3n y premia al m\u00e9rito, y tendr\u00e1 presente los servicios prestados al pa\u00eds; ella en fin, trae la paz a este suelo tan combatido, y con la paz sus ben\u00e9ficas consecuencias<strong>\u201d. (sic)<\/strong><\/p>\n\n\n\n<p><strong>&nbsp;&nbsp;&nbsp; En opini\u00f3n de Pedro Santana:<\/strong><\/p>\n\n\n\n<p>&nbsp;&nbsp;&nbsp; \u201cLa Espa\u00f1a nos prot\u00e9g\u00e9, su pabell\u00f3n nos cubre, sus armas impondr\u00e1n a los extra\u00f1os; reconoce nuestras libertades, y juntos las defendemos, formando un solo pueblo, una sola familia, como siempre lo fuimos\u2026\u201d (sic)<\/p>\n\n\n\n<p>&nbsp;La nueva situaci\u00f3n acab\u00f3 con el poder militar y pol\u00edtico de Pedro Santana, ya que a partir del d\u00eda 19 de julio de 1862, con la toma de posesi\u00f3n del general Felipe Ribero Lemoine, los espa\u00f1oles pasaron a controlar todas las estructuras de poder.<\/p>\n\n\n\n<p>&nbsp;&nbsp; Una decisi\u00f3n importante fue la desarticulaci\u00f3n del estamento militar santanista, que lo colocaba en la posici\u00f3n de decidir los asuntos dominicanos.<\/p>\n","protected":false},"excerpt":{"rendered":"<p>\u00a0\u00a0 Por H\u00e9ctor Tineo Nolasco Diariodominicano.com SANTO DOMINGO, el\u00a0\u00a0 19 de julio de 1862, el general espa\u00f1ol Felipe Ribero Lemoine sustituy\u00f3 al general Pedro Santana, quien se desempe\u00f1aba como Capit\u00e1n General de Santo Domingo, como hab\u00eda sido declarado con la anexi\u00f3n provincia de Espa\u00f1a. &nbsp;&nbsp;&nbsp; Pedro Santana molesto con las autoridades espa\u00f1oles que poco a [&hellip;]<\/p>\n","protected":false},"author":28,"featured_media":274138,"comment_status":"closed","ping_status":"","sticky":true,"template":"","format":"standard","meta":{"footnotes":""},"categories":[26,27],"tags":[],"class_list":["post-369791","post","type-post","status-publish","format-standard","has-post-thumbnail","hentry","category-efemerides","category-portada"],"_links":{"self":[{"href":"https:\/\/diariodominicano.com\/index.php?rest_route=\/wp\/v2\/posts\/369791","targetHints":{"allow":["GET"]}}],"collection":[{"href":"https:\/\/diariodominicano.com\/index.php?rest_route=\/wp\/v2\/posts"}],"about":[{"href":"https:\/\/diariodominicano.com\/index.php?rest_route=\/wp\/v2\/types\/post"}],"author":[{"embeddable":true,"href":"https:\/\/diariodominicano.com\/index.php?rest_route=\/wp\/v2\/users\/28"}],"replies":[{"embeddable":true,"href":"https:\/\/diariodominicano.com\/index.php?rest_route=%2Fwp%2Fv2%2Fcomments&post=369791"}],"version-history":[{"count":1,"href":"https:\/\/diariodominicano.com\/index.php?rest_route=\/wp\/v2\/posts\/369791\/revisions"}],"predecessor-version":[{"id":369793,"href":"https:\/\/diariodominicano.com\/index.php?rest_route=\/wp\/v2\/posts\/369791\/revisions\/369793"}],"wp:featuredmedia":[{"embeddable":true,"href":"https:\/\/diariodominicano.com\/index.php?rest_route=\/wp\/v2\/media\/274138"}],"wp:attachment":[{"href":"https:\/\/diariodominicano.com\/index.php?rest_route=%2Fwp%2Fv2%2Fmedia&parent=369791"}],"wp:term":[{"taxonomy":"category","embeddable":true,"href":"https:\/\/diariodominicano.com\/index.php?rest_route=%2Fwp%2Fv2%2Fcategories&post=369791"},{"taxonomy":"post_tag","embeddable":true,"href":"https:\/\/diariodominicano.com\/index.php?rest_route=%2Fwp%2Fv2%2Ftags&post=369791"}],"curies":[{"name":"wp","href":"https:\/\/api.w.org\/{rel}","templated":true}]}}