{"id":369788,"date":"2022-07-19T00:20:57","date_gmt":"2022-07-19T04:20:57","guid":{"rendered":"http:\/\/diariodominicano.com\/?p=369788"},"modified":"2022-07-19T00:21:54","modified_gmt":"2022-07-19T04:21:54","slug":"proclaman-a-juan-pablo-duarte-presidente-de-la-republica-2","status":"publish","type":"post","link":"https:\/\/diariodominicano.com\/?p=369788","title":{"rendered":"Proclaman a Juan Pablo Duarte Presidente de la Rep\u00fablica"},"content":{"rendered":"\n<p>Juan Pablo Duarte<\/p>\n\n\n\n<figure class=\"wp-block-image size-full\"><img loading=\"lazy\" decoding=\"async\" width=\"300\" height=\"223\" src=\"https:\/\/diariodominicano.com\/wp-content\/uploads\/2022\/01\/mella000.jpg\" alt=\"\" class=\"wp-image-324382\"\/><figcaption>Mat\u00edas Ram\u00f3n Mella<\/figcaption><\/figure>\n\n\n\n<p>Mat\u00edas Ram\u00f3n Mella<\/p>\n\n\n\n<p>Por H\u00e9ctor Tineo Nolasco<\/p>\n\n\n\n<p>Diariodominicano.com<\/p>\n\n\n\n<p>SANTO DOMINGO, el 19 de julio de 1844, el pr\u00f3cer Mat\u00edas Ram\u00f3n Mella, Jefe del Departamento de Santiago y frontera del Noroeste, envi\u00f3 un informe a la Junta Central Gubernativa, en el que le comunic\u00f3 de manera oficial que Juan Pablo Duarte, hab\u00eda sido proclamado Presidente de la Rep\u00fablica por los pueblos del Cibao.<\/p>\n\n\n\n<figure class=\"wp-block-image size-full\"><img loading=\"lazy\" decoding=\"async\" width=\"370\" height=\"565\" src=\"https:\/\/diariodominicano.com\/wp-content\/uploads\/2022\/01\/sanchezarc0.jpg\" alt=\"\" class=\"wp-image-324381\" srcset=\"https:\/\/diariodominicano.com\/wp-content\/uploads\/2022\/01\/sanchezarc0.jpg 370w, https:\/\/diariodominicano.com\/wp-content\/uploads\/2022\/01\/sanchezarc0-196x300.jpg 196w\" sizes=\"auto, (max-width: 370px) 100vw, 370px\" \/><figcaption><strong>Francisco del Rosario S\u00e1nchez<\/strong><\/figcaption><\/figure>\n\n\n\n<p>&nbsp;&nbsp;&nbsp; En el&nbsp; momento que dirigi\u00f3 el documento&nbsp; a la Junta Central Gubernativa, Mella,&nbsp; ignoraba que en la Capital el general Pedro Santana hab\u00eda dado un golpe el d\u00eda 16 de julio que desaloj\u00f3 del primer organismo de Gobierno dominicano a los trinitarios que encabezaba Francisco del Rosario S\u00e1nchez.<\/p>\n\n\n\n<p>&nbsp;&nbsp;&nbsp; Los conservadores que presid\u00eda Tom\u00e1s Bobadilla, retomaron el control de la Junta Central Gubernativa, que era dirigida por los trinitarios desde el d\u00eda 9 de junio de 1844.<\/p>\n\n\n\n<p>&nbsp;&nbsp;&nbsp; La nueva Junta&nbsp; rechaz\u00f3 el documento de Mella,&nbsp; y el d\u00eda 24 de julio de 1844, dio a conocer un&nbsp; manifiesto&nbsp; en el que advirti\u00f3&nbsp; que \u201cno reconoce ni reconocer\u00e1 el nombramiento de Presidente en el General Duarte ni en ninguna otra&nbsp; persona,&nbsp; a menos que no sea hecho por el Congreso Constituyente\u201d.<\/p>\n\n\n\n<p>&nbsp;&nbsp;&nbsp; El d\u00eda&nbsp; 16 de julio de 1844, a las 3 de la tarde, el general Pedro Santana, consum\u00f3 el golpe contra los miembros de la Junta Central Gubernativa, que presid\u00eda el pr\u00f3cer Francisco del Rosario S\u00e1nchez.<\/p>\n\n\n\n<p>&nbsp;&nbsp;&nbsp; Al tomar la decisi\u00f3n, asumi\u00f3 la Presidencia del organismo de Gobierno y reintegr\u00f3 a los miembros que desalojaron los trinitarios el d\u00eda 9 de junio de 1844, cuando dieron un golpe y nombraron Presidente a Francisco del Rosario S\u00e1nchez.<\/p>\n\n\n\n<p>&nbsp;&nbsp;&nbsp; La toma de la Junta Central Gubernativa se produjo en un ambiente de tensi\u00f3n, ya que se manten\u00eda la resistencia de los trinitarios y Pedro Santana ten\u00eda la ciudad militarizada.<\/p>\n\n\n\n<p>El&nbsp; general&nbsp; Santana, jefe del Ej\u00e9rcito del Sur, entr\u00f3 con sus tropas a la ciudad de Santo Domingo, el 12 de julio de 1844.<\/p>\n\n\n\n<p>&nbsp; Con su llegada a la ciudad&nbsp; inici\u00f3 un plan para derrocar a la Junta Central Gubernativa que presid\u00eda el pr\u00f3cer Francisco del Rosario S\u00e1nchez.<\/p>\n\n\n\n<p>&nbsp;Pedro Santana logr\u00f3 su objetivo con el apoyo del c\u00f3nsul de Francia, Saint Denys.<\/p>\n\n\n\n<p>&nbsp;&nbsp;&nbsp;&nbsp;&nbsp; Francisco del Rosario S\u00e1nchez tambi\u00e9n se encontr\u00f3 con la dificultad de que el Comandante de Armas de la Plaza de Santo Domingo, general Jos\u00e9 Joaqu\u00edn Puello, se neg\u00f3 a enfrentar a Santana que hab\u00eda salido con su ej\u00e9rcito desde Azua para tomar a la Capital.<\/p>\n\n\n\n<p>&nbsp;&nbsp;&nbsp;&nbsp;&nbsp; Santana acus\u00f3 a la Junta Central Gubernativa de haberle negado el apoyo que necesitaba el ej\u00e9rcito cuando estaba en campa\u00f1a en Azua.<\/p>\n\n\n\n<p>&nbsp;&nbsp;&nbsp;&nbsp; El prop\u00f3sito de Santana era instalarse como Dictador, pero el c\u00f3nsul Saint Denys, lo convenci\u00f3 de que lo m\u00e1s conveniente era que sacara a los miembros de la Junta Central Gubernativa que encabezaba S\u00e1nchez y se reintegrara a los que integraban el organismo cuando lo presid\u00eda Tom\u00e1s Bobadilla y Briones.<\/p>\n\n\n\n<p>&nbsp;&nbsp;&nbsp;&nbsp;&nbsp;&nbsp; Saint Denys calific\u00f3 de ilegales a los miembros de la Junta que fueron escogidos con&nbsp; S\u00e1nchez.<\/p>\n\n\n\n<p>&nbsp;&nbsp;&nbsp;&nbsp; El golpe que llev\u00f3 a los trinitarios a controlar la Junta fue ejecutado el d\u00eda 9 de junio.&nbsp; Los trinitarios estimaban que Tom\u00e1s Bobadilla y los miembros de la Junta Central Gubernativa, Jos\u00e9 Mar\u00eda Caminero, Francisco Javier Abr\u00e9u y Francisco Ru\u00edz, eran culpables de conspirar contra la soberan\u00eda nacional al mantener negociaciones encaminadas a obtener la protecci\u00f3n de los franceses.<\/p>\n\n\n\n<p>&nbsp;&nbsp;&nbsp; Al consumarse el golpe de Estado contra la Junta Central&nbsp; Gubernativa, el pr\u00f3cer Francisco del Rosario S\u00e1nchez fue escogido Presidente en lugar de Tom\u00e1s Bobadilla.<\/p>\n\n\n\n<p>&nbsp; Como dem\u00e1s miembros de la Junta Central Gubernativa, fueron designados los trinitarios Pedro Alejandro Pina, Manuel Mar\u00eda Valverde y Juan Isidro P\u00e9rez.<\/p>\n","protected":false},"excerpt":{"rendered":"<p>Juan Pablo Duarte Mat\u00edas Ram\u00f3n Mella Por H\u00e9ctor Tineo Nolasco Diariodominicano.com SANTO DOMINGO, el 19 de julio de 1844, el pr\u00f3cer Mat\u00edas Ram\u00f3n Mella, Jefe del Departamento de Santiago y frontera del Noroeste, envi\u00f3 un informe a la Junta Central Gubernativa, en el que le comunic\u00f3 de manera oficial que Juan Pablo Duarte, hab\u00eda sido [&hellip;]<\/p>\n","protected":false},"author":28,"featured_media":369260,"comment_status":"closed","ping_status":"","sticky":true,"template":"","format":"standard","meta":{"footnotes":""},"categories":[26,27],"tags":[],"class_list":["post-369788","post","type-post","status-publish","format-standard","has-post-thumbnail","hentry","category-efemerides","category-portada"],"_links":{"self":[{"href":"https:\/\/diariodominicano.com\/index.php?rest_route=\/wp\/v2\/posts\/369788","targetHints":{"allow":["GET"]}}],"collection":[{"href":"https:\/\/diariodominicano.com\/index.php?rest_route=\/wp\/v2\/posts"}],"about":[{"href":"https:\/\/diariodominicano.com\/index.php?rest_route=\/wp\/v2\/types\/post"}],"author":[{"embeddable":true,"href":"https:\/\/diariodominicano.com\/index.php?rest_route=\/wp\/v2\/users\/28"}],"replies":[{"embeddable":true,"href":"https:\/\/diariodominicano.com\/index.php?rest_route=%2Fwp%2Fv2%2Fcomments&post=369788"}],"version-history":[{"count":2,"href":"https:\/\/diariodominicano.com\/index.php?rest_route=\/wp\/v2\/posts\/369788\/revisions"}],"predecessor-version":[{"id":369790,"href":"https:\/\/diariodominicano.com\/index.php?rest_route=\/wp\/v2\/posts\/369788\/revisions\/369790"}],"wp:featuredmedia":[{"embeddable":true,"href":"https:\/\/diariodominicano.com\/index.php?rest_route=\/wp\/v2\/media\/369260"}],"wp:attachment":[{"href":"https:\/\/diariodominicano.com\/index.php?rest_route=%2Fwp%2Fv2%2Fmedia&parent=369788"}],"wp:term":[{"taxonomy":"category","embeddable":true,"href":"https:\/\/diariodominicano.com\/index.php?rest_route=%2Fwp%2Fv2%2Fcategories&post=369788"},{"taxonomy":"post_tag","embeddable":true,"href":"https:\/\/diariodominicano.com\/index.php?rest_route=%2Fwp%2Fv2%2Ftags&post=369788"}],"curies":[{"name":"wp","href":"https:\/\/api.w.org\/{rel}","templated":true}]}}