{"id":369508,"date":"2022-07-18T00:21:47","date_gmt":"2022-07-18T04:21:47","guid":{"rendered":"http:\/\/diariodominicano.com\/?p=369508"},"modified":"2022-07-18T00:21:47","modified_gmt":"2022-07-18T04:21:47","slug":"el-espanol-lengua-oficial-en-republica-dominicana-5","status":"publish","type":"post","link":"https:\/\/diariodominicano.com\/?p=369508","title":{"rendered":"El espa\u00f1ol lengua oficial en Rep\u00fablica Dominicana"},"content":{"rendered":"\n<p>El presidente de la Rep\u00fablica Eladio Victoria<\/p>\n\n\n\n<p>&nbsp;&nbsp;&nbsp; SANTO DOMINGO, el&nbsp; 18 de julio de 1912, el Presidente Eladio Victoria promulg\u00f3 la ley que establece el idioma espa\u00f1ol como lengua oficial de Rep\u00fablica Dominicana.<\/p>\n\n\n\n<p>&nbsp;&nbsp; El proyecto fue convertido en ley luego de que lo sometiera al Congreso el licenciado Ram\u00f3n O. Lovat\u00f3n.<\/p>\n\n\n\n<p><\/p>\n","protected":false},"excerpt":{"rendered":"<p>El presidente de la Rep\u00fablica Eladio Victoria &nbsp;&nbsp;&nbsp; SANTO DOMINGO, el&nbsp; 18 de julio de 1912, el Presidente Eladio Victoria promulg\u00f3 la ley que establece el idioma espa\u00f1ol como lengua oficial de Rep\u00fablica Dominicana. &nbsp;&nbsp; El proyecto fue convertido en ley luego de que lo sometiera al Congreso el licenciado Ram\u00f3n O. Lovat\u00f3n.<\/p>\n","protected":false},"author":28,"featured_media":369509,"comment_status":"closed","ping_status":"","sticky":true,"template":"","format":"standard","meta":{"footnotes":""},"categories":[26,27],"tags":[],"class_list":["post-369508","post","type-post","status-publish","format-standard","has-post-thumbnail","hentry","category-efemerides","category-portada"],"_links":{"self":[{"href":"https:\/\/diariodominicano.com\/index.php?rest_route=\/wp\/v2\/posts\/369508","targetHints":{"allow":["GET"]}}],"collection":[{"href":"https:\/\/diariodominicano.com\/index.php?rest_route=\/wp\/v2\/posts"}],"about":[{"href":"https:\/\/diariodominicano.com\/index.php?rest_route=\/wp\/v2\/types\/post"}],"author":[{"embeddable":true,"href":"https:\/\/diariodominicano.com\/index.php?rest_route=\/wp\/v2\/users\/28"}],"replies":[{"embeddable":true,"href":"https:\/\/diariodominicano.com\/index.php?rest_route=%2Fwp%2Fv2%2Fcomments&post=369508"}],"version-history":[{"count":1,"href":"https:\/\/diariodominicano.com\/index.php?rest_route=\/wp\/v2\/posts\/369508\/revisions"}],"predecessor-version":[{"id":369510,"href":"https:\/\/diariodominicano.com\/index.php?rest_route=\/wp\/v2\/posts\/369508\/revisions\/369510"}],"wp:featuredmedia":[{"embeddable":true,"href":"https:\/\/diariodominicano.com\/index.php?rest_route=\/wp\/v2\/media\/369509"}],"wp:attachment":[{"href":"https:\/\/diariodominicano.com\/index.php?rest_route=%2Fwp%2Fv2%2Fmedia&parent=369508"}],"wp:term":[{"taxonomy":"category","embeddable":true,"href":"https:\/\/diariodominicano.com\/index.php?rest_route=%2Fwp%2Fv2%2Fcategories&post=369508"},{"taxonomy":"post_tag","embeddable":true,"href":"https:\/\/diariodominicano.com\/index.php?rest_route=%2Fwp%2Fv2%2Ftags&post=369508"}],"curies":[{"name":"wp","href":"https:\/\/api.w.org\/{rel}","templated":true}]}}