{"id":369499,"date":"2022-07-18T00:09:29","date_gmt":"2022-07-18T04:09:29","guid":{"rendered":"http:\/\/diariodominicano.com\/?p=369499"},"modified":"2022-07-18T00:10:43","modified_gmt":"2022-07-18T04:10:43","slug":"el-congreso-nacional-declara-a-pedro-santana-libertador-de-la-patria","status":"publish","type":"post","link":"https:\/\/diariodominicano.com\/?p=369499","title":{"rendered":"El Congreso Nacional declara a Pedro Santana \u201cLibertador de la Patria\u201d"},"content":{"rendered":"\n<p><strong>Manuel Jimenes<\/strong><\/p>\n\n\n\n<p>SANTO DOMINGO, el\u00a0 18 de julio de 1849, el Congreso Nacional\u00a0 otorg\u00f3 al\u00a0 general Pedro Santana el t\u00edtulo de\u00a0 \u201cLibertador de la Patria\u201d.<\/p>\n\n\n\n<figure class=\"wp-block-image size-large\"><img loading=\"lazy\" decoding=\"async\" width=\"1024\" height=\"526\" src=\"https:\/\/diariodominicano.com\/wp-content\/uploads\/2021\/04\/Pedro-Santana-11-1024x526.jpg\" alt=\"\" class=\"wp-image-274138\" srcset=\"https:\/\/diariodominicano.com\/wp-content\/uploads\/2021\/04\/Pedro-Santana-11-1024x526.jpg 1024w, https:\/\/diariodominicano.com\/wp-content\/uploads\/2021\/04\/Pedro-Santana-11-300x154.jpg 300w, https:\/\/diariodominicano.com\/wp-content\/uploads\/2021\/04\/Pedro-Santana-11-768x395.jpg 768w, https:\/\/diariodominicano.com\/wp-content\/uploads\/2021\/04\/Pedro-Santana-11-1536x789.jpg 1536w, https:\/\/diariodominicano.com\/wp-content\/uploads\/2021\/04\/Pedro-Santana-11-2048x1052.jpg 2048w, https:\/\/diariodominicano.com\/wp-content\/uploads\/2021\/04\/Pedro-Santana-11-816x419.jpg 816w\" sizes=\"auto, (max-width: 1024px) 100vw, 1024px\" \/><figcaption><strong>Pedro Santana<\/strong><\/figcaption><\/figure>\n\n\n\n<p>El Congreso tambi\u00e9n dispuso que el retrato del General Pedro Santana, fuera puesto en la sede de la Presidencia de la Rep\u00fablica, entre las fotograf\u00edas de Crist\u00f3bal Col\u00f3n y de Juan S\u00e1nchez Ram\u00edrez.<\/p>\n\n\n\n<p>&nbsp;&nbsp;&nbsp; El general Pedro Santana tom\u00f3 el control del Poder Ejecutivo el 30 de mayo de 1949, cuando entr\u00f3 a la ciudad de Santo Domingo con su Ej\u00e9rcito expedicionario.<\/p>\n\n\n\n<p>&nbsp;&nbsp; Ese d\u00eda Santana proclam\u00f3 que tom\u00f3 el poder&nbsp; \u201cpor mandatos de los pueblos y el Ej\u00e9rcito\u201d.<\/p>\n\n\n\n<p>&nbsp;&nbsp; Adem\u00e1s, convoc\u00f3 a elecciones para el 5 de julio de&nbsp; 1849.<\/p>\n\n\n\n<p>\u00a0\u00a0\u00a0\u00a0<strong> El 29 de mayo de 1849, el Presidente Manuel Jimenes, quien enfrentaba una insubordinaci\u00f3n del general Pedro Santana, present\u00f3 renuncia al conocer la informaci\u00f3n de que el jefe militar ten\u00eda el control de la ciudad \u00a0Santo Domingo.<\/strong><\/p>\n\n\n\n<p>&nbsp;&nbsp;&nbsp;&nbsp; Para tratar de impedir los planes del general Pedro Santana, el Presidente Manuel Jimenes declar\u00f3 el 17 de mayo de 1849, estado de sitio en Rep\u00fablica Dominicana.<\/p>\n\n\n\n<p>&nbsp;&nbsp;&nbsp; La crisis que dio origen al decreto que declar\u00f3 el estado de sitio, se inici\u00f3&nbsp; cuando el Presidente Manuel Jimenes destituy\u00f3 al general Pedro Santana, del mando del Ej\u00e9rcito y el oficial se declar\u00f3 en rebeld\u00eda&nbsp; al recibir el apoyo del Congreso Nacional.<\/p>\n\n\n\n<p>&nbsp;&nbsp; El&nbsp; Congreso apoy\u00f3 que el general Pedro Santana siguiera su marcha desde el Sur hasta Santo Domingo para derrocar al Gobierno de Manuel Jimenes.<\/p>\n\n\n\n<p>&nbsp;&nbsp; El&nbsp; 17 de Mayo de 1849, la ciudad de Santo Domingo, fue declarada en estado de sitio. Los bandos que representaban el Presidente Manuel Jimenes y el General Pedro Santana, se fueron a una guerra civil que tuvo como consecuencia el incendio del poblado de San Carlos.<\/p>\n\n\n\n<p>&nbsp;&nbsp;&nbsp;&nbsp; La guerra civil&nbsp; acab\u00f3 con el Gobierno del Presidente Manuel Jimenes.<\/p>\n\n\n\n<p>&nbsp;&nbsp;&nbsp; El descr\u00e9dito pol\u00edtico oblig\u00f3 al Presidente de la Rep\u00fablica a&nbsp; aceptar la mediaci\u00f3n&nbsp; propuesta por los c\u00f3nsules de Francia, Inglaterra y Estados Unidos.&nbsp; En esa circunstancia Manuel Jimenes, asumi\u00f3 el compromiso de dejar el poder&nbsp; el 29 de Mayo de 1849.<\/p>\n\n\n\n<p>&nbsp;&nbsp;&nbsp; El renunciante Presidente Manuel Jimenes se fue al exilio. El 30 de mayo de 1849, Pedro Santana tom\u00f3 el control del Poder Ejecutivo, y convoc\u00f3 a elecciones para el 5 de julio de 1849.<\/p>\n","protected":false},"excerpt":{"rendered":"<p>Manuel Jimenes SANTO DOMINGO, el\u00a0 18 de julio de 1849, el Congreso Nacional\u00a0 otorg\u00f3 al\u00a0 general Pedro Santana el t\u00edtulo de\u00a0 \u201cLibertador de la Patria\u201d. El Congreso tambi\u00e9n dispuso que el retrato del General Pedro Santana, fuera puesto en la sede de la Presidencia de la Rep\u00fablica, entre las fotograf\u00edas de Crist\u00f3bal Col\u00f3n y de [&hellip;]<\/p>\n","protected":false},"author":28,"featured_media":276344,"comment_status":"closed","ping_status":"","sticky":true,"template":"","format":"standard","meta":{"footnotes":""},"categories":[26,27],"tags":[],"class_list":["post-369499","post","type-post","status-publish","format-standard","has-post-thumbnail","hentry","category-efemerides","category-portada"],"_links":{"self":[{"href":"https:\/\/diariodominicano.com\/index.php?rest_route=\/wp\/v2\/posts\/369499","targetHints":{"allow":["GET"]}}],"collection":[{"href":"https:\/\/diariodominicano.com\/index.php?rest_route=\/wp\/v2\/posts"}],"about":[{"href":"https:\/\/diariodominicano.com\/index.php?rest_route=\/wp\/v2\/types\/post"}],"author":[{"embeddable":true,"href":"https:\/\/diariodominicano.com\/index.php?rest_route=\/wp\/v2\/users\/28"}],"replies":[{"embeddable":true,"href":"https:\/\/diariodominicano.com\/index.php?rest_route=%2Fwp%2Fv2%2Fcomments&post=369499"}],"version-history":[{"count":4,"href":"https:\/\/diariodominicano.com\/index.php?rest_route=\/wp\/v2\/posts\/369499\/revisions"}],"predecessor-version":[{"id":369503,"href":"https:\/\/diariodominicano.com\/index.php?rest_route=\/wp\/v2\/posts\/369499\/revisions\/369503"}],"wp:featuredmedia":[{"embeddable":true,"href":"https:\/\/diariodominicano.com\/index.php?rest_route=\/wp\/v2\/media\/276344"}],"wp:attachment":[{"href":"https:\/\/diariodominicano.com\/index.php?rest_route=%2Fwp%2Fv2%2Fmedia&parent=369499"}],"wp:term":[{"taxonomy":"category","embeddable":true,"href":"https:\/\/diariodominicano.com\/index.php?rest_route=%2Fwp%2Fv2%2Fcategories&post=369499"},{"taxonomy":"post_tag","embeddable":true,"href":"https:\/\/diariodominicano.com\/index.php?rest_route=%2Fwp%2Fv2%2Ftags&post=369499"}],"curies":[{"name":"wp","href":"https:\/\/api.w.org\/{rel}","templated":true}]}}