{"id":369497,"date":"2022-07-18T00:06:02","date_gmt":"2022-07-18T04:06:02","guid":{"rendered":"http:\/\/diariodominicano.com\/?p=369497"},"modified":"2022-07-18T00:06:02","modified_gmt":"2022-07-18T04:06:02","slug":"el-gobierno-de-haiti-intensifica-represion-contra-los-amigos-de-juan-pablo-duarte","status":"publish","type":"post","link":"https:\/\/diariodominicano.com\/?p=369497","title":{"rendered":"El Gobierno de Hait\u00ed intensifica represi\u00f3n contra los amigos de Juan Pablo Duarte"},"content":{"rendered":"\n<p><strong>Por H\u00e9ctor Tineo Nolasco<\/strong><\/p>\n\n\n\n<p><strong>Diariodominicano.com<\/strong><\/p>\n\n\n\n<p>SANTO DOMINGO, RD, el 18 de julio de 1843, el Gobierno de Hait\u00ed intensific\u00f3 la persecuci\u00f3n contra los trinitarios y al no localizar a Juan Pablo Duarte, persigui\u00f3 con sa\u00f1a a sus amigos.<\/p>\n\n\n\n<p>&nbsp;&nbsp;&nbsp; <strong>Rosa Duarte, en \u201cApuntes para la historia de Santo Domingo\u201d, anota que \u201clas c\u00e1rceles se llenaban de patriotas; las prisiones no se hac\u00edan s\u00f3lo en Santo Domingo; en los dem\u00e1s pueblos se hac\u00eda la misma persecuci\u00f3n\u201d.<\/strong> <strong>(sic<\/strong>)<\/p>\n\n\n\n<p>&nbsp;&nbsp;&nbsp; Apunta que la ciudad de Santo Domingo, era presa de la mayor consternaci\u00f3n.<\/p>\n\n\n\n<p>&nbsp;&nbsp;&nbsp; Juan Pablo Duarte y sus compa\u00f1eros eran perseguidos por el Gobierno haitiano porque ten\u00eda la informaci\u00f3n de que los trinitarios luchaban para separarse de Hait\u00ed y fundar Rep\u00fablica Dominicana, una naci\u00f3n libre y soberana.<\/p>\n\n\n\n<p>&nbsp; Los haitianos ocuparon la parte Este de la isla de Santo Domingo (Rep\u00fablica Dominicana)&nbsp; en el a\u00f1o 1822.<\/p>\n\n\n\n<p>&nbsp;&nbsp;&nbsp; El movimiento represivo no pudo detener la lucha. El 27 de febrero de 1844, los trinitarios proclamaron la Rep\u00fablica Dominicana.<\/p>\n","protected":false},"excerpt":{"rendered":"<p>Por H\u00e9ctor Tineo Nolasco Diariodominicano.com SANTO DOMINGO, RD, el 18 de julio de 1843, el Gobierno de Hait\u00ed intensific\u00f3 la persecuci\u00f3n contra los trinitarios y al no localizar a Juan Pablo Duarte, persigui\u00f3 con sa\u00f1a a sus amigos. &nbsp;&nbsp;&nbsp; Rosa Duarte, en \u201cApuntes para la historia de Santo Domingo\u201d, anota que \u201clas c\u00e1rceles se llenaban [&hellip;]<\/p>\n","protected":false},"author":28,"featured_media":303807,"comment_status":"closed","ping_status":"","sticky":true,"template":"","format":"standard","meta":{"footnotes":""},"categories":[26,27],"tags":[],"class_list":["post-369497","post","type-post","status-publish","format-standard","has-post-thumbnail","hentry","category-efemerides","category-portada"],"_links":{"self":[{"href":"https:\/\/diariodominicano.com\/index.php?rest_route=\/wp\/v2\/posts\/369497","targetHints":{"allow":["GET"]}}],"collection":[{"href":"https:\/\/diariodominicano.com\/index.php?rest_route=\/wp\/v2\/posts"}],"about":[{"href":"https:\/\/diariodominicano.com\/index.php?rest_route=\/wp\/v2\/types\/post"}],"author":[{"embeddable":true,"href":"https:\/\/diariodominicano.com\/index.php?rest_route=\/wp\/v2\/users\/28"}],"replies":[{"embeddable":true,"href":"https:\/\/diariodominicano.com\/index.php?rest_route=%2Fwp%2Fv2%2Fcomments&post=369497"}],"version-history":[{"count":1,"href":"https:\/\/diariodominicano.com\/index.php?rest_route=\/wp\/v2\/posts\/369497\/revisions"}],"predecessor-version":[{"id":369498,"href":"https:\/\/diariodominicano.com\/index.php?rest_route=\/wp\/v2\/posts\/369497\/revisions\/369498"}],"wp:featuredmedia":[{"embeddable":true,"href":"https:\/\/diariodominicano.com\/index.php?rest_route=\/wp\/v2\/media\/303807"}],"wp:attachment":[{"href":"https:\/\/diariodominicano.com\/index.php?rest_route=%2Fwp%2Fv2%2Fmedia&parent=369497"}],"wp:term":[{"taxonomy":"category","embeddable":true,"href":"https:\/\/diariodominicano.com\/index.php?rest_route=%2Fwp%2Fv2%2Fcategories&post=369497"},{"taxonomy":"post_tag","embeddable":true,"href":"https:\/\/diariodominicano.com\/index.php?rest_route=%2Fwp%2Fv2%2Ftags&post=369497"}],"curies":[{"name":"wp","href":"https:\/\/api.w.org\/{rel}","templated":true}]}}