{"id":369259,"date":"2022-07-16T23:09:08","date_gmt":"2022-07-17T03:09:08","guid":{"rendered":"http:\/\/diariodominicano.com\/?p=369259"},"modified":"2022-07-17T02:36:35","modified_gmt":"2022-07-17T06:36:35","slug":"gobierno-de-haiti-intenta-impedir-movimiento-de-los-trinitarios-2","status":"publish","type":"post","link":"https:\/\/diariodominicano.com\/?p=369259","title":{"rendered":"Gobierno de Hait\u00ed pretende impedir movimiento de los trinitarios"},"content":{"rendered":"\n<p><strong>Por H\u00e9ctor Tineo Nolasco<\/strong><\/p>\n\n\n\n<p><strong>Diariodominicano.com<\/strong><\/p>\n\n\n\n<p>SANTO DOMINGO, el 17 de julio de 1843, el Gobierno de Hait\u00ed mantuvo la persecuci\u00f3n contra los trinitarios. Juan Pablo Duarte y varios de sus seguidores se mantuvieron escondidos en casas de amigos, para evitar ser detenidos.<\/p>\n\n\n\n<p>Militares de Hait\u00ed, se manten\u00edan en servicio y en varias ocasiones indagaron si estaban en sus residencias, pero Juan Pablo Duarte y sus compa\u00f1eros trinitarios se manten\u00edan escondidos en viviendas de familias amigas.<\/p>\n\n\n\n<p>&nbsp;&nbsp;&nbsp; El d\u00eda 17 de julio de 1843, Juan Pablo Duarte se refugi\u00f3 en la residencia de Eusebio Puello, a donde lleg\u00f3 en compa\u00f1\u00eda de su amigo Teodoro Ariza, quien lo hab\u00eda ido a buscar a la casa de Eusebio Puello en compa\u00f1\u00eda de Juan Isidro P\u00e9rez.<\/p>\n\n\n\n<figure class=\"wp-block-image size-large\"><img loading=\"lazy\" decoding=\"async\" width=\"1024\" height=\"526\" src=\"https:\/\/diariodominicano.com\/wp-content\/uploads\/2021\/10\/Rosa-Duarte-1024x526.jpg\" alt=\"\" class=\"wp-image-303807\" srcset=\"https:\/\/diariodominicano.com\/wp-content\/uploads\/2021\/10\/Rosa-Duarte-1024x526.jpg 1024w, https:\/\/diariodominicano.com\/wp-content\/uploads\/2021\/10\/Rosa-Duarte-300x154.jpg 300w, https:\/\/diariodominicano.com\/wp-content\/uploads\/2021\/10\/Rosa-Duarte-768x395.jpg 768w, https:\/\/diariodominicano.com\/wp-content\/uploads\/2021\/10\/Rosa-Duarte-1536x789.jpg 1536w, https:\/\/diariodominicano.com\/wp-content\/uploads\/2021\/10\/Rosa-Duarte-2048x1052.jpg 2048w, https:\/\/diariodominicano.com\/wp-content\/uploads\/2021\/10\/Rosa-Duarte-816x419.jpg 816w\" sizes=\"auto, (max-width: 1024px) 100vw, 1024px\" \/><figcaption>Rosa Duarte<\/figcaption><\/figure>\n\n\n\n<p>&nbsp;&nbsp;&nbsp; Rosa Duarte en \u201cApuntes para la Historia de la Isla de Santo Domingo\u201d, anota que los d\u00edas que el patricio pas\u00f3 all\u00ed no fueron tan amargos, \u201cpues aunque sus padres y su familia ignoraban que el estuviese all\u00ed, \u00e9l gozaba en algunos ratos contempl\u00e1ndoles y su vista mitigaba el pesar de su azarosa situaci\u00f3n\u201d.<\/p>\n\n\n\n<p>El 16 de julio, Juan Pablo Duarte, se refugi\u00f3 en la casa del ciudadano Jaime Yepes. Y el 17 de julio de 1843, Juan Isidro P\u00e9rez, se mantuvo oculto en la residencia de la familia Arriaga. Pedro Alejandrino Pina estaba escondido en su casa y Francisco del Rosario S\u00e1nchez, se encontraba en la residencia de una t\u00eda.<\/p>\n\n\n\n<figure class=\"wp-block-image size-full\"><img loading=\"lazy\" decoding=\"async\" width=\"370\" height=\"565\" src=\"https:\/\/diariodominicano.com\/wp-content\/uploads\/2022\/01\/sanchezarc0.jpg\" alt=\"\" class=\"wp-image-324381\" srcset=\"https:\/\/diariodominicano.com\/wp-content\/uploads\/2022\/01\/sanchezarc0.jpg 370w, https:\/\/diariodominicano.com\/wp-content\/uploads\/2022\/01\/sanchezarc0-196x300.jpg 196w\" sizes=\"auto, (max-width: 370px) 100vw, 370px\" \/><figcaption><strong>Francisco del Rosario S\u00e1nchez.<\/strong><\/figcaption><\/figure>\n\n\n\n<figure class=\"wp-block-image size-large\"><img loading=\"lazy\" decoding=\"async\" width=\"1024\" height=\"526\" src=\"https:\/\/diariodominicano.com\/wp-content\/uploads\/2021\/07\/Juan-Isidro-Perez-enfrenta-a-Santana-1024x526.jpg\" alt=\"\" class=\"wp-image-286996\" srcset=\"https:\/\/diariodominicano.com\/wp-content\/uploads\/2021\/07\/Juan-Isidro-Perez-enfrenta-a-Santana-1024x526.jpg 1024w, https:\/\/diariodominicano.com\/wp-content\/uploads\/2021\/07\/Juan-Isidro-Perez-enfrenta-a-Santana-300x154.jpg 300w, https:\/\/diariodominicano.com\/wp-content\/uploads\/2021\/07\/Juan-Isidro-Perez-enfrenta-a-Santana-768x395.jpg 768w, https:\/\/diariodominicano.com\/wp-content\/uploads\/2021\/07\/Juan-Isidro-Perez-enfrenta-a-Santana-1536x789.jpg 1536w, https:\/\/diariodominicano.com\/wp-content\/uploads\/2021\/07\/Juan-Isidro-Perez-enfrenta-a-Santana-2048x1052.jpg 2048w, https:\/\/diariodominicano.com\/wp-content\/uploads\/2021\/07\/Juan-Isidro-Perez-enfrenta-a-Santana-816x419.jpg 816w\" sizes=\"auto, (max-width: 1024px) 100vw, 1024px\" \/><figcaption><strong>Juan Isidro P\u00e9rez<\/strong><\/figcaption><\/figure>\n\n\n\n<p>&nbsp;&nbsp; Rosa Duarte destaca que desde el d\u00eda 14 de julio de 1843, el comandante haitiano Rivier, enviaba tres oficiales a las casas de Juan Pablo Duarte, Pedro Alejandrino Pina, Francisco del Rosario S\u00e1nchez y Juan Isidro P\u00e9rez, para que preguntaran a sus familias si se encontraban en sus domicilios.<\/p>\n\n\n\n<p>&nbsp;&nbsp; Rosa Duarte entiende que las visitas ten\u00edan el prop\u00f3sito de atormentar a las familias de los trinitarios.<\/p>\n\n\n\n<p>&nbsp;&nbsp; Duarte y sus compa\u00f1eros eran perseguidos porque el Gobierno haitiano descubri\u00f3 el plan que ten\u00edan para separar al pueblo dominicano de los haitianos y crear una Rep\u00fablica libre y soberana.<\/p>\n\n\n\n<p>&nbsp;&nbsp;&nbsp; El proyecto independentista naci\u00f3 el 16 de julio de 1838, cuando Juan Pablo Duarte, fund\u00f3 la Sociedad Secreta La Trinitaria,&nbsp; junto a Juan Isidro P\u00e9rez, Pedro Alejandrino Pina, F\u00e9lix Mar\u00eda Ruiz, Benito Gonz\u00e1lez, Juan Nepomuceno Ravelo, Felipe Alfau, Jos\u00e9 Mar\u00eda Serra y Jacinto de la Concha.<\/p>\n\n\n\n<p>&nbsp;&nbsp;&nbsp; Para evadir la persecuci\u00f3n haitiana Duarte y varios de sus compa\u00f1eros tuvieron que salir de ciudad Santo Domingo, y se refugiaron en Curazao.<\/p>\n\n\n\n<p>&nbsp;&nbsp; <strong>La salida de Duarte y Juan Isidro P\u00e9rez se produjo el 2 de agosto de 1843.<\/strong><\/p>\n\n\n\n<p>&nbsp;&nbsp;&nbsp; Asumieron el compromiso de luchar en la clandestinidad y propagar las doctrinas separatistas y mantener siempre encendido el fuego del patriotismo.<\/p>\n\n\n\n<p>&nbsp;&nbsp; Se comprometieron a cooperar con su persona, vida y bienes a la separaci\u00f3n definitiva del Gobierno haitiano y a implantar una Rep\u00fablica libre, soberana e independiente de toda dominaci\u00f3n extranjera, que se denominar\u00e1 Rep\u00fablica Dominicana; la cual tendr\u00e1 su pabell\u00f3n tricolor en cuartos encarnados y azules, atravesados con una cruz blanca.<\/p>\n\n\n\n<p>&nbsp;&nbsp;&nbsp; En el juramento acordaron&nbsp; ser reconocidos&nbsp; como \u201clos Trinitarios con las palabras sacramentales: Dios, Patria y Libertad\u2026\u201d.<\/p>\n\n\n\n<p>&nbsp;&nbsp;&nbsp; <strong>Los Trinitarios nombraron a Juan Pablo Duarte, General en Jefe de los Ej\u00e9rcitos de la Rep\u00fablica y Director General de la Revoluci\u00f3n.<\/strong> El 16 de julio de 1838, comenz\u00f3 una lucha que a pesar de las dificultades y la represi\u00f3n del Gobierno haitiano no se detendr\u00eda hasta proclamar la Rep\u00fablica Dominicana el 27 de febrero de 1844, con el trabucazo del pr\u00f3cer Mat\u00edas Ram\u00f3n Mella.<\/p>\n\n\n\n<p>&nbsp;La organizaci\u00f3n pol\u00edtica fue bautizada con el nombre de La Trinitaria, porque se fund\u00f3 con nueve miembros que deb\u00edan formar una base triple de tres miembros cada una.<\/p>\n\n\n\n<figure class=\"wp-block-image size-full\"><img loading=\"lazy\" decoding=\"async\" width=\"144\" height=\"188\" src=\"https:\/\/diariodominicano.com\/wp-content\/uploads\/2022\/07\/Jose-Maria-Serra.jpg.jpg\" alt=\"\" class=\"wp-image-369266\"\/><figcaption><strong>Jos\u00e9 Mar\u00eda Serra<\/strong><\/figcaption><\/figure>\n\n\n\n<p>&nbsp;&nbsp;&nbsp; El trinitario Jos\u00e9 Mar\u00eda Serra registra en sus apuntes, que el grupo ten\u00eda un toque de comunicaci\u00f3n que significaba \u201cconfianza, sospecha, afirmaci\u00f3n, y negaci\u00f3n, de modo que al llamar trinitario \u00e1 otro que estaba en su cama, ya \u00e9ste sab\u00eda&nbsp; por el n\u00famero y manera de los toques, si deb\u00eda o no responder, si corr\u00eda \u00f3 no peligro\u201d. (sic)<\/p>\n\n\n\n<p>&nbsp;&nbsp;&nbsp;&nbsp; Con el decurso del tiempo la Trinitaria fue creciendo hasta convertirse en la fuerza pol\u00edtica que permiti\u00f3 crear el Estado dominicano.<\/p>\n\n\n\n<p>&nbsp;&nbsp;&nbsp;&nbsp; Es un ejemplo de la capacidad de organizaci\u00f3n y direcci\u00f3n de Duarte, quien cifraba su fe en un r\u00e9gimen democr\u00e1tico y defensor de la patria. \u201cPor desesperada que sea la causa de&nbsp; la patria siempre ser\u00e1 la causa del honor\u201d.<\/p>\n","protected":false},"excerpt":{"rendered":"<p>Por H\u00e9ctor Tineo Nolasco Diariodominicano.com SANTO DOMINGO, el 17 de julio de 1843, el Gobierno de Hait\u00ed mantuvo la persecuci\u00f3n contra los trinitarios. Juan Pablo Duarte y varios de sus seguidores se mantuvieron escondidos en casas de amigos, para evitar ser detenidos. Militares de Hait\u00ed, se manten\u00edan en servicio y en varias ocasiones indagaron si [&hellip;]<\/p>\n","protected":false},"author":28,"featured_media":327185,"comment_status":"closed","ping_status":"","sticky":true,"template":"","format":"standard","meta":{"footnotes":""},"categories":[26,27],"tags":[],"class_list":["post-369259","post","type-post","status-publish","format-standard","has-post-thumbnail","hentry","category-efemerides","category-portada"],"_links":{"self":[{"href":"https:\/\/diariodominicano.com\/index.php?rest_route=\/wp\/v2\/posts\/369259","targetHints":{"allow":["GET"]}}],"collection":[{"href":"https:\/\/diariodominicano.com\/index.php?rest_route=\/wp\/v2\/posts"}],"about":[{"href":"https:\/\/diariodominicano.com\/index.php?rest_route=\/wp\/v2\/types\/post"}],"author":[{"embeddable":true,"href":"https:\/\/diariodominicano.com\/index.php?rest_route=\/wp\/v2\/users\/28"}],"replies":[{"embeddable":true,"href":"https:\/\/diariodominicano.com\/index.php?rest_route=%2Fwp%2Fv2%2Fcomments&post=369259"}],"version-history":[{"count":6,"href":"https:\/\/diariodominicano.com\/index.php?rest_route=\/wp\/v2\/posts\/369259\/revisions"}],"predecessor-version":[{"id":369270,"href":"https:\/\/diariodominicano.com\/index.php?rest_route=\/wp\/v2\/posts\/369259\/revisions\/369270"}],"wp:featuredmedia":[{"embeddable":true,"href":"https:\/\/diariodominicano.com\/index.php?rest_route=\/wp\/v2\/media\/327185"}],"wp:attachment":[{"href":"https:\/\/diariodominicano.com\/index.php?rest_route=%2Fwp%2Fv2%2Fmedia&parent=369259"}],"wp:term":[{"taxonomy":"category","embeddable":true,"href":"https:\/\/diariodominicano.com\/index.php?rest_route=%2Fwp%2Fv2%2Fcategories&post=369259"},{"taxonomy":"post_tag","embeddable":true,"href":"https:\/\/diariodominicano.com\/index.php?rest_route=%2Fwp%2Fv2%2Ftags&post=369259"}],"curies":[{"name":"wp","href":"https:\/\/api.w.org\/{rel}","templated":true}]}}