{"id":369207,"date":"2022-07-16T18:43:22","date_gmt":"2022-07-16T22:43:22","guid":{"rendered":"http:\/\/diariodominicano.com\/?p=369207"},"modified":"2022-07-16T18:45:22","modified_gmt":"2022-07-16T22:45:22","slug":"instituto-duartiano-pide-agilizar-construccion-del-muro-fronterizo","status":"publish","type":"post","link":"https:\/\/diariodominicano.com\/?p=369207","title":{"rendered":"Instituto Duartiano pide agilizar construcci\u00f3n del muro fronterizo"},"content":{"rendered":"\n<p>El presidente Instituto Duartiano, Wilson G\u00f3mez, se dirige a los presentes.<\/p>\n\n\n\n<p><strong>Santo Domingo, RD.- <\/strong>El presidente del Instituto Duartiano, Wilson G\u00f3mez Ram\u00edrez, reiter\u00f3 hoy la solicitud al gobierno para que se trabaje con mayor intensidad en la edificaci\u00f3n del muro porque se est\u00e1 avanzando sin el sentido de urgencia que hay que ponerle a esa obra de tanta trascendencia e importancia para controlar el tr\u00e1fico ilegal de personas, mercanc\u00edas, armas, sustancias controladas, entre otras.<\/p>\n\n\n\n<p>G\u00f3mez Ram\u00edrez pronunci\u00f3 este s\u00e1bado las palabras centrales del \u201cDesayuno por la Patria\u201d, que marc\u00f3 el inicio de las actividades que se llevan a cabo este s\u00e1bado en conmemoraci\u00f3n del &nbsp;184 aniversario de la fundaci\u00f3n de la Sociedad Secreta La Trinitaria, que durante la cual fueron reconocidos &nbsp;Marino Vinicio Castillo, Milton Ray Guevara, presidente del Tribunal Constitucional; al Cuerpo de Bomberos del Distrito Nacional y el peri\u00f3dico List\u00edn Diario, con la asistencia de funcionarios y representantes del instituciones p\u00fablicas, c\u00edvicas y militares.<\/p>\n\n\n\n<p>El presidente del Instituto Duartiano asever\u00f3 que \u201cla pol\u00edtica de repatriaci\u00f3n tiene que encontrar la determinaci\u00f3n pol\u00edtica, reconocemos algunos esfuerzos de la Direcci\u00f3n General de Migraci\u00f3n, pero poco podr\u00e1 hacer este organismo si no recibe el respaldo que requiera la realidad presente, se requiere de personal y recursos para ponerse en condiciones de ejercer su autoridad, si no se otorga autoridad no se puede exigir responsabilidad. Mientras tanto, no existe control en el pa\u00eds de esta singular migraci\u00f3n\u201d.<\/p>\n\n\n\n<p>Sobre el tema de la formaci\u00f3n educativa reclam\u00f3 el cumplimiento del art\u00edculo 63.13 de la Constituci\u00f3n, y precis\u00f3 que \u201cen la escuela en los programas de estudios de formaci\u00f3n de nuestros ni\u00f1os y adolescentes hay que integrar la ense\u00f1anza de los valores, s\u00edmbolos patrios, la ense\u00f1anza de las leyes y los cap\u00edtulos hist\u00f3ricos que edifique la conciencia del estudiantado, solo as\u00ed podremos lograr una ciudadan\u00eda que auspicie la paz social\u201d.<\/p>\n\n\n\n<p>Termin\u00f3 su reflexi\u00f3n asegurando que \u201cel Instituto Duartiano, como entidad patri\u00f3tica responsable de difundir la vida, obra y ejemplo del padre de la patria y fundador de la Rep\u00fablica, intensificar\u00e1 sus esfuerzos junto a todo al pueblo, al lado de buenos dominicanos, y los supremos intereses de la naci\u00f3n, para que la comunidad internacional acuda a favor del infortunado pueblo haitiano, sometido con su indiferencia a sufrimientos indignos e inhumanos.<\/p>\n\n\n\n<figure class=\"wp-block-image size-large\"><img loading=\"lazy\" decoding=\"async\" width=\"1024\" height=\"683\" src=\"https:\/\/diariodominicano.com\/wp-content\/uploads\/2022\/07\/Duartiano-Vista-parcial-del-publico-que-asistio-al-Desayuno-por-la-Patria-16072022-1024x683.jpg\" alt=\"\" class=\"wp-image-369210\" srcset=\"https:\/\/diariodominicano.com\/wp-content\/uploads\/2022\/07\/Duartiano-Vista-parcial-del-publico-que-asistio-al-Desayuno-por-la-Patria-16072022-1024x683.jpg 1024w, https:\/\/diariodominicano.com\/wp-content\/uploads\/2022\/07\/Duartiano-Vista-parcial-del-publico-que-asistio-al-Desayuno-por-la-Patria-16072022-300x200.jpg 300w, https:\/\/diariodominicano.com\/wp-content\/uploads\/2022\/07\/Duartiano-Vista-parcial-del-publico-que-asistio-al-Desayuno-por-la-Patria-16072022-768x512.jpg 768w, https:\/\/diariodominicano.com\/wp-content\/uploads\/2022\/07\/Duartiano-Vista-parcial-del-publico-que-asistio-al-Desayuno-por-la-Patria-16072022-1536x1024.jpg 1536w, https:\/\/diariodominicano.com\/wp-content\/uploads\/2022\/07\/Duartiano-Vista-parcial-del-publico-que-asistio-al-Desayuno-por-la-Patria-16072022-2048x1365.jpg 2048w, https:\/\/diariodominicano.com\/wp-content\/uploads\/2022\/07\/Duartiano-Vista-parcial-del-publico-que-asistio-al-Desayuno-por-la-Patria-16072022-816x544.jpg 816w\" sizes=\"auto, (max-width: 1024px) 100vw, 1024px\" \/><figcaption>Vista parcial del p\u00fablico que asisti\u00f3 al Desayuno por la Patria.<\/figcaption><\/figure>\n\n\n\n<p><strong>Sobre el Instituto Duartiano<\/strong><\/p>\n\n\n\n<p>El Instituto Duartiano es un organismo de car\u00e1cter oficial y aut\u00f3nomo, fundado el 26 de enero de 1964, y la Ley n\u00famero 127-01, del 27 de julio de 2001, le otorg\u00f3 autonom\u00eda.<\/p>\n\n\n\n<p>Tiene como objetivo promover la historia, los ideales, los valores y el ejemplo del patricio Juan Pablo Duarte. Es la instituci\u00f3n responsable de la difusi\u00f3n de la vida y los ejemplos del Padre de la Patria, as\u00ed como la gloriosa historia de los dominicanos.<\/p>\n\n\n\n<p>Tiene la misi\u00f3n de llevar al pueblo dominicano la historia de Juan Pablo Duarte y tratar de que, por medio del conocimiento de sus ideales, laboriosidad, honestidad acrisolada, patriotismo, esp\u00edritu de servicio y vida ejemplar, exista un mejor ciudadano y una patria justa y feliz, como la so\u00f1\u00f3 el padre de la Patria.<\/p>\n","protected":false},"excerpt":{"rendered":"<p>El presidente Instituto Duartiano, Wilson G\u00f3mez, se dirige a los presentes. Santo Domingo, RD.- El presidente del Instituto Duartiano, Wilson G\u00f3mez Ram\u00edrez, reiter\u00f3 hoy la solicitud al gobierno para que se trabaje con mayor intensidad en la edificaci\u00f3n del muro porque se est\u00e1 avanzando sin el sentido de urgencia que hay que ponerle a esa [&hellip;]<\/p>\n","protected":false},"author":28,"featured_media":369208,"comment_status":"closed","ping_status":"","sticky":true,"template":"","format":"standard","meta":{"footnotes":""},"categories":[26,27],"tags":[],"class_list":["post-369207","post","type-post","status-publish","format-standard","has-post-thumbnail","hentry","category-efemerides","category-portada"],"_links":{"self":[{"href":"https:\/\/diariodominicano.com\/index.php?rest_route=\/wp\/v2\/posts\/369207","targetHints":{"allow":["GET"]}}],"collection":[{"href":"https:\/\/diariodominicano.com\/index.php?rest_route=\/wp\/v2\/posts"}],"about":[{"href":"https:\/\/diariodominicano.com\/index.php?rest_route=\/wp\/v2\/types\/post"}],"author":[{"embeddable":true,"href":"https:\/\/diariodominicano.com\/index.php?rest_route=\/wp\/v2\/users\/28"}],"replies":[{"embeddable":true,"href":"https:\/\/diariodominicano.com\/index.php?rest_route=%2Fwp%2Fv2%2Fcomments&post=369207"}],"version-history":[{"count":3,"href":"https:\/\/diariodominicano.com\/index.php?rest_route=\/wp\/v2\/posts\/369207\/revisions"}],"predecessor-version":[{"id":369212,"href":"https:\/\/diariodominicano.com\/index.php?rest_route=\/wp\/v2\/posts\/369207\/revisions\/369212"}],"wp:featuredmedia":[{"embeddable":true,"href":"https:\/\/diariodominicano.com\/index.php?rest_route=\/wp\/v2\/media\/369208"}],"wp:attachment":[{"href":"https:\/\/diariodominicano.com\/index.php?rest_route=%2Fwp%2Fv2%2Fmedia&parent=369207"}],"wp:term":[{"taxonomy":"category","embeddable":true,"href":"https:\/\/diariodominicano.com\/index.php?rest_route=%2Fwp%2Fv2%2Fcategories&post=369207"},{"taxonomy":"post_tag","embeddable":true,"href":"https:\/\/diariodominicano.com\/index.php?rest_route=%2Fwp%2Fv2%2Ftags&post=369207"}],"curies":[{"name":"wp","href":"https:\/\/api.w.org\/{rel}","templated":true}]}}